{"id":3447,"date":"2026-01-28T10:03:05","date_gmt":"2026-01-28T10:03:05","guid":{"rendered":"https:\/\/bihavadis.com\/?p=3447"},"modified":"2026-01-28T10:03:05","modified_gmt":"2026-01-28T10:03:05","slug":"makedon-kulesi-ziyarete-aciliyor","status":"publish","type":"post","link":"https:\/\/bihavadis.com\/index.php\/2026\/01\/28\/makedon-kulesi-ziyarete-aciliyor\/","title":{"rendered":"Makedon Kulesi Ziyarete A\u00e7\u0131l\u0131yor"},"content":{"rendered":"<p> Edirne&#8217;de Roma, Bizans ve Osmanl\u0131 d\u00f6nemlerinin izlerini ta\u015f\u0131yan ve restorasyonunda sona gelinen Makedon Kulesi&#8217;nin y\u0131l\u0131n ortas\u0131nda ziyarete a\u00e7\u0131lmas\u0131 planlan\u0131yor.<\/p>\n<p>Edirne \u0130l K\u00fclt\u00fcr ve Turizm M\u00fcd\u00fcr\u00fc Kemal Soyt\u00fcrk, AA muhabirine, Makedon Kulesi&#8217;nde K\u00fclt\u00fcr ve Turizm Bakanl\u0131\u011f\u0131nca 2021 y\u0131l\u0131nda ba\u015flat\u0131lan restorasyon \u00e7al\u0131\u015fmalar\u0131nda sona gelindi\u011fini s\u00f6yledi.<\/p>\n<p>Kule ve \u00e7evresinde y\u00fcr\u00fct\u00fclen restorasyonun Bakanl\u0131\u011f\u0131n kentteki en b\u00fcy\u00fck yat\u0131r\u0131mlar\u0131ndan biri oldu\u011funu belirten Soyt\u00fcrk, kulede Roma, Bizans ve Osmanl\u0131 d\u00f6nemlerine ait kitabelerin bulundu\u011funu anlatt\u0131.<\/p>\n<p>Soyt\u00fcrk, kulenin arka b\u00f6l\u00fcm\u00fcnde uzun s\u00fcredir arkeolojik \u00e7al\u0131\u015fmalar\u0131n s\u00fcrd\u00fc\u011f\u00fcn\u00fc, yap\u0131daki statik g\u00fc\u00e7lendirme \u00e7al\u0131\u015fmalar\u0131n\u0131n da tamamland\u0131\u011f\u0131n\u0131 bildirdi.<\/p>\n<p>Kulenin yerli ve yabanc\u0131 ziyaret\u00e7ilere a\u00e7\u0131lmas\u0131 amac\u0131yla y\u00fcr\u00fct\u00fclen \u00e7al\u0131\u015fmalar\u0131n bilim kurulu, dan\u0131\u015fma kurulu ve teknik ekiplerce titizlikle s\u00fcrd\u00fcr\u00fcld\u00fc\u011f\u00fcn\u00fc aktaran Soyt\u00fcrk, kulenin arkas\u0131ndaki arkeolojik alanda yap\u0131lan kaz\u0131larda \u015fapel ve m\u00fc\u015ftemilat\u0131, farkl\u0131 d\u00f6nemlere ait duvarlar, Ge\u00e7 Roma d\u00f6nemine ait seramik f\u0131r\u0131nlar\u0131 ile Osmanl\u0131 d\u00f6nemine ait buzhane ve su yollar\u0131 gibi \u00f6nemli buluntular\u0131n g\u00fcn y\u00fcz\u00fcne \u00e7\u0131kar\u0131ld\u0131\u011f\u0131n\u0131 kaydetti.<\/p>\n<p>Y\u0131l\u0131n ortas\u0131nda a\u00e7\u0131lmas\u0131 hedefleniyor<\/p>\n<p>Restorasyonda ikinci ve son etaba ge\u00e7ildi\u011fini belirten Soyt\u00fcrk, kulede panoramik asans\u00f6r, seyir teras\u0131 ve bilgilendirme alanlar\u0131n\u0131n yer alaca\u011f\u0131n\u0131 ifade etti.<\/p>\n<p>Ziyaret\u00e7ilerin asans\u00f6rle kulenin en \u00fcst noktas\u0131na \u00e7\u0131karak Edirne&#8217;yi panoramik olarak izleyebilece\u011fini anlatan Soyt\u00fcrk, \u015fu bilgileri verdi: <\/p>\n<p>&#8220;En \u00fcst b\u00f6l\u00fcmde seyir d\u00fcrb\u00fcn\u00fc ve H\u0131d\u0131rl\u0131k Tabya&#8217;ya kadar kentin d\u00f6rt bir yan\u0131n\u0131n g\u00f6r\u00fclebilece\u011fi bir seyir teras\u0131 bulunacak. Asans\u00f6rle yukar\u0131 \u00e7\u0131k\u0131p merdivenle a\u015fa\u011f\u0131 inen ziyaret\u00e7iler, Traklar d\u00f6neminden Cumhuriyet&#8217;e kadar Edirne&#8217;nin tarihsel s\u00fcrecini yans\u0131tan unsurlar\u0131 g\u00f6rme imkan\u0131 bulacak. Te\u015fhir ve tanzim \u00e7al\u0131\u015fmalar\u0131nda da sona yakla\u015f\u0131ld\u0131. Ziyaret\u00e7ileri kar\u015f\u0131lama alan\u0131 tamamlanmak \u00fczere. Hem kulenin i\u00e7inde hem de \u00e7evresinde yer alacak bilgi panolar\u0131yla ziyaret\u00e7iler yap\u0131lar hakk\u0131nda bilgi edinebilecek. \u015eehrimiz ve \u00fclkemiz i\u00e7in \u00e7ok de\u011ferli bir eser ortaya \u00e7\u0131k\u0131yor. Roma, Bizans ve Osmanl\u0131 izlerini ta\u015f\u0131yan Makedon Kulesi&#8217;ni 2026 y\u0131l\u0131n\u0131n ortas\u0131nda ziyaret\u00e7ilerimizle bulu\u015fturmay\u0131 hedefliyoruz.&#8221;<\/p>\n<p>Restorasyon kapsam\u0131nda yap\u0131lan \u00e7al\u0131\u015fmalar<\/p>\n<p>K\u00fclt\u00fcr ve Turizm Bakanl\u0131\u011f\u0131nca 2021 y\u0131l\u0131nda &#8220;Edirne Eski Saat Kulesi Restorasyonu Projesi&#8221;ne ba\u015fland\u0131.<\/p>\n<p>Kulede duvar ve zemin jeoradar \u00e7al\u0131\u015fmalar\u0131 ile moloz ta\u015f duvar bo\u015fluklar\u0131nda enjeksiyon malzemesiyle g\u00fc\u00e7lendirme uygulamas\u0131 yap\u0131ld\u0131.<\/p>\n<p>Arkeolojik alan ve kule ana yap\u0131s\u0131nda esere hasar veren ot, bitki ve odunsu k\u00f6kler temizlenerek kule ve arkeolojik alanda bulunan tu\u011fla, moloz ta\u015f y\u00fczeyleri ve derzlerdeki \u00e7imento har\u00e7 ve s\u0131valar temizlenerek yerine \u00f6zg\u00fcn derz ve har\u00e7 uyguland\u0131, ayr\u0131ca alanda tehlike arz eden elektrik hatlar\u0131 ile izinsiz ve ruhsats\u0131z eklentiler kald\u0131r\u0131ld\u0131.<\/p>\n<p>Arkeolojik alanda y\u00fcr\u00fct\u00fclen kaz\u0131 \u00e7al\u0131\u015fmalar\u0131 sonucu 10. y\u00fczy\u0131ldan kalma \u015fapele ait m\u00fc\u015ftemilat, Bizans seramik f\u0131r\u0131n\u0131, 1908&#8217;e tarihlenen Osmanl\u0131 buzhanesi, Osmanl\u0131 d\u00f6nemi altyap\u0131 sistemi ve ge\u00e7 Osmanl\u0131 d\u00f6nemi konut temellerinin kal\u0131nt\u0131lar\u0131 bulundu.<\/p>\n<p>?Makedon Kulesi<\/p>\n<p>Roma \u0130mparatorlu\u011fu&#8217;nda 117-138 y\u0131llar\u0131nda h\u00fck\u00fcm s\u00fcren Hadrianus taraf\u0131ndan yapt\u0131r\u0131lan ve eski Edirne&#8217;yi \u00e7evreleyen surlar\u0131n \u00fczerinde bulunan kulelerden bug\u00fcne ula\u015fabilen tek \u00f6rnek olan Makedon Kulesi, Edirne valilerinden Hac\u0131 \u0130zzet Pa\u015fa&#8217;n\u0131n \u00fcst\u00fcne yapt\u0131rd\u0131\u011f\u0131 ah\u015fap katlar ve koydurdu\u011fu saatler sonras\u0131nda (1867) &#8220;saat kulesi&#8221; olarak an\u0131lmaya ba\u015fland\u0131.<\/p>\n<p>Bir d\u00f6nem yang\u0131n g\u00f6zlem kulesi olarak da kullan\u0131ld\u0131. 1953&#8217;teki depremde b\u00fcy\u00fck hasar g\u00f6ren kulenin \u00fczerine yapt\u0131r\u0131lan katlar ve saat b\u00f6l\u00fcm\u00fc, \u015fehir esteti\u011fini bozdu\u011fu gerek\u00e7esiyle d\u00fczenlenen rapor sonucu dinamitlenerek y\u0131kt\u0131r\u0131ld\u0131.<\/p>\n<p>Kule, 1990&#8217;l\u0131 y\u0131llarda restore edildi. Edirne M\u00fczesi taraf\u0131ndan 2002 ve 2003 y\u0131llar\u0131nda kulenin \u00e7evresinde kaz\u0131lar ger\u00e7ekle\u015ftirildi.<\/p>\n","protected":false},"excerpt":{"rendered":"<p>Edirne&#8217;deki Makedon Kulesi restorasyon tamamlanmak \u00fczere, y\u0131l\u0131n ortas\u0131nda ziyarete a\u00e7\u0131lacak.<\/p>\n","protected":false},"author":1,"featured_media":3448,"comment_status":"open","ping_status":"open","sticky":false,"template":"","format":"standard","meta":{"footnotes":""},"categories":[9,4,13],"tags":[382,476,475,477,478],"class_list":["post-3447","post","type-post","status-publish","format-standard","has-post-thumbnail","hentry","category-genel","category-gundem","category-son-dakika","tag-alan","tag-edirne","tag-kule","tag-osmanli","tag-ziyaretciler"],"_links":{"self":[{"href":"https:\/\/bihavadis.com\/index.php\/wp-json\/wp\/v2\/posts\/3447","targetHints":{"allow":["GET"]}}],"collection":[{"href":"https:\/\/bihavadis.com\/index.php\/wp-json\/wp\/v2\/posts"}],"about":[{"href":"https:\/\/bihavadis.com\/index.php\/wp-json\/wp\/v2\/types\/post"}],"author":[{"embeddable":true,"href":"https:\/\/bihavadis.com\/index.php\/wp-json\/wp\/v2\/users\/1"}],"replies":[{"embeddable":true,"href":"https:\/\/bihavadis.com\/index.php\/wp-json\/wp\/v2\/comments?post=3447"}],"version-history":[{"count":1,"href":"https:\/\/bihavadis.com\/index.php\/wp-json\/wp\/v2\/posts\/3447\/revisions"}],"predecessor-version":[{"id":3449,"href":"https:\/\/bihavadis.com\/index.php\/wp-json\/wp\/v2\/posts\/3447\/revisions\/3449"}],"wp:featuredmedia":[{"embeddable":true,"href":"https:\/\/bihavadis.com\/index.php\/wp-json\/wp\/v2\/media\/3448"}],"wp:attachment":[{"href":"https:\/\/bihavadis.com\/index.php\/wp-json\/wp\/v2\/media?parent=3447"}],"wp:term":[{"taxonomy":"category","embeddable":true,"href":"https:\/\/bihavadis.com\/index.php\/wp-json\/wp\/v2\/categories?post=3447"},{"taxonomy":"post_tag","embeddable":true,"href":"https:\/\/bihavadis.com\/index.php\/wp-json\/wp\/v2\/tags?post=3447"}],"curies":[{"name":"wp","href":"https:\/\/api.w.org\/{rel}","templated":true}]}}