{"id":34488,"date":"2026-02-15T04:36:41","date_gmt":"2026-02-15T04:36:41","guid":{"rendered":"https:\/\/bihavadis.com\/?p=34488"},"modified":"2026-02-15T04:36:41","modified_gmt":"2026-02-15T04:36:41","slug":"suriye-icisleri-bakanligina-bagli-guvenlik-konvoyu-ypgnin-isgali-altindaki-hasekeye-giris-yapti","status":"publish","type":"post","link":"https:\/\/bihavadis.com\/index.php\/2026\/02\/15\/suriye-icisleri-bakanligina-bagli-guvenlik-konvoyu-ypgnin-isgali-altindaki-hasekeye-giris-yapti\/","title":{"rendered":"Suriye \u0130\u00e7i\u015fleri Bakanl\u0131\u011f\u0131na ba\u011fl\u0131 g\u00fcvenlik konvoyu YPG&#8217;nin i\u015fgali alt\u0131ndaki Haseke&#8217;ye giri\u015f yapt\u0131"},"content":{"rendered":"<p> Suriye h\u00fck\u00fcmeti ile ter\u00f6r \u00f6rg\u00fct\u00fc YPG aras\u0131nda imzalanan mutabakat kapsam\u0131nda, Suriye \u0130\u00e7i\u015fleri Bakanl\u0131\u011f\u0131na ba\u011fl\u0131 i\u00e7 g\u00fcvenlik birimine ait bir konvoy, Haseke il merkezine giri\u015f yapt\u0131.<\/p>\n<p><b>SUR\u0130YE&#8217;DE BAKANLIK KONVOYU HASEKE&#8217;YE G\u0130R\u0130\u015e YAPTI<\/b><\/p>\n<p>Suriye h\u00fck\u00fcmeti ile ter\u00f6r \u00f6rg\u00fct\u00fc YPG aras\u0131nda var\u0131lan mutabakat\u0131n uygulanmas\u0131na y\u00f6nelik ad\u0131mlar at\u0131lmaya ba\u015fland\u0131. Bu kapsamda, Suriye \u0130\u00e7i\u015fleri Bakanl\u0131\u011f\u0131na ba\u011fl\u0131 8 personel ta\u015f\u0131y\u0131c\u0131 z\u0131rhl\u0131 ara\u00e7, \u00e7ok say\u0131da d\u00f6rt \u00e7eker pikap, ambulans ve baz istasyonu arac\u0131ndan olu\u015fan konvoy, daha \u00f6nce do\u011fu hatt\u0131ndan ter\u00f6r \u00f6rg\u00fct\u00fc YPG&#8217;nin i\u015fgali alt\u0131ndaki kent merkezine do\u011fru ilerlemeye ba\u015flad\u0131.<\/p>\n<div>\n<figure><img decoding=\"async\" src=\"https:\/\/bihavadis.com\/wp-content\/uploads\/2026\/02\/suriye-icisleri-bakanligina-bagli-guvenlik-konvoyu-ypgnin-isgali-altindaki-hasekeye-giris-yapti-0-i5AMDPU8.jpg\"\/><\/figure>\n<\/div>\n<p><b>HASEKE SUR\u0130YE Y\u00d6NET\u0130M\u0130NE DEVRED\u0130L\u0130YOR<\/b><\/p>\n<p>Suriye \u0130\u00e7i\u015fleri Bakanl\u0131\u011f\u0131ndan yap\u0131lan yaz\u0131l\u0131 a\u00e7\u0131klamaya g\u00f6re, Haseke \u0130\u00e7 G\u00fcvenlik Komutan\u0131 Tu\u011fgeneral Mervan el-Ali, kente giri\u015f haz\u0131rl\u0131klar\u0131 s\u0131ras\u0131nda i\u00e7 g\u00fcvenlik birliklerine talimat verdi. Tu\u011fgeneral Ali, g\u00fcvenlik g\u00f6revlerinin belirlenen planlar do\u011frultusunda y\u00fcr\u00fct\u00fclmesi, yasa ve mevzuata tam uyum sa\u011flanmas\u0131, t\u00fcm i\u015flemlerin disiplin i\u00e7inde ger\u00e7ekle\u015ftirilmesi, kamu g\u00fcvenli\u011fi ve d\u00fczeninin korunmas\u0131 ile vatanda\u015flar\u0131n, kamuya ve \u00f6zel m\u00fclkiyete ait mallar\u0131n g\u00fcvenli\u011finin sa\u011flanmas\u0131 konular\u0131na vurgu yapt\u0131.<\/p>\n<div>\n<figure><img decoding=\"async\" src=\"https:\/\/bihavadis.com\/wp-content\/uploads\/2026\/02\/suriye-icisleri-bakanligina-bagli-guvenlik-konvoyu-ypgnin-isgali-altindaki-hasekeye-giris-yapti-1-RRYabtEe.jpg\"\/><\/figure>\n<\/div>\n<p>Suriye h\u00fck\u00fcmeti ile ter\u00f6r \u00f6rg\u00fct\u00fc YPG aras\u0131nda var\u0131lan mutabakat kapsam\u0131nda, \u00f6rg\u00fct\u00fcn i\u015fgali alt\u0131ndaki Haseke kenti ile Kam\u0131\u015fl\u0131 il\u00e7esinde g\u00fcvenlik ve devlet kurumlar\u0131n\u0131n Suriye y\u00f6netimine teslim edilmesi \u00f6ng\u00f6r\u00fcl\u00fcyor.<\/p>\n<div>\n<figure><img decoding=\"async\" src=\"https:\/\/bihavadis.com\/wp-content\/uploads\/2026\/02\/suriye-icisleri-bakanligina-bagli-guvenlik-konvoyu-ypgnin-isgali-altindaki-hasekeye-giris-yapti-2-LKLvbPKb.jpg\"\/><\/figure>\n<\/div>\n<div>\n<figure><img decoding=\"async\" src=\"https:\/\/bihavadis.com\/wp-content\/uploads\/2026\/02\/suriye-icisleri-bakanligina-bagli-guvenlik-konvoyu-ypgnin-isgali-altindaki-hasekeye-giris-yapti-3-ZUnmmV7Q.jpg\"\/><\/figure>\n<\/div>\n<div>\n<figure><img decoding=\"async\" src=\"https:\/\/bihavadis.com\/wp-content\/uploads\/2026\/02\/suriye-icisleri-bakanligina-bagli-guvenlik-konvoyu-ypgnin-isgali-altindaki-hasekeye-giris-yapti-4-x4cMrucQ.jpg\"\/><\/figure>\n<\/div>\n<div>\n<figure><img decoding=\"async\" src=\"https:\/\/bihavadis.com\/wp-content\/uploads\/2026\/02\/suriye-icisleri-bakanligina-bagli-guvenlik-konvoyu-ypgnin-isgali-altindaki-hasekeye-giris-yapti-5-JJeOasPf.jpg\"\/><\/figure>\n<\/div>\n<div>\n<figure><img decoding=\"async\" src=\"https:\/\/bihavadis.com\/wp-content\/uploads\/2026\/02\/suriye-icisleri-bakanligina-bagli-guvenlik-konvoyu-ypgnin-isgali-altindaki-hasekeye-giris-yapti-6-Kn76Wcub.jpg\"\/><\/figure>\n<\/div>\n","protected":false},"excerpt":{"rendered":"<p>Suriye h\u00fck\u00fcmeti ile ter\u00f6r \u00f6rg\u00fct\u00fc YPG aras\u0131nda imzalanan mutabakat \u00e7er\u00e7evesinde, Suriye \u0130\u00e7i\u015fleri Bakanl\u0131\u011f\u0131na ba\u011fl\u0131 i\u00e7 g\u00fcvenlik birimleri Haseke il merkezine g\u00fcvenlik konvoyu g\u00f6nderdi. Konvoy \u015fehre giri\u015f yaparken, Haseke \u0130\u00e7 G\u00fcvenlik Komutan\u0131, g\u00fcvenlik g\u00f6revlerinin mevzuata uygun \u015fekilde y\u00fcr\u00fct\u00fclece\u011fini a\u00e7\u0131klad\u0131.<\/p>\n","protected":false},"author":1,"featured_media":34489,"comment_status":"open","ping_status":"open","sticky":false,"template":"","format":"standard","meta":{"footnotes":""},"categories":[12],"tags":[737,1715,2467,361],"class_list":["post-34488","post","type-post","status-publish","format-standard","has-post-thumbnail","hentry","category-siyaset","tag-guvenlik","tag-haseke","tag-orgutu","tag-suriye"],"_links":{"self":[{"href":"https:\/\/bihavadis.com\/index.php\/wp-json\/wp\/v2\/posts\/34488","targetHints":{"allow":["GET"]}}],"collection":[{"href":"https:\/\/bihavadis.com\/index.php\/wp-json\/wp\/v2\/posts"}],"about":[{"href":"https:\/\/bihavadis.com\/index.php\/wp-json\/wp\/v2\/types\/post"}],"author":[{"embeddable":true,"href":"https:\/\/bihavadis.com\/index.php\/wp-json\/wp\/v2\/users\/1"}],"replies":[{"embeddable":true,"href":"https:\/\/bihavadis.com\/index.php\/wp-json\/wp\/v2\/comments?post=34488"}],"version-history":[{"count":1,"href":"https:\/\/bihavadis.com\/index.php\/wp-json\/wp\/v2\/posts\/34488\/revisions"}],"predecessor-version":[{"id":34497,"href":"https:\/\/bihavadis.com\/index.php\/wp-json\/wp\/v2\/posts\/34488\/revisions\/34497"}],"wp:featuredmedia":[{"embeddable":true,"href":"https:\/\/bihavadis.com\/index.php\/wp-json\/wp\/v2\/media\/34489"}],"wp:attachment":[{"href":"https:\/\/bihavadis.com\/index.php\/wp-json\/wp\/v2\/media?parent=34488"}],"wp:term":[{"taxonomy":"category","embeddable":true,"href":"https:\/\/bihavadis.com\/index.php\/wp-json\/wp\/v2\/categories?post=34488"},{"taxonomy":"post_tag","embeddable":true,"href":"https:\/\/bihavadis.com\/index.php\/wp-json\/wp\/v2\/tags?post=34488"}],"curies":[{"name":"wp","href":"https:\/\/api.w.org\/{rel}","templated":true}]}}