{"id":34507,"date":"2026-02-15T04:45:05","date_gmt":"2026-02-15T04:45:05","guid":{"rendered":"https:\/\/bihavadis.com\/?p=34507"},"modified":"2026-02-15T04:45:05","modified_gmt":"2026-02-15T04:45:05","slug":"burdurda-yolun-karsisina-gecen-kadina-otomobil-carpti-kaza-ani-kameraya-yansidi","status":"publish","type":"post","link":"https:\/\/bihavadis.com\/index.php\/2026\/02\/15\/burdurda-yolun-karsisina-gecen-kadina-otomobil-carpti-kaza-ani-kameraya-yansidi\/","title":{"rendered":"Burdur&#8217;da yolun kar\u015f\u0131s\u0131na ge\u00e7en kad\u0131na otomobil \u00e7arpt\u0131: Kaza an\u0131 kameraya yans\u0131d\u0131"},"content":{"rendered":"<p>S\u00fcr\u00fcc\u00fc m\u00fc hakl\u0131 yoksa yaya m\u0131&#8230;<\/p>\n<p>H\u00fcseyin Y. idaresindeki otomobil seyir halindeyken kar\u015f\u0131dan kar\u015f\u0131ya ge\u00e7meye \u00e7al\u0131\u015fan H\u00fcsnanisa A.&#8217;ya \u00e7arpt\u0131.<\/p>\n<p>\u00c7arpman\u0131n etkisi ile metrelerce s\u00fcr\u00fcklenen kad\u0131n a\u011f\u0131r yaraland\u0131.<\/p>\n<p><strong>HASTANEYE KALDIRILDI<\/strong><\/p>\n<p>\u0130hbar \u00fczerine adres sa\u011fl\u0131k ve polis ekipleri sevk edildi.<\/p>\n<p>Yaral\u0131 kad\u0131n, sa\u011fl\u0131k ekipleri taraf\u0131ndan yap\u0131lan ilk m\u00fcdahalenin ard\u0131ndan ambulansla Burdur Devlet Hastanesine g\u00f6t\u00fcr\u00fclerek tedavi alt\u0131na al\u0131nd\u0131.<\/p>\n<p><img decoding=\"async\" src=\"https:\/\/bihavadis.com\/wp-content\/uploads\/2026\/02\/burdurda-yolun-karsisina-gecen-kadina-otomobil-carpti-kaza-ani-kameraya-yansidi-0-bbjKbLaa.jpg\"\/><\/p>\n<p><strong>S\u00dcR\u00dcC\u00dcN\u00dcN \u0130FADES\u0130 ALINACAK<\/strong><\/p>\n<p>Kazaya kar\u0131\u015fan otomobil s\u00fcr\u00fcc\u00fcs\u00fc ifadesi al\u0131nmak \u00fczere polis merkezine g\u00f6t\u00fcr\u00fcld\u00fc.<\/p>\n<p><strong>KAZA ANI KAMERADA<\/strong><\/p>\n<p>Kaza an\u0131 ise \u00e7evrede bulunan bir i\u015f yerinin g\u00fcvenlik kameras\u0131na saniye saniye yans\u0131d\u0131.<\/p>\n<p>G\u00f6r\u00fcnt\u00fclerde; otomobilin \u00e7arpt\u0131\u011f\u0131 yayan\u0131n metrelerce s\u00fcr\u00fcklendi\u011fi anlar yer ald\u0131.<\/p>\n<p><img decoding=\"async\" src=\"https:\/\/bihavadis.com\/wp-content\/uploads\/2026\/02\/burdurda-yolun-karsisina-gecen-kadina-otomobil-carpti-kaza-ani-kameraya-yansidi-1-S2NA3WAq.jpg\"\/><\/p>\n","protected":false},"excerpt":{"rendered":"<p>Kentte ya\u015fanan kazada yolun kar\u015f\u0131s\u0131na ge\u00e7erken otomobilin \u00e7arpt\u0131\u011f\u0131 kad\u0131n a\u011f\u0131r yaralan\u0131rken, kaza anlar\u0131 \u00e7evrede bulunan bir i\u015f yerinin g\u00fcvenlik kameras\u0131 ile kayda al\u0131nd\u0131.<\/p>\n","protected":false},"author":1,"featured_media":34508,"comment_status":"open","ping_status":"open","sticky":false,"template":"","format":"standard","meta":{"footnotes":""},"categories":[4,13],"tags":[],"class_list":["post-34507","post","type-post","status-publish","format-standard","has-post-thumbnail","hentry","category-gundem","category-son-dakika"],"_links":{"self":[{"href":"https:\/\/bihavadis.com\/index.php\/wp-json\/wp\/v2\/posts\/34507","targetHints":{"allow":["GET"]}}],"collection":[{"href":"https:\/\/bihavadis.com\/index.php\/wp-json\/wp\/v2\/posts"}],"about":[{"href":"https:\/\/bihavadis.com\/index.php\/wp-json\/wp\/v2\/types\/post"}],"author":[{"embeddable":true,"href":"https:\/\/bihavadis.com\/index.php\/wp-json\/wp\/v2\/users\/1"}],"replies":[{"embeddable":true,"href":"https:\/\/bihavadis.com\/index.php\/wp-json\/wp\/v2\/comments?post=34507"}],"version-history":[{"count":1,"href":"https:\/\/bihavadis.com\/index.php\/wp-json\/wp\/v2\/posts\/34507\/revisions"}],"predecessor-version":[{"id":34511,"href":"https:\/\/bihavadis.com\/index.php\/wp-json\/wp\/v2\/posts\/34507\/revisions\/34511"}],"wp:featuredmedia":[{"embeddable":true,"href":"https:\/\/bihavadis.com\/index.php\/wp-json\/wp\/v2\/media\/34508"}],"wp:attachment":[{"href":"https:\/\/bihavadis.com\/index.php\/wp-json\/wp\/v2\/media?parent=34507"}],"wp:term":[{"taxonomy":"category","embeddable":true,"href":"https:\/\/bihavadis.com\/index.php\/wp-json\/wp\/v2\/categories?post=34507"},{"taxonomy":"post_tag","embeddable":true,"href":"https:\/\/bihavadis.com\/index.php\/wp-json\/wp\/v2\/tags?post=34507"}],"curies":[{"name":"wp","href":"https:\/\/api.w.org\/{rel}","templated":true}]}}