{"id":34522,"date":"2026-02-15T04:57:04","date_gmt":"2026-02-15T04:57:04","guid":{"rendered":"https:\/\/bihavadis.com\/?p=34522"},"modified":"2026-02-15T04:57:04","modified_gmt":"2026-02-15T04:57:04","slug":"influenza-acisindan-risk-grubu-asilanmali","status":"publish","type":"post","link":"https:\/\/bihavadis.com\/index.php\/2026\/02\/15\/influenza-acisindan-risk-grubu-asilanmali\/","title":{"rendered":"\u0130nfluenza A\u00e7\u0131s\u0131ndan Risk Grubu A\u015f\u0131lanmal\u0131"},"content":{"rendered":"<p>\u0130nfluenza a\u00e7\u0131s\u0131ndan riskli gruplar a\u015f\u0131lanmal\u0131 ! Bu a\u00e7\u0131klama T\u00fcrk Toraks Derne\u011fi Solunum Sistemi Enfeksiyonlar\u0131 \u00c7al\u0131\u015fma Grubu \u00dcyesi Uzm.Dr. Esra Temel\u2019e ait.<\/p>\n<p><span>K\u0131\u015f aylar\u0131n\u0131n gelmesiyle birlikte hastal\u0131k sezonu da a\u00e7\u0131ld\u0131. Sa\u011fl\u0131k Bakanl\u0131\u011f\u0131\u2019n\u0131n hastal\u0131k yay\u0131l\u0131m\u0131n\u0131 izlemeye y\u00f6nelik \u00e7al\u0131\u015fmalar\u0131 sonu\u00e7lar\u0131na g\u00f6re Ekim 2025 \u2013 Ocak 2026 sezonunda aile hekimlerine ba\u015fvuran bin 821 hastan\u0131n yakla\u015f\u0131k olarak y\u00fczde 50\u2019sinde viral \u00fcst solunum yolu enfeksiyonu etkeni saptanm\u0131\u015f ve bunun \u00e7o\u011funu rhinovir\u00fcs\u00fcn olu\u015fturdu\u011fu g\u00f6r\u00fcld\u00fc.<\/span><\/p>\n<p><b><b>R\u0130SK GRUBUNDAK\u0130LER SGK KAPSAMINDA A\u015eI OLAB\u0130L\u0130R<\/b><\/b><\/p>\n<p><span>T\u00fcrk Toraks Derne\u011fi Solunum Sistemi Enfeksiyonlar\u0131 \u00c7al\u0131\u015fma Grubu \u00dcyesi Uzm. Dr. Esra Temel influenza a\u00e7\u0131s\u0131ndan riskli gruplar\u0131n, her eyl\u00fcl ile \u015fubat ay\u0131 i\u00e7erisinde, re\u00e7ete edilen grip a\u015f\u0131lar\u0131n\u0131n Sosyal G\u00fcvenlik Kurumu taraf\u0131ndan kar\u015f\u0131land\u0131\u011f\u0131n\u0131 belirtti. Dr. Temel riskli gruplar\u0131 ise \u015f\u00f6yle s\u0131ralad\u0131:\u00a0<\/span><\/p>\n<p><span>65 ya\u015f ve \u00fczerindeki ki\u015filer ile ya\u015fl\u0131 bak\u0131mevi ve huzurevinde kalan ki\u015filer<\/span><\/p>\n<p><span>5 ya\u015f alt\u0131 \u00e7ocuklar <\/span><\/p>\n<p><span>6 ay \u2013 18 ya\u015f aras\u0131nda olup uzun s\u00fcreli aspirin tedavisi alan \u00e7ocuk ve gen\u00e7ler<\/span><\/p>\n<p><span>Gebeler<\/span><\/p>\n<p><span>Ast\u0131m dahil kronik akci\u011fer ve kalp-damar sistemi hastal\u0131\u011f\u0131 olan eri\u015fkin ve \u00e7ocuklar<\/span><\/p>\n<p><span>\u015eeker hastal\u0131\u011f\u0131 dahil herhangi bir kronik metabolik hastal\u0131\u011f\u0131, kronik b\u00f6brek yetmezli\u011fi, kan hastal\u0131\u011f\u0131 veya ba\u011f\u0131\u015f\u0131kl\u0131k sistemi bask\u0131lanm\u0131\u015f olan eri\u015fkin ve \u00e7ocuklar<\/span><\/p>\n<p><span>Sa\u011fl\u0131k \u00e7al\u0131\u015fanlar\u0131<\/span><\/p>\n<figure><img decoding=\"async\" src=\"https:\/\/bihavadis.com\/wp-content\/uploads\/2026\/02\/influenza-acisindan-risk-grubu-asilanmali-0-bkQlASQM.jpeg\"\/>Toraks derne\u011fi<\/figure>\n<p><b><b>\u201cHASTA OLANLAR KALABALIKTA MASKE TAKMALI\u201d<\/b><\/b><\/p>\n<p><span>Dr. Esra Temel, \u201cViral solunum yolu enfeksiyonlar\u0131 kimi bireylerde hafif semptomlarla ge\u00e7ebilirken \u00f6zellikle ileri ya\u015f, sistemik hastal\u0131klar\u0131 bulunan ve ba\u011f\u0131\u015f\u0131kl\u0131k sistemi bask\u0131lanm\u0131\u015f hastalarda hastane yat\u0131\u015f\u0131 gerektirecek d\u00fczeyde a\u011f\u0131r tablolarla seyredebilmektedir. Ani ba\u015flang\u0131\u00e7l\u0131 \u00f6ks\u00fcr\u00fck, ge\u00e7meyen y\u00fcksek ate\u015f, nefes darl\u0131\u011f\u0131, h\u0131r\u0131lt\u0131l\u0131 solunum, d\u00fc\u015f\u00fck tansiyon gibi durumlarda en yak\u0131n sa\u011fl\u0131k kurumuna ba\u015fvurulmas\u0131 gerekmektedir. Bireysel korunma y\u00f6ntemlerinin uygulanmas\u0131yla birlikte risk gruplar\u0131nda a\u015f\u0131lanman\u0131n artmas\u0131 mevsimsel grip ile m\u00fccadelede kilit noktalard\u0131r. T\u00fcrk Toraks Derne\u011fi olarak halk\u0131m\u0131z\u0131 bu m\u00fccadeleye davet ediyoruz\u201d diyerek al\u0131nmas\u0131 gereken bireysel \u00f6nlemleri ise \u015f\u00f6yle s\u0131ralad\u0131:\u00a0<\/span><\/p>\n<p><span>Su ve sabun ile eller s\u0131k s\u0131k y\u0131kanmal\u0131d\u0131r.\u00a0<\/span><\/p>\n<p><span>Bula\u015fma yollar\u0131ndan olan a\u011f\u0131z, burun ve g\u00f6zlere kirli ellerle temas etmekten ka\u00e7\u0131n\u0131lmal\u0131d\u0131r.\u00a0<\/span><\/p>\n<p><span>Y\u00fczeyler s\u0131k s\u0131k temizlenmelidir.\u00a0<\/span><\/p>\n<p><span>Odalar havaland\u0131r\u0131lmal\u0131d\u0131r.<\/span><\/p>\n<p><span>Grip benzeri bir hastal\u0131k ge\u00e7irildi\u011finde evde istirahat edilmelidir.<\/span><\/p>\n<p><span>Hastayken, hastal\u0131\u011f\u0131 bula\u015ft\u0131rmamak i\u00e7in m\u00fcmk\u00fcn oldu\u011funca di\u011fer insanlarla temas s\u0131n\u0131rland\u0131r\u0131lmal\u0131, kalabal\u0131k bir ortama girmek zaruri ise maske kullan\u0131lmal\u0131d\u0131r.<\/span><\/p>\n<p><span>Hasta ki\u015filer ile yak\u0131n temastan ka\u00e7\u0131n\u0131lmal\u0131, \u00e7atal, ka\u015f\u0131k ve havlu gibi ortak malzeme kullan\u0131m\u0131ndan sak\u0131n\u0131lmal\u0131d\u0131r.<\/span><\/p>\n<p><span>Aks\u0131rma ve \u00f6ks\u00fcrme esnas\u0131nda burun ve a\u011f\u0131z ka\u011f\u0131t mendille kapat\u0131lmal\u0131 ve kullan\u0131lan ka\u011f\u0131t mendil \u00e7\u00f6p kutusuna at\u0131lmal\u0131d\u0131r.<\/span><\/p>\n<p><b>PANDEM\u0130 \u00dcZER\u0130NDEN 5 YIL GE\u00c7T\u0130 ANCAK M\u0130KROPLAR ARAMIZDA DOLA\u015eIYOR<\/b><\/p>\n<p><span>T\u00fcrk Toraks Derne\u011fi Merkez Y\u00fcr\u00fctme Kurulu \u00fcyesi Do\u00e7. Dr. Dorina Esenda\u011fl\u0131, \u201cYak\u0131n ge\u00e7mi\u015fte m\u00fccadele etti\u011fimiz COVID-19 pandemisinin \u00fczerinden tam 5 y\u0131l ge\u00e7ti. Ancak daha \u00f6nce de var olan ve halen solunum yollar\u0131 ve akci\u011ferlerde enfeksiyona yol a\u00e7abilecek bir\u00e7ok mikrop aram\u0131zda dola\u015fmakta\u201d dedi. Do\u00e7. Dr. Esenda\u011fl\u0131, risk grubundakiler i\u00e7in a\u015f\u0131laman\u0131n \u00f6nemine de dikkat \u00e7ekti.\u00a0<\/span><\/p>\n<p><b><b>A\u0130LE HEK\u0130M\u0130NE BA\u015eVURULARIN Y\u00dcZDE 80\u2019\u0130NDE V\u0130R\u00dcS SAPTANDI<\/b><\/b><\/p>\n<p><span>2026 Ocak ay\u0131 ilk iki haftas\u0131 verilerine g\u00f6re ise aile hekimine ba\u015fvuran 336 hastan\u0131n yakla\u015f\u0131k y\u00fczde 80\u2019inde etken saptand\u0131\u011f\u0131n\u0131 ve en s\u0131k \u0130nfluenza A (H3N2) vir\u00fcs\u00fc g\u00f6r\u00fcld\u00fc\u011f\u00fcn\u00fc belirten Do\u00e7. Dr. Esenda\u011fl\u0131 g\u00fcncel verileri payla\u015ft\u0131: \u201cBunu \u0130nfluenza A(H1N1) vir\u00fcs\u00fc, \u0130nfluenza B vir\u00fcs\u00fc, Rhinovirus, coronavirus, Respiratuar Sinsityal Vir\u00fcs yani RSV, SARS-CoV-2 vir\u00fcsleri izlemektedir. Hastalar\u0131n yakla\u015f\u0131k y\u00fczde be\u015finde H3N2 vir\u00fcs\u00fc ile RSV birlikteli\u011fi saptanm\u0131\u015ft\u0131r. Bu verilerin d\u0131\u015f\u0131nda solunum yolu s\u00fcr\u00fcnt\u00fc \u00f6rne\u011fi vermeyen hastalar\u0131n veya bu \u00f6rneklerin \u00e7al\u0131\u015f\u0131lamad\u0131\u011f\u0131 k\u00fc\u00e7\u00fck merkezlerde de olas\u0131 vakalar\u0131n oldu\u011fu tahmin edilmektedir.\u201d<\/span><\/p>\n<p><b><b>OKULA G\u0130DEN \u00c7OCUKLAR BULA\u015eI ARTIRIYOR<\/b><\/b><\/p>\n<p><span>Do\u00e7. Dr. Dorina Esenda\u011fl\u0131 okul \u00e7a\u011f\u0131 \u00e7ocuklar\u0131nda bula\u015ft\u0131r\u0131c\u0131l\u0131\u011fa dikkat \u00e7ekerek \u015funlar\u0131 s\u00f6yledi: \u201c\u0130nfluenza vir\u00fcs\u00fc, en s\u0131k \u00f6ks\u00fcrme ve hap\u015f\u0131rma ile ortama sa\u00e7\u0131lan damlac\u0131klar yoluyla insandan insana bula\u015f\u0131r. Bula\u015fa maruz kalan el ve di\u011fer nesneler de hastal\u0131\u011f\u0131n yay\u0131lmas\u0131nda etkili olabilir. \u00c7ocuklarda etkenin yay\u0131lma h\u0131z\u0131 eri\u015fkinlere g\u00f6re daha y\u00fcksektir. Okul \u00f6ncesi ve okul \u00e7a\u011f\u0131 \u00e7ocuklarda yay\u0131lma h\u0131z\u0131n\u0131n y\u00fcksek olmas\u0131 hastal\u0131\u011f\u0131n toplumda yay\u0131lmas\u0131nda \u00f6nemli fakt\u00f6rlerden biridir. Hastal\u0131\u011f\u0131n bula\u015ft\u0131r\u0131c\u0131 oldu\u011fu d\u00f6nem, belirtilerin ba\u015flang\u0131c\u0131ndan \u00f6nceki 24 saat ve sonraki be\u015f g\u00fcnl\u00fck (\u00e7ocuklarda yedi g\u00fcne kadar) d\u00f6nemdir. Ba\u011f\u0131\u015f\u0131kl\u0131\u011f\u0131 bask\u0131lanm\u0131\u015f hastalarda bula\u015ft\u0131r\u0131c\u0131l\u0131k s\u00fcresi normalden daha uzundur\u201d (BSHA \u2013 Bilim ve Sa\u011fl\u0131k Haber Ajans\u0131)\u00a0<\/span><\/p>\n","protected":false},"excerpt":{"rendered":"<p>\u0130nfluenza a\u00e7\u0131s\u0131ndan riskli gruplar a\u015f\u0131lanmal\u0131 ! Bu a\u00e7\u0131klama T\u00fcrk Toraks Derne\u011fi Solunum Sistemi Enfeksiyonlar\u0131 \u00c7al\u0131\u015fma Grubu \u00dcyesi Uzm.Dr. Esra Temel&#8217;e ait.\u00a0<\/p>\n","protected":false},"author":1,"featured_media":34523,"comment_status":"open","ping_status":"open","sticky":false,"template":"","format":"standard","meta":{"footnotes":""},"categories":[11],"tags":[683,467,1131,720,531],"class_list":["post-34522","post","type-post","status-publish","format-standard","has-post-thumbnail","hentry","category-saglik","tag-cocuklar","tag-hasta","tag-hastaligi","tag-virus","tag-yol"],"_links":{"self":[{"href":"https:\/\/bihavadis.com\/index.php\/wp-json\/wp\/v2\/posts\/34522","targetHints":{"allow":["GET"]}}],"collection":[{"href":"https:\/\/bihavadis.com\/index.php\/wp-json\/wp\/v2\/posts"}],"about":[{"href":"https:\/\/bihavadis.com\/index.php\/wp-json\/wp\/v2\/types\/post"}],"author":[{"embeddable":true,"href":"https:\/\/bihavadis.com\/index.php\/wp-json\/wp\/v2\/users\/1"}],"replies":[{"embeddable":true,"href":"https:\/\/bihavadis.com\/index.php\/wp-json\/wp\/v2\/comments?post=34522"}],"version-history":[{"count":1,"href":"https:\/\/bihavadis.com\/index.php\/wp-json\/wp\/v2\/posts\/34522\/revisions"}],"predecessor-version":[{"id":34525,"href":"https:\/\/bihavadis.com\/index.php\/wp-json\/wp\/v2\/posts\/34522\/revisions\/34525"}],"wp:featuredmedia":[{"embeddable":true,"href":"https:\/\/bihavadis.com\/index.php\/wp-json\/wp\/v2\/media\/34523"}],"wp:attachment":[{"href":"https:\/\/bihavadis.com\/index.php\/wp-json\/wp\/v2\/media?parent=34522"}],"wp:term":[{"taxonomy":"category","embeddable":true,"href":"https:\/\/bihavadis.com\/index.php\/wp-json\/wp\/v2\/categories?post=34522"},{"taxonomy":"post_tag","embeddable":true,"href":"https:\/\/bihavadis.com\/index.php\/wp-json\/wp\/v2\/tags?post=34522"}],"curies":[{"name":"wp","href":"https:\/\/api.w.org\/{rel}","templated":true}]}}