{"id":34569,"date":"2026-02-15T05:33:35","date_gmt":"2026-02-15T05:33:35","guid":{"rendered":"https:\/\/bihavadis.com\/?p=34569"},"modified":"2026-02-15T05:33:35","modified_gmt":"2026-02-15T05:33:35","slug":"yrpli-dogan-bekin-epstein-davasini-meclise-tasidi-magdur-olan-cocuklarimiz-var-mi","status":"publish","type":"post","link":"https:\/\/bihavadis.com\/index.php\/2026\/02\/15\/yrpli-dogan-bekin-epstein-davasini-meclise-tasidi-magdur-olan-cocuklarimiz-var-mi\/","title":{"rendered":"YRP&#8217;li Do\u011fan Bekin, Epstein davas\u0131n\u0131 Meclis&#8217;e ta\u015f\u0131d\u0131: Ma\u011fdur olan \u00e7ocuklar\u0131m\u0131z var m\u0131?"},"content":{"rendered":"<p>Yeniden Refah Partisi \u0130stanbul Milletvekili Do\u011fan Bekin, Epstein olay\u0131na ili\u015fkin Meclis&#8217;e sundu\u011fu \u00f6nergede, &#8220;Epstein su\u00e7 \u00e7etesi y\u00fcz\u00fcnde ma\u011fdur olan \u00e7ocuklar\u0131m\u0131z var m\u0131d\u0131r? Bunlar\u0131n tespitine y\u00f6nelik Bakanl\u0131\u011f\u0131n\u0131zca okullarda, yeti\u015ftirme yurtlar\u0131nda gerekli denetimlerde yap\u0131lm\u0131\u015f m\u0131d\u0131r?&#8221; sorular\u0131na yer verdi.<\/p>\n<p>Bekin&#8217;in, Aile ve Sosyal Hizmetler Bakan\u0131 Mahinur \u00d6zdemir G\u00f6kta\u015f&#8217;\u0131n yan\u0131tlamas\u0131 istemiyle sundu\u011fu \u00f6nergede, \u015fu ifadeler yer ald\u0131:<\/p>\n<p>&#8220;Bilindi\u011fi \u00fczere ABD&#8217;de re\u015fit olmayan k\u0131z \u00e7ocuklar\u0131na y\u00f6nelik cinsel istismar ve fuhu\u015f a\u011f\u0131 kurmakla su\u00e7lanan Jeffrey Epstein, 10 A\u011fustos 2019&#8217;da New York Manhattan Metropolitan Merkez Hapishanesi&#8217;nde \u00f6l\u00fc bulunmu\u015f, \u00f6l\u00fcm\u00fc ve ard\u0131ndan a\u00e7\u0131klanan milyonlarca belge, d\u00fcnya genelinde geni\u015f yank\u0131 uyand\u0131rm\u0131\u015ft\u0131r. G\u00fcndeme gelen bu belgeler, Epstein&#8217;in k\u00fcresel \u00e7apta ekonomiden siyasete, k\u00fclt\u00fcr-sanattan bili\u015fime pek \u00e7ok alanda varl\u0131kl\u0131, yetkili, zengin ve tan\u0131nm\u0131\u015f ki\u015filerle olan yak\u0131n ba\u011f\u0131 oldu\u011funu ortaya koymu\u015ftur.<\/p>\n<p><b>&#8220;T\u00dcRK\u0130YE&#8217;DE BU SAPKINLI\u011eA ORTAK OLMU\u015e K\u0130\u015e\u0130LER VAR MI?&#8221;<\/b><\/p>\n<p>Birka\u00e7 g\u00fcn \u00f6nce ABD Adalet Bakanl\u0131\u011f\u0131, uluslararas\u0131 cinsel istismar, fuhu\u015f ve insan ka\u00e7ak\u00e7\u0131l\u0131\u011f\u0131 a\u011f\u0131n\u0131n ba\u015f\u0131nda olan Epstein ile ili\u015fkili \u00fc\u00e7 milyon yeni belgeyi de kamuoyu ile payla\u015fm\u0131\u015ft\u0131r. Her g\u00fcn yeni detaylar\u0131n ortaya \u00e7\u0131kt\u0131\u011f\u0131 belgelerin bir aya\u011f\u0131nda T\u00fcrkiye&#8217;nin de yer ald\u0131\u011f\u0131 iddialar\u0131 g\u00fcndeme gelmi\u015ftir. Belgeler, k\u00fcresel \u00f6l\u00e7ekte organize edilen su\u00e7 a\u011f\u0131na dair \u00e7arp\u0131c\u0131 detaylar i\u00e7erirken, T\u00fcrkiye&#8217;den de \u00e7ocuklar\u0131n ka\u00e7\u0131r\u0131ld\u0131\u011f\u0131 iddialar\u0131 kamuoyu g\u00fcndemine ta\u015f\u0131nm\u0131\u015ft\u0131r. T\u00fcrkiye&#8217;deki \u00e7ocuklar\u0131n da bu a\u011f\u0131n hedefi olabilece\u011fi iddialar\u0131 \u00f6nemle ara\u015ft\u0131r\u0131lmas\u0131 gereken vahim iddialard\u0131r. A\u00e7\u0131klanan belgeler ve ortaya at\u0131lan iddialar yerel ve uluslararas\u0131 soru\u015fturma a\u00e7\u0131s\u0131ndan dikkatle incelenmesi gerekti\u011fini \u00e7ok a\u00e7\u0131k ortaya koymaktad\u0131r. Konuya ili\u015fkin t\u00fcm iddialar\u0131n, t\u00fcm y\u00f6nleriyle ilgili makamlarca zaman kaybetmeden incelenmesi gerekmektedir. T\u00fcrkiye&#8217;de bu sapk\u0131nl\u0131\u011fa, azg\u0131nl\u0131\u011fa ve vah\u015fete ortak olmu\u015f ki\u015filer var ise bir an \u00f6nce tespit edilmeli ve adalet \u00f6n\u00fcnde hesap vermelidir.&#8221;<\/p>\n<p><b>&#8220;2008-2016 YILLARINDA KAYBOLAN \u00c7OCUKLARIN KA\u00c7INA ULA\u015eILDI?&#8221;<\/b><\/p>\n<p>Bekin&#8217;in \u00f6nergesinde yer alan sorular \u015f\u00f6yle:<\/p>\n<p>&#8220;Epstein davas\u0131n\u0131n T\u00fcrkiye ba\u011flant\u0131lar\u0131 bulundu\u011funa ve T\u00fcrkiye&#8217;den de \u00e7ocuklar\u0131n bu su\u00e7 \u00e7etesinin a\u011f\u0131na d\u00fc\u015f\u00fcr\u00fcld\u00fc\u011f\u00fcne ili\u015fkin iddialara y\u00f6nelik Bakanl\u0131\u011f\u0131n\u0131zca soru\u015fturma ba\u015flat\u0131lm\u0131\u015f m\u0131d\u0131r? 2020-2025 y\u0131llar\u0131 aras\u0131nda ne kadar \u00e7ocu\u011fumuz kaybolmu\u015ftur? Bu \u00e7ocuklar\u0131m\u0131z\u0131n ka\u00e7\u0131na ula\u015f\u0131lm\u0131\u015ft\u0131r? T\u00fcrkiye \u0130statistik Kurumu (T\u00dc\u0130K) Adli \u0130statistik verilerine g\u00f6re 2008- 2016 y\u0131llar\u0131 aras\u0131nda 104 bin 531 \u00e7ocu\u011fun kayboldu\u011fu y\u00f6n\u00fcndeki a\u00e7\u0131klamalar\u0131ndan sonra bu y\u0131llar aras\u0131nda kaybolan \u00e7ocuklar\u0131n ka\u00e7\u0131na ula\u015f\u0131lm\u0131\u015ft\u0131r? Epstein su\u00e7 \u00e7etesi y\u00fcz\u00fcnden ma\u011fdur olan \u00e7ocuklar\u0131m\u0131z var m\u0131d\u0131r? Bunlar\u0131n tespitine y\u00f6nelik Bakanl\u0131\u011f\u0131n\u0131zca okullarda, yeti\u015ftirme yurtlar\u0131nda gerekli denetimlerde yap\u0131lm\u0131\u015f m\u0131d\u0131r?&#8221;<\/p>\n<p><b>&#8220;EPSTEIN, T\u00dcRK\u0130YE&#8217;DE HERHANG\u0130 B\u0130R S\u0130YASET\u00c7\u0130, Y\u00d6NET\u0130C\u0130 \u0130LE \u0130LET\u0130\u015e\u0130ME GE\u00c7M\u0130\u015e M\u0130D\u0130R?&#8221;<\/b><\/p>\n<p>Bekin, \u0130\u00e7i\u015fleri Bakan\u0131 Ali Yerlikaya&#8217;n\u0131n yan\u0131tlamas\u0131 istemiyle sundu\u011fu \u00f6nergede ise \u015fu sorular\u0131 y\u00f6neltti:<\/p>\n<p>&#8220;G\u00fcndemde yer alan Epstein skandal\u0131 ile ilgili iddialara ili\u015fkin T\u00fcrkiye aya\u011f\u0131na y\u00f6nelik kurumlar\u0131n\u0131zca gerekli soru\u015fturmalar ba\u015flat\u0131lm\u0131\u015f m\u0131d\u0131r? Epstein veya Epstein ile ba\u011flant\u0131l\u0131 ki\u015fi\/ki\u015filer bu s\u00fcre\u00e7te T\u00fcrkiye&#8217;ye herhangi bir giri\u015f \u00e7\u0131k\u0131\u015f yapm\u0131\u015f m\u0131d\u0131r? Giri\u015f \u00e7\u0131k\u0131\u015flar yap\u0131lm\u0131\u015f ise bu ki\u015filerin ba\u011flant\u0131 kurduklar\u0131 ki\u015fi veya kurumlar tespit edilmi\u015f midir? Epstein, T\u00fcrkiye&#8217;de herhangi bir siyaset\u00e7i, y\u00f6netici ya da devlet kurumlar\u0131nda \u00fcst d\u00fczey makamlarda yer alan ki\u015filerle ileti\u015fime ge\u00e7mi\u015f midir? Epstein&#8217;in y\u00fcr\u00fctt\u00fc\u011f\u00fc fonlara ait T\u00fcrkiye&#8217;de herhangi bir kuruma ba\u011f\u0131\u015f yap\u0131lm\u0131\u015f m\u0131d\u0131r? Yap\u0131lm\u0131\u015f ise bu kurumlara y\u00f6nelik soru\u015fturma ba\u015flat\u0131lm\u0131\u015f m\u0131d\u0131r? Epstein&#8217;in \u00fclkelerde kurdu\u011fu a\u011f ile istihbarat ald\u0131\u011f\u0131 y\u00f6n\u00fcndeki iddialar do\u011frultusunda T\u00fcrkiye&#8217;den bir bilgi s\u0131z\u0131nt\u0131s\u0131 olmu\u015f mudur? Olmu\u015f ise s\u0131zan bu \u00f6nemli bilgilere ula\u015f\u0131lm\u0131\u015f m\u0131d\u0131r?&#8221;<\/p>\n<p><span> <span><img decoding=\"async\" src=\"https:\/\/bihavadis.com\/wp-content\/uploads\/2026\/02\/yrpli-dogan-bekin-epstein-davasini-meclise-tasidi-magdur-olan-cocuklarimiz-var-mi-0-BvJd2nhq.jpg\"\/><\/span> <span>&#8220;Epstein adas\u0131ndaki T\u00fcrk \u00e7ocuk&#8221; dendi, ger\u00e7ek \u00e7ok ba\u015fka \u00e7\u0131kt\u0131<\/span><\/span><\/p>\n","protected":false},"excerpt":{"rendered":"<p>Yeniden Refah Partisi \u0130stanbul Milletvekili Do\u011fan Bekin, Epstein dosyalar\u0131na ili\u015fkin Aile ve Sosyal Hizmetler Bakan\u0131 Mahinur \u00d6zdemir G\u00f6kta\u015f ile \u0130\u00e7i\u015fleri Bakan\u0131 Ali Yerlikaya&#8217;n\u0131n yan\u0131tlamas\u0131 istemiyle TBMM Ba\u015fkanl\u0131\u011f\u0131&#8217;na iki ayr\u0131 soru \u00f6nergesi sundu. Bekin&#8217;in sundu\u011fu \u00f6nergede, &#8220;T\u00fcrkiye&#8217;de bu sapk\u0131nl\u0131\u011fa, azg\u0131nl\u0131\u011fa ve vah\u015fete ortak olmu\u015f ki\u015filer var ise bir an \u00f6nce tespit edilmeli ve adalet \u00f6n\u00fcnde hesap vermelidir&#8221; ifadeleri yer ald\u0131.<\/p>\n","protected":false},"author":1,"featured_media":34570,"comment_status":"open","ping_status":"open","sticky":false,"template":"","format":"standard","meta":{"footnotes":""},"categories":[9,4,13],"tags":[2183,2809,5094,2041,3586],"class_list":["post-34569","post","type-post","status-publish","format-standard","has-post-thumbnail","hentry","category-genel","category-gundem","category-son-dakika","tag-epstein","tag-iddialar","tag-midir","tag-turkiyede","tag-yonelik"],"_links":{"self":[{"href":"https:\/\/bihavadis.com\/index.php\/wp-json\/wp\/v2\/posts\/34569","targetHints":{"allow":["GET"]}}],"collection":[{"href":"https:\/\/bihavadis.com\/index.php\/wp-json\/wp\/v2\/posts"}],"about":[{"href":"https:\/\/bihavadis.com\/index.php\/wp-json\/wp\/v2\/types\/post"}],"author":[{"embeddable":true,"href":"https:\/\/bihavadis.com\/index.php\/wp-json\/wp\/v2\/users\/1"}],"replies":[{"embeddable":true,"href":"https:\/\/bihavadis.com\/index.php\/wp-json\/wp\/v2\/comments?post=34569"}],"version-history":[{"count":1,"href":"https:\/\/bihavadis.com\/index.php\/wp-json\/wp\/v2\/posts\/34569\/revisions"}],"predecessor-version":[{"id":34572,"href":"https:\/\/bihavadis.com\/index.php\/wp-json\/wp\/v2\/posts\/34569\/revisions\/34572"}],"wp:featuredmedia":[{"embeddable":true,"href":"https:\/\/bihavadis.com\/index.php\/wp-json\/wp\/v2\/media\/34570"}],"wp:attachment":[{"href":"https:\/\/bihavadis.com\/index.php\/wp-json\/wp\/v2\/media?parent=34569"}],"wp:term":[{"taxonomy":"category","embeddable":true,"href":"https:\/\/bihavadis.com\/index.php\/wp-json\/wp\/v2\/categories?post=34569"},{"taxonomy":"post_tag","embeddable":true,"href":"https:\/\/bihavadis.com\/index.php\/wp-json\/wp\/v2\/tags?post=34569"}],"curies":[{"name":"wp","href":"https:\/\/api.w.org\/{rel}","templated":true}]}}