{"id":34599,"date":"2026-02-15T05:57:06","date_gmt":"2026-02-15T05:57:06","guid":{"rendered":"https:\/\/bihavadis.com\/?p=34599"},"modified":"2026-02-15T05:57:06","modified_gmt":"2026-02-15T05:57:06","slug":"muglada-saganak-yagis-hayati-olumsuz-etkiliyor","status":"publish","type":"post","link":"https:\/\/bihavadis.com\/index.php\/2026\/02\/15\/muglada-saganak-yagis-hayati-olumsuz-etkiliyor\/","title":{"rendered":"Mu\u011fla&#8217;da Sa\u011fanak Ya\u011f\u0131\u015f Hayat\u0131 Olumsuz Etkiliyor"},"content":{"rendered":"<p> Mu\u011fla&#8217;n\u0131n Mente\u015fe il\u00e7esinde sa\u011fanak, ya\u015fam\u0131 olumsuz etkiliyor.<\/p>\n<p>Mente\u015fe&#8217;de \u015fehir merkezi ve K\u00f6tekli Mahallesi ile TOK\u0130 konutlar\u0131n\u0131n bulundu\u011fu b\u00f6lgede ya\u011f\u0131\u015f\u0131n etkisiyle olu\u015fan su birikintisi nedeniyle ara\u00e7lar ilerlemekte g\u00fc\u00e7l\u00fck \u00e7ekti.<\/p>\n<p>Su birikintileri baz\u0131 b\u00f6lgelerde hasarl\u0131 kazalara da yol a\u00e7t\u0131.<\/p>\n<p>D\u00fc\u011ferek, Yara\u015f, Ortak\u00f6y, Yenik\u00f6y mahalleleri ile Karaba\u011flar Yaylas\u0131 ve \u00c7evre Yolu mevkisindeki baz\u0131 tar\u0131m alanlar\u0131n\u0131 su bast\u0131.<\/p>\n<p>Heyelan nedeniyle Mu\u011fla-Y\u0131lanl\u0131 kara yolu ile Mu\u011fla-Denizli kara yolunun baz\u0131 kesimlerine kaya par\u00e7alar\u0131 d\u00fc\u015ft\u00fc. Ekipler, yapt\u0131klar\u0131 \u00e7al\u0131\u015fmalarla yollar\u0131 ula\u015f\u0131ma a\u00e7t\u0131.<\/p>\n<p>\u0130l genelinde ya\u011f\u0131\u015flar aral\u0131klarla etkisini s\u00fcrd\u00fcr\u00fcyor.<\/p>\n<p>D\u00fcn ak\u015fam saatlerinden itibaren etkisini art\u0131ran sa\u011fanak nedeniyle sular alt\u0131nda kalan tar\u0131m arazileri dronla g\u00f6r\u00fcnt\u00fclendi.<\/p>\n<p>\u00d6te yandan, Dalaman Akk\u00f6pr\u00fc Baraj\u0131&#8217;nda su seviyesi tam dolulu\u011fa ula\u015ft\u0131.<\/p>\n<p>Dalaman \u00c7ay\u0131 \u00fczerindeki baraj santralinde de tam kapasite \u00fcretime ge\u00e7ilerek dere yata\u011f\u0131na kontroll\u00fc olarak saniyede yakla\u015f\u0131k 120-130 metrek\u00fcp y\u00fcksek debide su b\u0131rak\u0131ld\u0131.<\/p>\n<p>Dalaman \u00c7ay\u0131&#8217;n\u0131n ge\u00e7ti\u011fi Dalaman ve Ortaca il\u00e7elerinde dere yataklar\u0131na yakla\u015f\u0131lmamas\u0131 uyar\u0131s\u0131 yap\u0131ld\u0131.<\/p>\n<p>B\u00f6lgede faaliyet g\u00f6steren bal\u0131k \u00e7iftlikleri de uyar\u0131lar \u00fczerine \u00e7e\u015fitli tedbirler ald\u0131.<\/p>\n","protected":false},"excerpt":{"rendered":"<p>Mente\u015fe&#8217;de etkili sa\u011fanak, su birikintileri ve heyelanlara yol a\u00e7t\u0131; tar\u0131m arazileri su alt\u0131nda.<\/p>\n","protected":false},"author":1,"featured_media":34600,"comment_status":"open","ping_status":"open","sticky":false,"template":"","format":"standard","meta":{"footnotes":""},"categories":[9,4,13],"tags":[531],"class_list":["post-34599","post","type-post","status-publish","format-standard","has-post-thumbnail","hentry","category-genel","category-gundem","category-son-dakika","tag-yol"],"_links":{"self":[{"href":"https:\/\/bihavadis.com\/index.php\/wp-json\/wp\/v2\/posts\/34599","targetHints":{"allow":["GET"]}}],"collection":[{"href":"https:\/\/bihavadis.com\/index.php\/wp-json\/wp\/v2\/posts"}],"about":[{"href":"https:\/\/bihavadis.com\/index.php\/wp-json\/wp\/v2\/types\/post"}],"author":[{"embeddable":true,"href":"https:\/\/bihavadis.com\/index.php\/wp-json\/wp\/v2\/users\/1"}],"replies":[{"embeddable":true,"href":"https:\/\/bihavadis.com\/index.php\/wp-json\/wp\/v2\/comments?post=34599"}],"version-history":[{"count":1,"href":"https:\/\/bihavadis.com\/index.php\/wp-json\/wp\/v2\/posts\/34599\/revisions"}],"predecessor-version":[{"id":34601,"href":"https:\/\/bihavadis.com\/index.php\/wp-json\/wp\/v2\/posts\/34599\/revisions\/34601"}],"wp:featuredmedia":[{"embeddable":true,"href":"https:\/\/bihavadis.com\/index.php\/wp-json\/wp\/v2\/media\/34600"}],"wp:attachment":[{"href":"https:\/\/bihavadis.com\/index.php\/wp-json\/wp\/v2\/media?parent=34599"}],"wp:term":[{"taxonomy":"category","embeddable":true,"href":"https:\/\/bihavadis.com\/index.php\/wp-json\/wp\/v2\/categories?post=34599"},{"taxonomy":"post_tag","embeddable":true,"href":"https:\/\/bihavadis.com\/index.php\/wp-json\/wp\/v2\/tags?post=34599"}],"curies":[{"name":"wp","href":"https:\/\/api.w.org\/{rel}","templated":true}]}}