{"id":34613,"date":"2026-02-15T06:09:38","date_gmt":"2026-02-15T06:09:38","guid":{"rendered":"https:\/\/bihavadis.com\/?p=34613"},"modified":"2026-02-15T06:09:38","modified_gmt":"2026-02-15T06:09:38","slug":"burdurdaki-trafik-kazasi-7-olu","status":"publish","type":"post","link":"https:\/\/bihavadis.com\/index.php\/2026\/02\/15\/burdurdaki-trafik-kazasi-7-olu\/","title":{"rendered":"Burdur&#8217;daki Trafik Kazas\u0131: 7 \u00d6l\u00fc"},"content":{"rendered":"<p> Burdur&#8217;da iki otomobilin \u00e7arp\u0131\u015fmas\u0131 sonucu hayat\u0131n\u0131 kaybeden 7 ki\u015fiden 4&#8217;\u00fcn\u00fcn cenazesi, Kocaeli&#8217;nin \u00c7ay\u0131rova il\u00e7esinde defnedildi.<\/p>\n<p>Kazada ya\u015fam\u0131n\u0131 yitiren Sedat (41), e\u015fi Melek (45) ve o\u011fullar\u0131 Kuzey Akg\u00fcn (10) ile Melek Akg\u00fcn&#8217;\u00fcn annesi \u0130faket Ayd\u0131n&#8217;\u0131n (69) cenazeleri, morgdan al\u0131narak il\u00e7edeki Akse Camisi&#8217;ne getirildi. Aile yak\u0131nlar\u0131 burada taziyeleri kabul etti.<\/p>\n<p>Cenazeler, ikindi vakti k\u0131l\u0131nan namaz\u0131n ard\u0131ndan Bal\u00e7\u0131k Mahallesi&#8217;ndeki \u00c7ay\u0131rova Mezarl\u0131\u011f\u0131&#8217;nda topra\u011fa verildi.<\/p>\n<p>T\u00f6rene, ailenin yak\u0131nlar\u0131n\u0131n yan\u0131 s\u0131ra Belediye Ba\u015fkan\u0131 B\u00fcnyamin \u00c7ift\u00e7i, Belediye Ba\u015fkan Yard\u0131mc\u0131s\u0131 Sadettin Ar\u0131kbo\u011fa, AK Parti \u0130l\u00e7e Ba\u015fkan\u0131 Erhan Sar\u0131dede ve vatanda\u015flar kat\u0131ld\u0131.<\/p>\n<p>A\u011flasun-Antalya-Isparta kara yolunun A\u015fa\u011f\u0131 Yumruta\u015f mevkisinde d\u00fcn Akg\u00fcn idaresindeki 34 FF 2118 plakal\u0131 otomobil ile Cuma Ali S\u00fczer (21) y\u00f6netimindeki 07 BNE 490 plakal\u0131 otomobil \u00e7arp\u0131\u015fm\u0131\u015ft\u0131.<\/p>\n<p>Kazada s\u00fcr\u00fcc\u00fcler ile ara\u00e7larda bulunan Kuzey Akg\u00fcn, Melek Akg\u00fcn, \u0130faket Ayd\u0131n, Nevin S\u00fczer (52) kaza yerinde, Hasan Akda\u011f (20) ise kald\u0131r\u0131ld\u0131\u011f\u0131 hastanede ya\u015fam\u0131n\u0131 yitirmi\u015fti. Kazada 5 ki\u015fi de yaralanm\u0131\u015ft\u0131.<\/p>\n","protected":false},"excerpt":{"rendered":"<p>Burdur&#8217;da meydana gelen kazada hayat\u0131n\u0131 kaybeden 7 ki\u015fiden 4&#8217;\u00fc Kocaeli&#8217;de defnedildi.<\/p>\n","protected":false},"author":1,"featured_media":34614,"comment_status":"open","ping_status":"open","sticky":false,"template":"","format":"standard","meta":{"footnotes":""},"categories":[9,4,13],"tags":[4816],"class_list":["post-34613","post","type-post","status-publish","format-standard","has-post-thumbnail","hentry","category-genel","category-gundem","category-son-dakika","tag-akgun"],"_links":{"self":[{"href":"https:\/\/bihavadis.com\/index.php\/wp-json\/wp\/v2\/posts\/34613","targetHints":{"allow":["GET"]}}],"collection":[{"href":"https:\/\/bihavadis.com\/index.php\/wp-json\/wp\/v2\/posts"}],"about":[{"href":"https:\/\/bihavadis.com\/index.php\/wp-json\/wp\/v2\/types\/post"}],"author":[{"embeddable":true,"href":"https:\/\/bihavadis.com\/index.php\/wp-json\/wp\/v2\/users\/1"}],"replies":[{"embeddable":true,"href":"https:\/\/bihavadis.com\/index.php\/wp-json\/wp\/v2\/comments?post=34613"}],"version-history":[{"count":1,"href":"https:\/\/bihavadis.com\/index.php\/wp-json\/wp\/v2\/posts\/34613\/revisions"}],"predecessor-version":[{"id":34615,"href":"https:\/\/bihavadis.com\/index.php\/wp-json\/wp\/v2\/posts\/34613\/revisions\/34615"}],"wp:featuredmedia":[{"embeddable":true,"href":"https:\/\/bihavadis.com\/index.php\/wp-json\/wp\/v2\/media\/34614"}],"wp:attachment":[{"href":"https:\/\/bihavadis.com\/index.php\/wp-json\/wp\/v2\/media?parent=34613"}],"wp:term":[{"taxonomy":"category","embeddable":true,"href":"https:\/\/bihavadis.com\/index.php\/wp-json\/wp\/v2\/categories?post=34613"},{"taxonomy":"post_tag","embeddable":true,"href":"https:\/\/bihavadis.com\/index.php\/wp-json\/wp\/v2\/tags?post=34613"}],"curies":[{"name":"wp","href":"https:\/\/api.w.org\/{rel}","templated":true}]}}