{"id":34656,"date":"2026-02-15T06:45:07","date_gmt":"2026-02-15T06:45:07","guid":{"rendered":"https:\/\/bihavadis.com\/?p=34656"},"modified":"2026-02-15T06:45:07","modified_gmt":"2026-02-15T06:45:07","slug":"ogrenciler-bayrak-sevgisi-ile-donus-yapti","status":"publish","type":"post","link":"https:\/\/bihavadis.com\/index.php\/2026\/02\/15\/ogrenciler-bayrak-sevgisi-ile-donus-yapti\/","title":{"rendered":"\u00d6\u011frenciler Bayrak Sevgisi ile D\u00f6n\u00fc\u015f Yapt\u0131"},"content":{"rendered":"<p> Tokat&#8217;\u0131n Tuhal ve Ye\u015filyurt il\u00e7elerinde \u00f6\u011frenciler 2025-2026 e\u011fitim \u00f6\u011fretim y\u0131l\u0131n\u0131n ikinci d\u00f6neminde dersba\u015f\u0131 yapt\u0131.<\/p>\n<p>Turhal Atat\u00fcrk Ortaokulundaki \u00f6\u011frenciler, tatilin ard\u0131ndan ilk derslerine &#8220;Bayrak Sevgisi&#8221; temas\u0131yla ba\u015flad\u0131.<\/p>\n<p>Sayg\u0131 duru\u015fu ve \u0130stiklal Mar\u015f\u0131&#8217;n\u0131n okunmas\u0131yla ba\u015flayan programda \u00f6\u011frenciler, bayrak sevgisini yans\u0131tan etkinlikler ger\u00e7ekle\u015ftirdi.<\/p>\n<p>\u00d6\u011fretmen ve \u00f6\u011frenciler Arif Nihat Asya&#8217;n\u0131n Bayrak \u015fiiri okudu.<\/p>\n<p>Ye\u015filyurt il\u00e7esinde \u00c7erkez Dani\u015fment K\u00f6y\u00fc \u0130lkokulunda sayg\u0131 duru\u015fu ve \u0130stiklal Mar\u015f\u0131&#8217;n\u0131n okunmas\u0131yla ba\u015flayan programda \u00f6\u011frenciler, bayrak sevgisini yans\u0131tan etkinlikler ger\u00e7ekle\u015ftirdi.<\/p>\n","protected":false},"excerpt":{"rendered":"<p>Tokat&#8217;ta \u00f6\u011frenciler, 2025-2026 e\u011fitim y\u0131l\u0131na bayrak sevgisi temas\u0131yla dersba\u015f\u0131 yapt\u0131.<\/p>\n","protected":false},"author":1,"featured_media":34657,"comment_status":"open","ping_status":"open","sticky":false,"template":"","format":"standard","meta":{"footnotes":""},"categories":[9,4,13],"tags":[1002],"class_list":["post-34656","post","type-post","status-publish","format-standard","has-post-thumbnail","hentry","category-genel","category-gundem","category-son-dakika","tag-ogrenciler"],"_links":{"self":[{"href":"https:\/\/bihavadis.com\/index.php\/wp-json\/wp\/v2\/posts\/34656","targetHints":{"allow":["GET"]}}],"collection":[{"href":"https:\/\/bihavadis.com\/index.php\/wp-json\/wp\/v2\/posts"}],"about":[{"href":"https:\/\/bihavadis.com\/index.php\/wp-json\/wp\/v2\/types\/post"}],"author":[{"embeddable":true,"href":"https:\/\/bihavadis.com\/index.php\/wp-json\/wp\/v2\/users\/1"}],"replies":[{"embeddable":true,"href":"https:\/\/bihavadis.com\/index.php\/wp-json\/wp\/v2\/comments?post=34656"}],"version-history":[{"count":1,"href":"https:\/\/bihavadis.com\/index.php\/wp-json\/wp\/v2\/posts\/34656\/revisions"}],"predecessor-version":[{"id":34658,"href":"https:\/\/bihavadis.com\/index.php\/wp-json\/wp\/v2\/posts\/34656\/revisions\/34658"}],"wp:featuredmedia":[{"embeddable":true,"href":"https:\/\/bihavadis.com\/index.php\/wp-json\/wp\/v2\/media\/34657"}],"wp:attachment":[{"href":"https:\/\/bihavadis.com\/index.php\/wp-json\/wp\/v2\/media?parent=34656"}],"wp:term":[{"taxonomy":"category","embeddable":true,"href":"https:\/\/bihavadis.com\/index.php\/wp-json\/wp\/v2\/categories?post=34656"},{"taxonomy":"post_tag","embeddable":true,"href":"https:\/\/bihavadis.com\/index.php\/wp-json\/wp\/v2\/tags?post=34656"}],"curies":[{"name":"wp","href":"https:\/\/api.w.org\/{rel}","templated":true}]}}