{"id":34685,"date":"2026-02-15T07:12:05","date_gmt":"2026-02-15T07:12:05","guid":{"rendered":"https:\/\/bihavadis.com\/?p=34685"},"modified":"2026-02-15T07:12:05","modified_gmt":"2026-02-15T07:12:05","slug":"iran-disisleri-bakani-arakci-netanyahunun-aklinda-sadece-savas-var","status":"publish","type":"post","link":"https:\/\/bihavadis.com\/index.php\/2026\/02\/15\/iran-disisleri-bakani-arakci-netanyahunun-aklinda-sadece-savas-var\/","title":{"rendered":"\u0130ran D\u0131\u015fi\u015fleri Bakan\u0131 Arak\u00e7i: Netanyahu\u2019nun akl\u0131nda sadece sava\u015f var"},"content":{"rendered":"<p>\u0130ran D\u0131\u015fi\u015fleri Bakan\u0131 Abbas Arak\u00e7i, Russia Today\u2019e (RT) verdi\u011fi r\u00f6portajda ABD ile y\u00fcr\u00fct\u00fclen g\u00f6r\u00fc\u015fmelere ili\u015fkin sorular\u0131 yan\u0131tlad\u0131.<\/p>\n<p><strong>&#8220;NETANYAHU\u2019NUN AKLINDA SAVA\u015eTAN BA\u015eKA B\u0130R SE\u00c7ENEK YOK&#8221;<\/strong><\/p>\n<p>\u0130srail Ba\u015fbakan\u0131 Binyamin Netanyahu\u2019nun ABD Ba\u015fkan\u0131 Donald Trump\u2019la acil g\u00f6r\u00fc\u015fme ger\u00e7ekle\u015ftirmesinin <em><b>&#8220;m\u00fczakerelerin iyi gitti\u011fine i\u015faret etti\u011fi&#8221;<\/b><\/em> y\u00f6n\u00fcndeki de\u011ferlendirmeye yan\u0131t veren Arak\u00e7i, <em><b>&#8220;Onun (Netanyahu) bar\u0131\u015f\u0131 sevmedi\u011fi ve sava\u015f yanl\u0131s\u0131 oldu\u011fu \u00e7ok a\u00e7\u0131k. Sadece son iki y\u0131lda b\u00f6lgemizde 7 \u00fclkeye sald\u0131rd\u0131. \u0130nanabiliyor musunuz? Son sald\u0131r\u0131 Katar\u2019a oldu. Katar, ABD\u2019nin m\u00fcttefiki ve Bat\u0131\u2019n\u0131n da yak\u0131n ili\u015fkide oldu\u011fu bir \u00fclke. Bu nedenle Netanyahu\u2019nun akl\u0131nda sava\u015ftan ba\u015fka bir se\u00e7enek yok&#8221;<\/b><\/em> ifadelerini kulland\u0131.<\/p>\n<p><img decoding=\"async\" src=\"https:\/\/bihavadis.com\/wp-content\/uploads\/2026\/02\/iran-disisleri-bakani-arakci-netanyahunun-aklinda-sadece-savas-var-0-3SqAfAc4.jpg\"\/><\/p>\n<p><strong>&#8220;ABD\u2019Y\u0130 \u0130RAN\u2019LA SAVA\u015eA S\u00dcR\u00dcKLEMEK \u0130\u00c7\u0130N HER YOLU DENED\u0130&#8221;<\/strong><\/p>\n<p>Netanyahu\u2019nun ABD\u2019yi \u0130ran\u2019la sava\u015fa \u00e7ekmeye \u00e7al\u0131\u015ft\u0131\u011f\u0131n\u0131 savunan Arak\u00e7i, <em><b>&#8220;Herkesin bunu g\u00f6rmesi laz\u0131m. Netanyahu \u015fimdiye kadar ABD\u2019yi \u0130ran\u2019la sava\u015fa s\u00fcr\u00fcklemek i\u00e7in her yolu denedi. Bunu ba\u015fard\u0131\u011f\u0131nda ise ortaya bir felaket \u00e7\u0131kt\u0131. Sonu\u00e7ta onlar kaybetti. Ayn\u0131 ba\u015far\u0131s\u0131z senaryoyu yeniden denerlerse sonu\u00e7 de\u011fi\u015fmez&#8221;<\/b><\/em> \u015feklinde konu\u015ftu.<\/p>\n<p><strong>&#8220;E\u011eER C\u0130DD\u0130LERSE, B\u0130Z DE C\u0130DD\u0130Y\u0130Z&#8221;<\/strong><\/p>\n<p>Umman\u2019daki m\u00fczakereler kapsam\u0131nda Trump\u2019\u0131n Orta Do\u011fu \u00d6zel Temsilcisi Steve Witkoff ve Trump&#8217;\u0131n damad\u0131 Jared Kushner\u2019la yap\u0131lan g\u00f6r\u00fc\u015fmelere ili\u015fkin g\u00f6zlemlerini payla\u015fan Arak\u00e7i,  dedi.<\/p>\n","protected":false},"excerpt":{"rendered":"<p>\u0130ran D\u0131\u015fi\u015fleri Bakan\u0131 Abbas Arak\u00e7i, Russia Today\u2019e (RT) verdi\u011fi r\u00f6portajda, \u0130srail Ba\u015fbakan\u0131 Binyamin Netanyahu\u2019nun bar\u0131\u015f ve diplomasiden yana olmad\u0131\u011f\u0131n\u0131 savunarak, &#8220;Netanyahu\u2019nun akl\u0131nda sava\u015ftan ba\u015fka bir se\u00e7enek yok&#8221; dedi.<\/p>\n","protected":false},"author":1,"featured_media":34686,"comment_status":"open","ping_status":"open","sticky":false,"template":"","format":"standard","meta":{"footnotes":""},"categories":[6],"tags":[272,3842,1872],"class_list":["post-34685","post","type-post","status-publish","format-standard","has-post-thumbnail","hentry","category-dunya","tag-abd","tag-netanyahu","tag-savas"],"_links":{"self":[{"href":"https:\/\/bihavadis.com\/index.php\/wp-json\/wp\/v2\/posts\/34685","targetHints":{"allow":["GET"]}}],"collection":[{"href":"https:\/\/bihavadis.com\/index.php\/wp-json\/wp\/v2\/posts"}],"about":[{"href":"https:\/\/bihavadis.com\/index.php\/wp-json\/wp\/v2\/types\/post"}],"author":[{"embeddable":true,"href":"https:\/\/bihavadis.com\/index.php\/wp-json\/wp\/v2\/users\/1"}],"replies":[{"embeddable":true,"href":"https:\/\/bihavadis.com\/index.php\/wp-json\/wp\/v2\/comments?post=34685"}],"version-history":[{"count":1,"href":"https:\/\/bihavadis.com\/index.php\/wp-json\/wp\/v2\/posts\/34685\/revisions"}],"predecessor-version":[{"id":34688,"href":"https:\/\/bihavadis.com\/index.php\/wp-json\/wp\/v2\/posts\/34685\/revisions\/34688"}],"wp:featuredmedia":[{"embeddable":true,"href":"https:\/\/bihavadis.com\/index.php\/wp-json\/wp\/v2\/media\/34686"}],"wp:attachment":[{"href":"https:\/\/bihavadis.com\/index.php\/wp-json\/wp\/v2\/media?parent=34685"}],"wp:term":[{"taxonomy":"category","embeddable":true,"href":"https:\/\/bihavadis.com\/index.php\/wp-json\/wp\/v2\/categories?post=34685"},{"taxonomy":"post_tag","embeddable":true,"href":"https:\/\/bihavadis.com\/index.php\/wp-json\/wp\/v2\/tags?post=34685"}],"curies":[{"name":"wp","href":"https:\/\/api.w.org\/{rel}","templated":true}]}}