{"id":34753,"date":"2026-02-15T08:06:04","date_gmt":"2026-02-15T08:06:04","guid":{"rendered":"https:\/\/bihavadis.com\/?p=34753"},"modified":"2026-02-15T08:06:04","modified_gmt":"2026-02-15T08:06:04","slug":"trump-israilin-bati-seriayi-ilhakini-desteklemiyorum","status":"publish","type":"post","link":"https:\/\/bihavadis.com\/index.php\/2026\/02\/15\/trump-israilin-bati-seriayi-ilhakini-desteklemiyorum\/","title":{"rendered":"Trump: \u0130srail&#8217;in Bat\u0131 \u015eeria&#8217;y\u0131 ilhak\u0131n\u0131 desteklemiyorum"},"content":{"rendered":"<p>Amerikan Axios haber sitesine r\u00f6portaj veren ABD Ba\u015fkan\u0131 Donald Trump, \u0130srail politikalar\u0131na ili\u015fkin dikkat \u00e7eken a\u00e7\u0131klamalar yapt\u0131.<\/p>\n<p>B\u00f6lgede \u00f6nemli ad\u0131mlar att\u0131klar\u0131n\u0131 ve yapmalar\u0131 gereken \u00e7ok \u015fey oldu\u011funu anlatan Trump, Bat\u0131 \u015eeria&#8217;n\u0131n ilhak\u0131na ili\u015fkin soruya, <b><em>&#8220;Ben ilhak\u0131 desteklemiyorum. \u015eu anda d\u00fc\u015f\u00fcnmemiz gereken yeterince \u015fey var. Bat\u0131 \u015eeria ile u\u011fra\u015fmam\u0131za gerek yok&#8221;<\/em><\/b> de\u011ferlendirmesinde bulundu.<\/p>\n<p>Trump&#8217;\u0131n bu a\u00e7\u0131klamas\u0131 \u0130srail kabinesinin Bat\u0131 \u015eeria&#8217;n\u0131n olas\u0131 ilhak\u0131na y\u00f6nelik yeni ad\u0131mlar at\u0131lmas\u0131n\u0131n \u00f6n\u00fcn\u00fc a\u00e7an kararlar\u0131n\u0131n ard\u0131ndan geldi.<\/p>\n<p><strong>NETANYAHU \u0130LE G\u00d6R\u00dc\u015eECEK<\/strong><\/p>\n<p>\u0130srail Ba\u015fbakan\u0131 Binyamin Netanyahu&#8217;nun Beyaz Saray&#8217;da yap\u0131lacak g\u00f6r\u00fc\u015fmede konuyu g\u00fcndeme getirmesi bekleniyor.<\/p>\n<p>Trump, daha \u00f6nceki a\u00e7\u0131klamalar\u0131nda Gazze&#8217;de ate\u015fkes s\u00fcrecinin i\u015fleyebilmesi i\u00e7in M\u00fcsl\u00fcman \u00fclkelere &#8216;Bat\u0131 \u015eeria&#8217;n\u0131n ilhak edilmeyece\u011fi&#8217; y\u00f6n\u00fcnde teminat verdi\u011fini dile getirmi\u015fti.<\/p>\n<p><strong>\u0130LHAKIN \u00d6N\u00dcN\u00dc A\u00c7ACAK KARARLAR ONAYLANDI<\/strong><\/p>\n<p>1995 tarihli \u0130kinci Oslo Anla\u015fmas\u0131&#8217;na g\u00f6re Bat\u0131 \u015eeria, tamamen Filistin y\u00f6netimindeki A B\u00f6lgesi, Filistin sivil idaresi ve \u0130srail g\u00fcvenlik kontrol\u00fcndeki B B\u00f6lgesi ile tamamen \u0130srail kontrol\u00fcndeki C B\u00f6lgesi olmak \u00fczere \u00fc\u00e7e ayr\u0131l\u0131yor.<\/p>\n<p>C B\u00f6lgesi, Bat\u0131 \u015eeria&#8217;n\u0131n yakla\u015f\u0131k y\u00fczde 61&#8217;ini kaps\u0131yor.<\/p>\n<p>\u0130srail g\u00fcvenlik kabinesinin 8 \u015eubat&#8217;ta i\u015fgal alt\u0131ndaki Bat\u0131 \u015eeria&#8217;da Filistin y\u00f6netiminin kontrol\u00fcndeki b\u00f6lgelerde \u0130srail&#8217;in &#8216;denetim ve kontrol faaliyetlerini&#8217; art\u0131ran bir dizi karar\u0131 onaylad\u0131\u011f\u0131 belirtilmi\u015fti.<\/p>\n<p>\u0130srail bas\u0131n\u0131nda yer alan haberlere g\u00f6re baz\u0131 kararlar El Halil&#8217;deki mevcut d\u00fczenlemeleri de etkiliyor.<\/p>\n<p>Buna g\u00f6re, Harem-i \u0130brahim Camisi ve \u00e7evresindeki planlama ile in\u015faat yetkilerinin 1997 El Halil Anla\u015fmas\u0131&#8217;na ayk\u0131r\u0131 \u015fekilde belediyeden al\u0131narak \u0130srail Sivil \u0130daresine ba\u011fl\u0131 kurumlara devredilmesi kararla\u015ft\u0131r\u0131ld\u0131.<\/p>\n<p>Birle\u015fmi\u015f Milletler ve uluslararas\u0131 toplum, Do\u011fu Kud\u00fcs dahil Bat\u0131 \u015eeria&#8217;y\u0131 i\u015fgal alt\u0131ndaki Filistin topra\u011f\u0131 olarak kabul ederken \u0130srail&#8217;in Yahudi yerle\u015fim faaliyetleri uluslararas\u0131 hukuka g\u00f6re yasa d\u0131\u015f\u0131 say\u0131l\u0131yor.<\/p>\n","protected":false},"excerpt":{"rendered":"<p>\u0130srail&#8217;in i\u015fgal alt\u0131ndaki Bat\u0131 \u015eeria&#8217;y\u0131 ilhak etmeye y\u00f6nelik ad\u0131mlar\u0131na kar\u015f\u0131 oldu\u011funu belirten ABD Ba\u015fkan\u0131 Donald Trump, &#8220;Ben ilhak\u0131 desteklemiyorum. \u015eu anda d\u00fc\u015f\u00fcnmemiz gereken yeterince \u015fey var&#8221; dedi.<\/p>\n","protected":false},"author":1,"featured_media":34754,"comment_status":"open","ping_status":"open","sticky":false,"template":"","format":"standard","meta":{"footnotes":""},"categories":[6],"tags":[5110,5111,792],"class_list":["post-34753","post","type-post","status-publish","format-standard","has-post-thumbnail","hentry","category-dunya","tag-bati-seria","tag-ilhak","tag-israil"],"_links":{"self":[{"href":"https:\/\/bihavadis.com\/index.php\/wp-json\/wp\/v2\/posts\/34753","targetHints":{"allow":["GET"]}}],"collection":[{"href":"https:\/\/bihavadis.com\/index.php\/wp-json\/wp\/v2\/posts"}],"about":[{"href":"https:\/\/bihavadis.com\/index.php\/wp-json\/wp\/v2\/types\/post"}],"author":[{"embeddable":true,"href":"https:\/\/bihavadis.com\/index.php\/wp-json\/wp\/v2\/users\/1"}],"replies":[{"embeddable":true,"href":"https:\/\/bihavadis.com\/index.php\/wp-json\/wp\/v2\/comments?post=34753"}],"version-history":[{"count":1,"href":"https:\/\/bihavadis.com\/index.php\/wp-json\/wp\/v2\/posts\/34753\/revisions"}],"predecessor-version":[{"id":34755,"href":"https:\/\/bihavadis.com\/index.php\/wp-json\/wp\/v2\/posts\/34753\/revisions\/34755"}],"wp:featuredmedia":[{"embeddable":true,"href":"https:\/\/bihavadis.com\/index.php\/wp-json\/wp\/v2\/media\/34754"}],"wp:attachment":[{"href":"https:\/\/bihavadis.com\/index.php\/wp-json\/wp\/v2\/media?parent=34753"}],"wp:term":[{"taxonomy":"category","embeddable":true,"href":"https:\/\/bihavadis.com\/index.php\/wp-json\/wp\/v2\/categories?post=34753"},{"taxonomy":"post_tag","embeddable":true,"href":"https:\/\/bihavadis.com\/index.php\/wp-json\/wp\/v2\/tags?post=34753"}],"curies":[{"name":"wp","href":"https:\/\/api.w.org\/{rel}","templated":true}]}}