{"id":34795,"date":"2026-02-15T08:45:36","date_gmt":"2026-02-15T08:45:36","guid":{"rendered":"https:\/\/bihavadis.com\/?p=34795"},"modified":"2026-02-15T08:45:36","modified_gmt":"2026-02-15T08:45:36","slug":"rusyadan-abd-iran-muzakereleri-icin-uranyum-depolama-onerisi","status":"publish","type":"post","link":"https:\/\/bihavadis.com\/index.php\/2026\/02\/15\/rusyadan-abd-iran-muzakereleri-icin-uranyum-depolama-onerisi\/","title":{"rendered":"Rusya&#8217;dan ABD-\u0130ran m\u00fczakereleri i\u00e7in &#8216;uranyum depolama&#8217; \u00f6nerisi"},"content":{"rendered":"<p><strong> Rusya, \u0130ran ile ABD aras\u0131ndaki gerilimin azalt\u0131lmas\u0131 amac\u0131yla \u0130ran&#8217;\u0131n elindeki zenginle\u015ftirilmi\u015f uranyumunu i\u015flemeyi ve depolamay\u0131 teklif etti.<\/strong><\/p>\n<p>Reuters haber ajans\u0131na g\u00f6re, Rusya D\u0131\u015fi\u015fleri Bakan\u0131 s\u00f6zc\u00fcs\u00fc Dimitri Peskov, 2 \u015eubat&#8217;ta yapt\u0131\u011f\u0131 a\u00e7\u0131klamada, Moskova&#8217;n\u0131n ABD ile m\u00fczakereleri desteklemek amac\u0131yla \u0130ran&#8217;dan zenginle\u015ftirilmi\u015f uranyum al\u0131p, sivil n\u00fckleer reakt\u00f6rler i\u00e7in yak\u0131ta d\u00f6n\u00fc\u015ft\u00fcrme tekliflerini yinelediklerini belirtti.<\/p>\n<p>S\u00f6zc\u00fc Peskov, Rusya&#8217;n\u0131n \u0130ran ve ABD ile \u0130ran&#8217;\u0131n zenginle\u015ftirilmi\u015f uranyumunu alma olas\u0131l\u0131\u011f\u0131n\u0131 g\u00f6r\u00fc\u015f\u00fcp g\u00f6r\u00fc\u015fmedi\u011fi sorusuna &#8220;Bu konu uzun zamand\u0131r g\u00fcndemde&#8221; yan\u0131t\u0131n\u0131 verdi.<\/p>\n<p>Peskov, &#8220;Rusya, bir dizi \u00fclke i\u00e7in baz\u0131 rahats\u0131zl\u0131klar\u0131 ortadan kald\u0131racak muhtemel bir se\u00e7enek olarak hizmetlerini olduk\u00e7a uzun zamand\u0131r sunuyor&#8221; dedi.<\/p>\n<p>Rusya&#8217;n\u0131n &#8220;ilgili t\u00fcm taraflarla temaslar\u0131n\u0131 s\u00fcrd\u00fcrd\u00fc\u011f\u00fcn\u00fc&#8221; belirten Peskov, \u0130ran konusundaki gerilimi elinden geldi\u011fince haz\u0131r pozisyonunu koruyor&#8221; dedi.<\/p>\n<p>ABD Ba\u015fkan\u0131 Donald Trump&#8217;\u0131n \u0130ran&#8217;\u0131n n\u00fckleer silah geli\u015ftirmesini \u00f6nlemesi i\u00e7in Tahran&#8217;la &#8220;ciddi&#8221; g\u00f6r\u00fc\u015fmeler yapt\u0131klar\u0131n\u0131 s\u00f6ylemi\u015fti. <\/p>\n<p>Beyaz Saray&#8217;da 30 Ocak&#8217;ta gazetecilerin sorular\u0131n\u0131 yan\u0131tlayan Ba\u015fkan Trump, \u0130ran&#8217;la nas\u0131l bir anla\u015fma yap\u0131labilece\u011fini s\u00f6ylemedi ama Tahran&#8217;a anla\u015fma i\u00e7in bir s\u00fcre tan\u0131nd\u0131\u011f\u0131n\u0131 ekledi.<\/p>\n<p>\u0130ran Y\u00fcksek Ulusal G\u00fcvenlik Konseyi Sekreteri Ali Laricani de m\u00fczakereler i\u00e7in bir \u00e7er\u00e7eve olu\u015fturuldu\u011funu a\u00e7\u0131klad\u0131.<\/p>\n<p>Laricani, &#8220;Medyada olu\u015fturulan sava\u015f senaryolar\u0131n\u0131n aksine, m\u00fczakereler i\u00e7in yap\u0131sal d\u00fczenlemelerde ilerleme kaydediyoruz&#8221; dedi.<\/p>\n<p><b> Diplomasi trafi\u011fi<\/b><\/p>\n<p>\u0130ran ve ABD aras\u0131ndaki gerilimin b\u00f6lgesel \u00e7at\u0131\u015fmaya d\u00f6n\u00fc\u015fmemesi i\u00e7in uluslararas\u0131 diplomasi trafi\u011fi de h\u0131zland\u0131. <\/p>\n<p>ABD Ba\u015fkan\u0131 Donald Trump, Ocak ay\u0131nda \u0130ran&#8217;da artan protestolar\u0131n ard\u0131ndan &#8220;yard\u0131m yolda&#8221; demi\u015f, s\u00f6zleri ABD&#8217;nin b\u00f6lgede askeri bir m\u00fcdahalede bulunaca\u011f\u0131 yorumlar\u0131na sebep olmu\u015ftu.<\/p>\n<p>Trump, ilerleyen g\u00fcnlerde &#8220;bir armadan\u0131n&#8221; yolda oldu\u011funu s\u00f6ylemi\u015f, ABD&#8217;ye ait Abraham Lincoln u\u00e7ak gemisinin Orta Do\u011fu&#8217;daki ABD Merkez Komutanl\u0131\u011f\u0131 CENTCOM sorumluluk alan\u0131na konu\u015fland\u0131r\u0131ld\u0131\u011f\u0131 a\u00e7\u0131klanm\u0131\u015ft\u0131.<\/p>\n<p>Trump 28 Ocak&#8217;ta Tahran&#8217;\u0131 n\u00fckleer program\u0131 konusunda m\u00fczakerelere geri d\u00f6nmeye \u00e7a\u011f\u0131rd\u0131.<\/p>\n<p>ABD Ba\u015fkan\u0131, Haziran 2025&#8217;te \u00fc\u00e7 \u0130ran n\u00fckleer tesisini hedef alan ABD sald\u0131r\u0131lar\u0131n\u0131 hat\u0131rlatarak, yap\u0131lacak m\u00fcdahalenin &#8220;\u00e7ok daha k\u00f6t\u00fc&#8221; olaca\u011f\u0131n\u0131 s\u00f6yledi.<\/p>\n<p>\u0130ran Devrim Muhaf\u0131zlar\u0131&#8217;n\u0131n 1 \u015eubat g\u00fcn\u00fc H\u00fcrm\u00fcz Bo\u011faz\u0131&#8217;nda bir deniz tatbikat\u0131 yapmas\u0131 bekleniyordu ancak bu tatbikat\u0131n yap\u0131lmayaca\u011f\u0131 bildirildi.<\/p>\n<p>Yine 1 \u015eubat&#8217;ta \u0130ran D\u0131\u015fi\u015fleri Bakan\u0131 Abbas Arak\u00e7i CNN&#8217;e yapt\u0131\u011f\u0131 a\u00e7\u0131klamada, \u0130ran&#8217;\u0131n ABD&#8217;ye m\u00fczakere orta\u011f\u0131 olarak g\u00fcvenini kaybetti\u011fini, ancak b\u00f6lgedeki dost \u00fclkeler arac\u0131l\u0131\u011f\u0131yla yap\u0131lan g\u00f6r\u00fc\u015fmelerin, Trump y\u00f6netimiyle &#8220;verimli&#8221; temaslar\u0131 kolayla\u015ft\u0131rd\u0131\u011f\u0131n\u0131 belirtti.<\/p>\n<p>\u0130ran D\u0131\u015fi\u015fleri Bakan\u0131, \u00fclkesinin n\u00fckleer program\u0131 konusunda Washington ile bir anla\u015fmaya varabileceklerine inand\u0131\u011f\u0131n\u0131 s\u00f6yledi.<\/p>\n<p>\u0130ran dini lideri Ayetullah Hamaney ABD&#8217;nin olas\u0131 bir sald\u0131r\u0131s\u0131n\u0131n b\u00f6lgesel bir sava\u015fa yol a\u00e7aca\u011f\u0131n\u0131 s\u00f6ylerken, \u00e7at\u0131\u015fman\u0131n \u00f6nlenmesi i\u00e7in uluslararas\u0131 diplomasi trafi\u011fi h\u0131zland\u0131.<\/p>\n<p>D\u0131\u015fi\u015fleri Bakan\u0131 Hakan Fidan 29 Ocak&#8217;ta \u0130ranl\u0131 mevkida\u015f\u0131 Arak\u00e7\u0131 ile g\u00f6r\u00fc\u015fm\u00fc\u015f, g\u00f6r\u00fc\u015fmenin sonunda &#8220;m\u00fczakere masas\u0131na&#8221; vurgu yapm\u0131\u015ft\u0131. Cumhurba\u015fkan\u0131 Recep Tayyip Erdo\u011fan da 30 Ocak&#8217;ta \u0130ran Cumhurba\u015fkan\u0131 Mesud Peze\u015fkiyan ile telefonda g\u00f6r\u00fc\u015ft\u00fc.<\/p>\n<p>\u0130leti\u015fim Ba\u015fkanl\u0131\u011f\u0131&#8217;ndan yap\u0131lan a\u00e7\u0131klamaya g\u00f6re Cumhurba\u015fkan\u0131 Erdo\u011fan g\u00f6r\u00fc\u015fmede, Ankara&#8217;n\u0131n \u0130ran ile ABD aras\u0131nda kolayla\u015ft\u0131r\u0131c\u0131 rol \u00fcstlenmeye haz\u0131r oldu\u011funu vurgulad\u0131.<\/p>\n<p>Erdo\u011fan, Fidan&#8217;dan sonra T\u00fcrkiye&#8217;de bulunan \u0130ran D\u0131\u015fi\u015fleri Bakan\u0131 Arak\u00e7i ile de bir araya geldi.<\/p>\n<p>Katar Ba\u015fbakan\u0131 Muhammed bin Abdulrahman El Thani de 31 Ocak&#8217;ta Tahran&#8217;\u0131 ziyaret ederek \u0130ran Y\u00fcksek Ulusal G\u00fcvenlik Konseyi Sekreteri Ali Larijani ile g\u00f6r\u00fc\u015ft\u00fc.<\/p>\n<p>Toplant\u0131dan k\u0131sa bir s\u00fcre sonra Larijani, sosyal medya platformunda &#8220;m\u00fczakereler i\u00e7in bir \u00e7er\u00e7eve olu\u015fturulmas\u0131 \u00e7abalar\u0131nda ilerleme kaydedildi\u011fini&#8221; yazd\u0131.<\/p>\n<p>M\u0131s\u0131r Cumhurba\u015fkan\u0131 Abd\u00fclfettah el-Sisi, ayn\u0131 g\u00fcn \u0130ranl\u0131 mevkida\u015f\u0131 Mesud Peze\u015fkiyan ile telefon g\u00f6r\u00fc\u015fmesi yapt\u0131 ve kendisinden Trump yetkilileriyle bir g\u00f6r\u00fc\u015fme yapmay\u0131 kabul etmesini istedi.<\/p>\n<p><b>ABD-\u0130ran toplant\u0131s\u0131 olas\u0131l\u0131\u011f\u0131 konu\u015fuluyor<\/b><\/p>\n<p>Diplomasi trafi\u011fi s\u00fcrerken \u0130ran yar\u0131 resmi haber ajans\u0131 Tasnim, \u0130ranl\u0131 bir yetkiliye dayand\u0131rd\u0131\u011f\u0131 haberinde ABD ile \u0130ran aras\u0131nda \u00f6n\u00fcm\u00fczdeki g\u00fcnlerde g\u00f6r\u00fc\u015fmelerin ba\u015flayabilece\u011fini bildirdi.<\/p>\n<p>Ajans, toplant\u0131n\u0131n zaman ve yerinin kesinle\u015fmedi\u011fini ancak g\u00f6r\u00fc\u015fmelerin \u0130ran D\u0131\u015fi\u015fleri Bakan\u0131 Abbas Arak\u00e7\u0131 ile ABD \u00d6zel Temsilcisi Steve Witkoff aras\u0131nda yap\u0131lmas\u0131n\u0131n muhtemel oldu\u011funu aktard\u0131.<\/p>\n<p>ABD&#8217;li yay\u0131n kurulu\u015fu Axios da ABD&#8217;li bir yetkiliye dayand\u0131rd\u0131\u011f\u0131 haberinde T\u00fcrkiye, M\u0131s\u0131r ve Katar&#8217;\u0131n bu hafta Ankara&#8217;da \u0130ranl\u0131 ve ABD&#8217;li yetkililer aras\u0131nda bir g\u00f6r\u00fc\u015fme ayarlamaya \u00e7al\u0131\u015ft\u0131\u011f\u0131n\u0131 yazd\u0131.<\/p>\n","protected":false},"excerpt":{"rendered":"<p>Rusya, \u0130ran ile ABD aras\u0131ndaki gerilimin azalt\u0131lmas\u0131 amac\u0131yla \u0130ran&#8217;\u0131n zenginle\u015ftirilmi\u015f uranyumunu i\u015fleme ve depolamay\u0131 teklif etti.<\/p>\n","protected":false},"author":1,"featured_media":0,"comment_status":"open","ping_status":"open","sticky":false,"template":"","format":"standard","meta":{"footnotes":""},"categories":[6],"tags":[272,5119,435,271,1369],"class_list":["post-34795","post","type-post","status-publish","format-standard","hentry","category-dunya","tag-abd","tag-disisleri-bakani","tag-gorusme","tag-iran","tag-trump"],"_links":{"self":[{"href":"https:\/\/bihavadis.com\/index.php\/wp-json\/wp\/v2\/posts\/34795","targetHints":{"allow":["GET"]}}],"collection":[{"href":"https:\/\/bihavadis.com\/index.php\/wp-json\/wp\/v2\/posts"}],"about":[{"href":"https:\/\/bihavadis.com\/index.php\/wp-json\/wp\/v2\/types\/post"}],"author":[{"embeddable":true,"href":"https:\/\/bihavadis.com\/index.php\/wp-json\/wp\/v2\/users\/1"}],"replies":[{"embeddable":true,"href":"https:\/\/bihavadis.com\/index.php\/wp-json\/wp\/v2\/comments?post=34795"}],"version-history":[{"count":1,"href":"https:\/\/bihavadis.com\/index.php\/wp-json\/wp\/v2\/posts\/34795\/revisions"}],"predecessor-version":[{"id":34796,"href":"https:\/\/bihavadis.com\/index.php\/wp-json\/wp\/v2\/posts\/34795\/revisions\/34796"}],"wp:attachment":[{"href":"https:\/\/bihavadis.com\/index.php\/wp-json\/wp\/v2\/media?parent=34795"}],"wp:term":[{"taxonomy":"category","embeddable":true,"href":"https:\/\/bihavadis.com\/index.php\/wp-json\/wp\/v2\/categories?post=34795"},{"taxonomy":"post_tag","embeddable":true,"href":"https:\/\/bihavadis.com\/index.php\/wp-json\/wp\/v2\/tags?post=34795"}],"curies":[{"name":"wp","href":"https:\/\/api.w.org\/{rel}","templated":true}]}}