{"id":34801,"date":"2026-02-15T08:54:05","date_gmt":"2026-02-15T08:54:05","guid":{"rendered":"https:\/\/bihavadis.com\/?p=34801"},"modified":"2026-02-15T08:54:05","modified_gmt":"2026-02-15T08:54:05","slug":"surucusunun-fren-yerine-gaza-bastigi-otomobil-avmde-kafeye-daldi","status":"publish","type":"post","link":"https:\/\/bihavadis.com\/index.php\/2026\/02\/15\/surucusunun-fren-yerine-gaza-bastigi-otomobil-avmde-kafeye-daldi\/","title":{"rendered":"S\u00fcr\u00fcc\u00fcs\u00fcn\u00fcn fren yerine gaza bast\u0131\u011f\u0131 otomobil, AVM&#8217;de kafeye dald\u0131"},"content":{"rendered":"<p> Tekirda\u011f&#8217;\u0131n \u00c7orlu il\u00e7esinde Sultan K.&#8217;nin, al\u0131\u015fveri\u015f merkezinin otopark\u0131nda fren yerine gaz\u0131na bast\u0131\u011f\u0131 otomobil, kafeye girdi.<\/p>\n<p> Kaza, saat 16.00 s\u0131ralar\u0131nda Salih Omurtak Caddesi&#8217;ndeki bir al\u0131\u015fveri\u015f merkezinde meydana geldi. Al\u0131\u015fveri\u015f merkezinde otomobilini park etmek isteyen Sultan K., iddiaya g\u00f6re fren yerine gaza bast\u0131. <\/p>\n<p><b>FREN YER\u0130NE GAZA BASINCA OLANLAR OLDU<\/b><\/p>\n<p>H\u0131zlanan otomobilin \u00fczerlerine geldi\u011fini g\u00f6renler, sa\u011fa sola ka\u00e7\u0131\u015ft\u0131. Otomobil, 3 metre y\u00fckseklikten d\u00fc\u015ferek giri\u015f kat\u0131nda bulunan kafeye girdi. <\/p>\n<p><b>ARA\u00c7 KAFEYE G\u0130RD\u0130<\/b><\/p>\n<p>Otomobilin \u00e7arpt\u0131\u011f\u0131 \u00e7ay kazan\u0131n \u00fczerine devrildi\u011fi 1 \u00e7al\u0131\u015fan yaraland\u0131. \u0130hbar \u00fczerine kaza yerine polis, sa\u011fl\u0131k ve itfaiye ekipleri sevk edildi. Yaralanan kafe \u00e7al\u0131\u015fan\u0131 \u00c7orlu Devlet Hastanesi&#8217;ne kald\u0131r\u0131larak tedaviye al\u0131nd\u0131. Kazan\u0131n etkisiyle \u015fok ge\u00e7iren Sultan K., ifadesine ba\u015fvurulmak \u00fczere polis merkezine g\u00f6t\u00fcr\u00fcld\u00fc. Bu arada kaza, \u00e7evredeki g\u00fcvenlik kameras\u0131na yans\u0131d\u0131.<\/p>\n","protected":false},"excerpt":{"rendered":"<p>Tekirda\u011f&#8217;\u0131n \u00c7orlu il\u00e7esinde Sultan K.&#8217;nin, al\u0131\u015fveri\u015f merkezinin otopark\u0131nda fren yerine gaz\u0131na bast\u0131\u011f\u0131 otomobil, kafeye girdi. Kafe \u00e7al\u0131\u015fan\u0131 1 ki\u015finin yaraland\u0131\u011f\u0131 kaza, g\u00fcvenlik kameras\u0131na yans\u0131d\u0131.<\/p>\n","protected":false},"author":1,"featured_media":34802,"comment_status":"open","ping_status":"open","sticky":false,"template":"","format":"standard","meta":{"footnotes":""},"categories":[9,4,13],"tags":[283],"class_list":["post-34801","post","type-post","status-publish","format-standard","has-post-thumbnail","hentry","category-genel","category-gundem","category-son-dakika","tag-kaza"],"_links":{"self":[{"href":"https:\/\/bihavadis.com\/index.php\/wp-json\/wp\/v2\/posts\/34801","targetHints":{"allow":["GET"]}}],"collection":[{"href":"https:\/\/bihavadis.com\/index.php\/wp-json\/wp\/v2\/posts"}],"about":[{"href":"https:\/\/bihavadis.com\/index.php\/wp-json\/wp\/v2\/types\/post"}],"author":[{"embeddable":true,"href":"https:\/\/bihavadis.com\/index.php\/wp-json\/wp\/v2\/users\/1"}],"replies":[{"embeddable":true,"href":"https:\/\/bihavadis.com\/index.php\/wp-json\/wp\/v2\/comments?post=34801"}],"version-history":[{"count":1,"href":"https:\/\/bihavadis.com\/index.php\/wp-json\/wp\/v2\/posts\/34801\/revisions"}],"predecessor-version":[{"id":34803,"href":"https:\/\/bihavadis.com\/index.php\/wp-json\/wp\/v2\/posts\/34801\/revisions\/34803"}],"wp:featuredmedia":[{"embeddable":true,"href":"https:\/\/bihavadis.com\/index.php\/wp-json\/wp\/v2\/media\/34802"}],"wp:attachment":[{"href":"https:\/\/bihavadis.com\/index.php\/wp-json\/wp\/v2\/media?parent=34801"}],"wp:term":[{"taxonomy":"category","embeddable":true,"href":"https:\/\/bihavadis.com\/index.php\/wp-json\/wp\/v2\/categories?post=34801"},{"taxonomy":"post_tag","embeddable":true,"href":"https:\/\/bihavadis.com\/index.php\/wp-json\/wp\/v2\/tags?post=34801"}],"curies":[{"name":"wp","href":"https:\/\/api.w.org\/{rel}","templated":true}]}}