{"id":34825,"date":"2026-02-15T09:15:06","date_gmt":"2026-02-15T09:15:06","guid":{"rendered":"https:\/\/bihavadis.com\/?p=34825"},"modified":"2026-02-15T09:15:06","modified_gmt":"2026-02-15T09:15:06","slug":"yillarin-kuslugu-bitti-demet-akalin-sarkici-berkayin-evine-gitti","status":"publish","type":"post","link":"https:\/\/bihavadis.com\/index.php\/2026\/02\/15\/yillarin-kuslugu-bitti-demet-akalin-sarkici-berkayin-evine-gitti\/","title":{"rendered":"Y\u0131llar\u0131n k\u00fcsl\u00fc\u011f\u00fc bitti! Demet Akal\u0131n \u015fark\u0131c\u0131 Berkay&#8217;\u0131n evine gitti"},"content":{"rendered":"<p>\u0130ki yak\u0131n arkada\u015fken bir anda birbirlerine d\u00fc\u015fman olan Demet Akal\u0131n &#8211; Berkay k\u00fcsl\u00fc\u011f\u00fc ge\u00e7ti\u011fimiz g\u00fcnlerde resmen sona ermi\u015fti. \u00dcnl\u00fc isimlerin bulu\u015fmas\u0131nda duygusal anlar ya\u015fan\u0131rken, ikili birbirine \u00f6zlemle sar\u0131lm\u0131\u015ft\u0131.<\/p>\n<p><strong>&#8220;\u00d6ZLEM G\u0130DERD\u0130K&#8221;<\/strong><\/p>\n<p>Demet Akal\u0131n, bar\u0131\u015fma sonras\u0131 Instagram hesab\u0131ndan yapt\u0131\u011f\u0131 payla\u015f\u0131mda <b><em>&#8216;Ne g\u00fczeldi Cumartesi, \u00e7ok \u00f6zlemi\u015fim \u00e7ok<\/em><\/b>&#8216; ifadelerini kullanm\u0131\u015ft\u0131. \u00dcnl\u00fc \u015fark\u0131c\u0131lar bar\u0131\u015f sonras\u0131 yeniden bir araya geldi. Akal\u0131n, bulu\u015fmadan anlar\u0131 sosyal medya hesab\u0131ndan<b><em> &#8216;\u00d6zlem giderdik saatlerce&#8217; <\/em><\/b>notuyla takip\u00e7ileriyle payla\u015ft\u0131. Akal\u0131n, be\u011feni toplayan karede Berkay&#8217;\u0131n e\u015fi \u00d6zlem Ada \u015eahin ve hayat arkada\u015f\u0131 Okan Kurt&#8217;u da etiketledi.<\/p>\n<p><strong>K\u00dcSL\u00dc\u011e\u00dcN NEDEN\u0130<\/strong><\/p>\n<p>Demet Akal\u0131n ve Berkay\u2019\u0131n e\u015fi \u00d6zlem Ada \u015eahin, hediye saat y\u00fcz\u00fcnden birbirine girmi\u015fti. Akal\u0131n, hediye etti\u011fi saati satmak isteyen \u00e7ifte k\u00fcsm\u00fc\u015ft\u00fc. Taraflar, birbiri hakk\u0131nda a\u011f\u0131r konu\u015fmu\u015ftu.<\/p>\n<p><img decoding=\"async\" src=\"https:\/\/bihavadis.com\/wp-content\/uploads\/2026\/02\/yillarin-kuslugu-bitti-demet-akalin-sarkici-berkayin-evine-gitti-0-75gXRymm.jpg\"\/><\/p>\n","protected":false},"excerpt":{"rendered":"<p>Y\u0131llard\u0131r k\u00fcs olan \u00fcnl\u00fc \u015fark\u0131c\u0131lar Demet Akal\u0131n ve Berkay aras\u0131ndaki buzlar eridi. \u0130kili, ailece g\u00f6r\u00fc\u015fmelere ba\u015flad\u0131.<\/p>\n","protected":false},"author":1,"featured_media":34826,"comment_status":"open","ping_status":"open","sticky":false,"template":"","format":"standard","meta":{"footnotes":""},"categories":[1],"tags":[5120,3364],"class_list":["post-34825","post","type-post","status-publish","format-standard","has-post-thumbnail","hentry","category-uncategorized","tag-akalin","tag-ozlem"],"_links":{"self":[{"href":"https:\/\/bihavadis.com\/index.php\/wp-json\/wp\/v2\/posts\/34825","targetHints":{"allow":["GET"]}}],"collection":[{"href":"https:\/\/bihavadis.com\/index.php\/wp-json\/wp\/v2\/posts"}],"about":[{"href":"https:\/\/bihavadis.com\/index.php\/wp-json\/wp\/v2\/types\/post"}],"author":[{"embeddable":true,"href":"https:\/\/bihavadis.com\/index.php\/wp-json\/wp\/v2\/users\/1"}],"replies":[{"embeddable":true,"href":"https:\/\/bihavadis.com\/index.php\/wp-json\/wp\/v2\/comments?post=34825"}],"version-history":[{"count":1,"href":"https:\/\/bihavadis.com\/index.php\/wp-json\/wp\/v2\/posts\/34825\/revisions"}],"predecessor-version":[{"id":34828,"href":"https:\/\/bihavadis.com\/index.php\/wp-json\/wp\/v2\/posts\/34825\/revisions\/34828"}],"wp:featuredmedia":[{"embeddable":true,"href":"https:\/\/bihavadis.com\/index.php\/wp-json\/wp\/v2\/media\/34826"}],"wp:attachment":[{"href":"https:\/\/bihavadis.com\/index.php\/wp-json\/wp\/v2\/media?parent=34825"}],"wp:term":[{"taxonomy":"category","embeddable":true,"href":"https:\/\/bihavadis.com\/index.php\/wp-json\/wp\/v2\/categories?post=34825"},{"taxonomy":"post_tag","embeddable":true,"href":"https:\/\/bihavadis.com\/index.php\/wp-json\/wp\/v2\/tags?post=34825"}],"curies":[{"name":"wp","href":"https:\/\/api.w.org\/{rel}","templated":true}]}}