{"id":34867,"date":"2026-02-15T09:51:06","date_gmt":"2026-02-15T09:51:06","guid":{"rendered":"https:\/\/bihavadis.com\/?p=34867"},"modified":"2026-02-15T09:51:06","modified_gmt":"2026-02-15T09:51:06","slug":"bursa-uluslararasi-spor-festivali-basliyor","status":"publish","type":"post","link":"https:\/\/bihavadis.com\/index.php\/2026\/02\/15\/bursa-uluslararasi-spor-festivali-basliyor\/","title":{"rendered":"Bursa Uluslararas\u0131 Spor Festivali Ba\u015fl\u0131yor"},"content":{"rendered":"<p>\n<p>BURSA B\u00fcy\u00fck\u015fehir Belediyesi taraf\u0131ndan bu y\u0131l 23 Mart\u201319 May\u0131s tarihleri aras\u0131nda kent genelinde ikincisi d\u00fczenlenecek olan Bursa Uluslararas\u0131 Spor Festivali&#8217;nin tan\u0131t\u0131m program\u0131 yap\u0131ld\u0131.<\/p>\n<p>Bursa B\u00fcy\u00fck\u015fehir Belediyesi taraf\u0131ndan bu y\u0131l 2&#8217;ncisi d\u00fczenlenecek olan Bursa Uluslararas\u0131 Spor Festivali&#8217;nin tan\u0131t\u0131m program\u0131 Merinos Atat\u00fcrk K\u00fclt\u00fcr Merkezi&#8217;nde ger\u00e7ekle\u015ftirildi. Tan\u0131t\u0131m toplant\u0131s\u0131na Bursa B\u00fcy\u00fck\u015fehir Belediye Ba\u015fkan\u0131 Mustafa Bozbey ile kamu kurumlar\u0131, sivil toplum kurulu\u015flar\u0131, spor camias\u0131 ve e\u011fitim d\u00fcnyas\u0131ndan \u00e7ok say\u0131da temsilci kat\u0131ld\u0131. 23 Mart ile 19 May\u0131s tarihleri aras\u0131nda kent genelinde parklar, meydanlar, okullar ve spor tesislerinde d\u00fczenlenecek etkinliklerle ger\u00e7ekle\u015ftirilecek olan festivalde, farkl\u0131 bran\u015flarda m\u00fcsabakalar ve spor etkinliklerinin yer alacak. Toplant\u0131da konu\u015fan, Bursa B\u00fcy\u00fck\u015fehir Belediye Ba\u015fkan\u0131 Mustafa Bozbey, Bursa Uluslararas\u0131 Spor Festivali&#8217;nin yaln\u0131zca bir spor organizasyonu de\u011fil, g\u00fc\u00e7l\u00fc bir toplumsal bulu\u015fma oldu\u011funa dikkat \u00e7ekerek, &#8220;Bursa Uluslararas\u0131 Spor Festivali, yaln\u0131zca bir spor organizasyonu de\u011fil, ayn\u0131 zamanda kentler aras\u0131nda dostlu\u011fu ve uluslararas\u0131 dayan\u0131\u015fmay\u0131 g\u00fc\u00e7lendiren \u00e7ok de\u011ferli bir k\u00f6pr\u00fcd\u00fcr. Biz, sporu eri\u015filebilir, kapsay\u0131c\u0131 ve ya\u015fam\u0131n her alan\u0131na yay\u0131lan bir hak olarak ele al\u0131yoruz. &#8216;Hareket Eden Bursa, Sa\u011fl\u0131kl\u0131 Bursa&#8217; anlay\u0131\u015f\u0131yla sporu kentimizin g\u00fcnl\u00fck ya\u015fam\u0131n\u0131n ayr\u0131lmaz bir par\u00e7as\u0131 haline getirmekte kararl\u0131y\u0131z&#8221; ifadelerini kulland\u0131.<\/p>\n<p>GE\u00c7EN YIL 17 \u0130L\u00c7EDE 100 B\u0130N\u0130 A\u015eKIN SPORCU KATILDI<\/p>\n<p>Ge\u00e7en y\u0131l ilki yap\u0131lan festivalin, hen\u00fcz ilk y\u0131l\u0131nda olmas\u0131na ra\u011fmen 17 il\u00e7ede ve 17 bran\u015fta 5 binden fazla m\u00fcsabaka ile 100 bini a\u015fk\u0131n kat\u0131l\u0131mc\u0131y\u0131 sporla bulu\u015fturdu\u011funu hat\u0131rlatan Ba\u015fkan Mustafa Bozbey, Bursa Uluslararas\u0131 Spor Festivali&#8217;nin her y\u0131l \u00fcst\u00fcne katarak b\u00fcy\u00fcyece\u011fini, daha fazla \u00e7ocu\u011fa, daha fazla gence ve daha fazla insana ula\u015faca\u011f\u0131n\u0131 s\u00f6yledi. Festivalin, etkinli\u011fin s\u00fcresi, \u00e7e\u015fitlili\u011fi ve kapsay\u0131c\u0131l\u0131\u011f\u0131 bak\u0131m\u0131ndan d\u00fcnyan\u0131n en b\u00fcy\u00fck ve en uzun soluklu organizasyonlar\u0131ndan biri haline geldi\u011fini anlatan ba\u015fkan Mustafa Bozbey, &#8220;Yaln\u0131zca Bursa&#8217;m\u0131z i\u00e7in de\u011fil, T\u00fcrkiye&#8217;ye de \u00f6rnek olabilecek g\u00fc\u00e7l\u00fc bir altyap\u0131 olu\u015fturmu\u015ftur. Bir\u00e7ok belediye taraf\u0131ndan incelenen, \u00f6rnek al\u0131nan ve model olarak de\u011ferlendirilen bir festivale d\u00f6n\u00fc\u015fm\u00fc\u015ft\u00fcr&#8221; diye konu\u015ftu.<\/p>\n<p>&#8216;SPOR KENT\u0130 K\u0130ML\u0130\u011e\u0130N\u0130 \u00d6NE \u00c7IKARMAYI HEDEFL\u0130YORUZ&#8217;<\/p>\n<p>Bu y\u0131l ikincisi d\u00fczenlenen festivalle, spor yapma al\u0131\u015fkanl\u0131\u011f\u0131 kazand\u0131rmay\u0131, spor k\u00fclt\u00fcr\u00fcn\u00fc yayg\u0131nla\u015ft\u0131rmay\u0131, \u00e7ocuklara bireysel sporlarda \u00f6zg\u00fcven, tak\u0131m sporlar\u0131nda ise ekip ruhunu a\u015f\u0131lamay\u0131 ama\u00e7lad\u0131klar\u0131n\u0131 aktaran ba\u015fkan Mustafa Bozbey, \u00e7ocuklar\u0131n ve gen\u00e7lerin en az bir spor ve en az bir sanat dal\u0131yla mutlaka tan\u0131\u015fmas\u0131 gerekti\u011finin de alt\u0131n\u0131 \u00e7izdi. Festivalin 23 Nisan Ulusal Egemenlik ve \u00c7ocuk Bayram\u0131 ile 19 May\u0131s Atat\u00fcrk&#8217;\u00fc Anma, Gen\u00e7lik ve Spor Bayram\u0131&#8217;n\u0131 kapsayan \u00f6zel etkinliklerle ta\u00e7lanaca\u011f\u0131n\u0131 belirten ba\u015fkan Mustafa Bozbey, &#8220;Festivalle birlikte Bursa&#8217;m\u0131z\u0131, sporu ve k\u00fclt\u00fcr\u00fc bir araya getiren, uluslararas\u0131 alanda spor kenti kimli\u011fiyle \u00f6ne \u00e7\u0131kan bir kent haline getirmeyi hedefliyoruz. Festivalimiz, 17 il\u00e7emizin tamam\u0131nda okul \u00f6ncesinden \u00fcniversiteye kadar t\u00fcm \u00f6\u011frencilerimizi, her ya\u015ftan vatanda\u015f\u0131m\u0131z\u0131 ve bu y\u0131l \u015firketler ile kurumlar\u0131 da kapsayacak&#8221; dedi.<\/p>\n<p>HEDEF 150 B\u0130N DO\u011eRUDAN KATILIMCI<\/p>\n<p>Festival kapsam\u0131nda Bursa&#8217;n\u0131n fethinin 700&#8217;\u00fcnc\u00fc y\u0131l\u0131na yara\u015f\u0131r etkinlikler de d\u00fczenlenece\u011fini belirten Bozbey, her ya\u015ftan ve her kesimden Bursal\u0131y\u0131 hareketli, sa\u011fl\u0131kl\u0131 ve aktif bir ya\u015fam k\u00fclt\u00fcr\u00fcyle bulu\u015fturmay\u0131 hedeflediklerini s\u00f6yledi. Bu y\u0131l 150 bin sporcuya do\u011frudan ula\u015fmay\u0131 ve sporu Bursa&#8217;n\u0131n g\u00fcnl\u00fck ya\u015fam\u0131n\u0131n ayr\u0131lmaz bir par\u00e7as\u0131 haline getirmeyi ama\u00e7lad\u0131klar\u0131n\u0131 belirten Bozbey, &#8220;Bursa Uluslararas\u0131 Spor Festivali&#8217;nin her ge\u00e7en y\u0131l b\u00fcy\u00fcyerek kentimizin g\u00fc\u00e7l\u00fc bir gelene\u011fine d\u00f6n\u00fc\u015fece\u011fine y\u00fcrekten inan\u0131yorum. Bursa B\u00fcy\u00fck\u015fehir Belediyesi olarak sporu; eri\u015filebilir, kapsay\u0131c\u0131 ve ya\u015fam\u0131n her alan\u0131na yay\u0131lan bir hak olarak g\u00f6r\u00fcyoruz. Bu anlay\u0131\u015fla da sporu, hayat\u0131n her alan\u0131na yayg\u0131nla\u015ft\u0131rmaya kararl\u0131l\u0131kla devam edece\u011fiz. \u00c7\u00fcnk\u00fc biliyoruz ki hareket eden Bursa, sa\u011fl\u0131kl\u0131 Bursa&#8217;d\u0131r. Ba\u015fta Bursa Valimiz Erol Ayy\u0131ld\u0131z olmak \u00fczere organizasyonda eme\u011fi ge\u00e7en herkese te\u015fekk\u00fcr ediyorum&#8221; \u015feklinde konu\u015ftu. <\/p>\n","protected":false},"excerpt":{"rendered":"<p>Bursa, 23 Mart\u201319 May\u0131s tarihleri aras\u0131nda spor festivali ile kent genelinde etkinlikler d\u00fczenleyecek.<\/p>\n","protected":false},"author":1,"featured_media":34868,"comment_status":"open","ping_status":"open","sticky":false,"template":"","format":"standard","meta":{"footnotes":""},"categories":[14],"tags":[516,512,3380,1380,440],"class_list":["post-34867","post","type-post","status-publish","format-standard","has-post-thumbnail","hentry","category-spor","tag-baskan","tag-bursa","tag-festival","tag-kent","tag-spor"],"_links":{"self":[{"href":"https:\/\/bihavadis.com\/index.php\/wp-json\/wp\/v2\/posts\/34867","targetHints":{"allow":["GET"]}}],"collection":[{"href":"https:\/\/bihavadis.com\/index.php\/wp-json\/wp\/v2\/posts"}],"about":[{"href":"https:\/\/bihavadis.com\/index.php\/wp-json\/wp\/v2\/types\/post"}],"author":[{"embeddable":true,"href":"https:\/\/bihavadis.com\/index.php\/wp-json\/wp\/v2\/users\/1"}],"replies":[{"embeddable":true,"href":"https:\/\/bihavadis.com\/index.php\/wp-json\/wp\/v2\/comments?post=34867"}],"version-history":[{"count":1,"href":"https:\/\/bihavadis.com\/index.php\/wp-json\/wp\/v2\/posts\/34867\/revisions"}],"predecessor-version":[{"id":34869,"href":"https:\/\/bihavadis.com\/index.php\/wp-json\/wp\/v2\/posts\/34867\/revisions\/34869"}],"wp:featuredmedia":[{"embeddable":true,"href":"https:\/\/bihavadis.com\/index.php\/wp-json\/wp\/v2\/media\/34868"}],"wp:attachment":[{"href":"https:\/\/bihavadis.com\/index.php\/wp-json\/wp\/v2\/media?parent=34867"}],"wp:term":[{"taxonomy":"category","embeddable":true,"href":"https:\/\/bihavadis.com\/index.php\/wp-json\/wp\/v2\/categories?post=34867"},{"taxonomy":"post_tag","embeddable":true,"href":"https:\/\/bihavadis.com\/index.php\/wp-json\/wp\/v2\/tags?post=34867"}],"curies":[{"name":"wp","href":"https:\/\/api.w.org\/{rel}","templated":true}]}}