{"id":34904,"date":"2026-02-15T10:21:07","date_gmt":"2026-02-15T10:21:07","guid":{"rendered":"https:\/\/bihavadis.com\/?p=34904"},"modified":"2026-02-15T10:21:07","modified_gmt":"2026-02-15T10:21:07","slug":"ulke-genelinde-sicakliklar-artiyor-yagislar-azalacak","status":"publish","type":"post","link":"https:\/\/bihavadis.com\/index.php\/2026\/02\/15\/ulke-genelinde-sicakliklar-artiyor-yagislar-azalacak\/","title":{"rendered":"\u00dclke genelinde s\u0131cakl\u0131klar art\u0131yor: Ya\u011f\u0131\u015flar azalacak"},"content":{"rendered":"<p>Meteoroloji Genel M\u00fcd\u00fcrl\u00fc\u011f\u00fc&#8217;n\u00fcn (MGM) son verilerine g\u00f6re, genel olarak mevsim normallerinin \u00fczerinde s\u0131cakl\u0131klar hakim olacak, ancak ya\u011f\u0131\u015fl\u0131 bir d\u00f6nem ya\u015fanacak.<\/p>\n<p>Bat\u0131 ve g\u00fcney b\u00f6lgelerde ya\u011fmur, i\u00e7 ve do\u011fu kesimlerde ise kar ya\u011f\u0131\u015f\u0131 etkili olacak.<\/p>\n<p><strong>Y\u00dcKSEK KES\u0130MLERDE KAR DEVAM ED\u0130YOR<\/strong><\/p>\n<p>Bug\u00fcn, yurt genelinde par\u00e7al\u0131 ve \u00e7ok bulutlu bir hava bekleniyor.<\/p>\n<p>\u00d6zellikle Ege, Akdeniz, Do\u011fu Karadeniz, Do\u011fu ve G\u00fcneydo\u011fu Anadolu ile \u00c7anakkale, Bal\u0131kesir, Konya, Karaman, Sivas, Ordu ve Tokat \u00e7evrelerinde aral\u0131kl\u0131 ya\u011f\u0131\u015f g\u00f6r\u00fclecek.<\/p>\n<p>Ya\u011f\u0131\u015flar k\u0131y\u0131larda sa\u011fanak, y\u00fcksek kesimlerde karla kar\u0131\u015f\u0131k ya\u011fmur ve kar \u015feklinde olacak.<\/p>\n<p>S\u0131cakl\u0131klar bat\u0131 ve kuzey kesimlerde 3-5 derece artarken, do\u011fuda daha d\u00fc\u015f\u00fck de\u011ferler hakimiyet g\u00f6sterecek.<\/p>\n<p><strong>YA\u011eI\u015e ETK\u0130L\u0130 OLACAK<\/strong><\/p>\n<p>Per\u015fembe g\u00fcn\u00fc, bir\u00e7ok b\u00f6lgede g\u00fcne\u015fli ve par\u00e7al\u0131 bulutlu ge\u00e7i\u015fler bekleniyor.<\/p>\n<p>Ancak do\u011fu ve g\u00fcneydo\u011fu ile Karadeniz&#8217;in baz\u0131 kesimlerinde ya\u011f\u0131\u015f\u0131n devam edece\u011fi \u00f6ng\u00f6r\u00fcl\u00fcyor.<\/p>\n<p>S\u0131cakl\u0131klar\u0131n genel olarak \u00f6nceki g\u00fcne g\u00f6re hafif art\u0131\u015f g\u00f6sterece\u011fi, i\u00e7 kesimlerde 5-12 derece, k\u0131y\u0131larda 10-18 derece aral\u0131\u011f\u0131na yakla\u015faca\u011f\u0131 tahmin ediliyor.<\/p>\n<p>Ya\u011f\u0131\u015flar\u0131n daha yerel ve hafif \u015fekilde ve y\u00fcksek rak\u0131mlarda kar ya\u011f\u0131\u015f\u0131 g\u00f6r\u00fclece\u011fi d\u00fc\u015f\u00fcn\u00fcl\u00fcyor.<\/p>\n<p><img decoding=\"async\" src=\"https:\/\/bihavadis.com\/wp-content\/uploads\/2026\/02\/ulke-genelinde-sicakliklar-artiyor-yagislar-azalacak-0-zvPJlXuV.jpg\"\/><\/p>\n<p><strong>SICAKLIKLAR Y\u00dcKSELECEK<\/strong><\/p>\n<p>Cuma g\u00fcn\u00fc \u00fclke genelinde bulutluluk art\u0131yor, \u00f6zellikle bat\u0131 ve i\u00e7 b\u00f6lgelerde ya\u011fmur, do\u011fuda kar ya\u011f\u0131\u015f\u0131n\u0131n etkili olmas\u0131 bekleniyor.<\/p>\n<p>S\u0131cakl\u0131klar\u0131n mevsim normalleri \u00fczerinde seyredece\u011fi, bir\u00e7ok yerde 10-20 derece band\u0131na yakla\u015faca\u011f\u0131 \u00f6ng\u00f6r\u00fcl\u00fcyor.<\/p>\n<p>Ya\u011f\u0131\u015f\u0131n kuzeydo\u011fu ve do\u011fuya kayaca\u011f\u0131 tahmin ediliyor.<\/p>\n<p><strong>YA\u011eI\u015eLAR AZALACAK<\/strong><\/p>\n<p>Cumartesi g\u00fcn\u00fc havan\u0131n daha \u0131l\u0131man; bat\u0131 ve g\u00fcneyde g\u00fcne\u015fli, i\u00e7 ve do\u011fuda par\u00e7al\u0131 bulutlu ve yer yer ya\u011f\u0131\u015fl\u0131 olmas\u0131 bekleniyor.<\/p>\n<p>S\u0131cakl\u0131klar\u0131n en y\u00fcksek seviyelerine ula\u015faca\u011f\u0131 \u00f6ng\u00f6r\u00fcl\u00fcyor.<\/p>\n<p>Ya\u011f\u0131\u015flar\u0131n azalaca\u011f\u0131, ancak Karadeniz ve Do\u011fu Anadolu&#8217;da yerel kar ya\u011f\u0131\u015f\u0131n\u0131n m\u00fcmk\u00fcn oldu\u011fu d\u00fc\u015f\u00fcn\u00fcl\u00fcyor.<\/p>\n<p><strong>SICAKLIK ARTACAK, YA\u011eI\u015eLAR DURACAK<\/strong><\/p>\n<p>Pazar g\u00fcn\u00fc genel olarak \u0131l\u0131man ve mevsim normalleri \u00fczerinde s\u0131cakl\u0131klar\u0131n devam etmesi bekleniyor.<\/p>\n<p>\u00dclke genelinde par\u00e7al\u0131 bulutlu, yer yer g\u00fcne\u015fli bir havan\u0131n hakim olaca\u011f\u0131 \u00f6ng\u00f6r\u00fcl\u00fcyor.<\/p>\n<p>Ya\u011f\u0131\u015flar\u0131n b\u00fcy\u00fck \u00f6l\u00e7\u00fcde sona erece\u011fi tahmin ediliyor.<\/p>\n<p>S\u0131cakl\u0131klar\u0131n i\u00e7 ve do\u011fu kesimlerde 3-6 derece, di\u011fer yerlerde 1-3 derece normallerin \u00fczerinde seyredece\u011fi d\u00fc\u015f\u00fcn\u00fcl\u00fcyor.<\/p>\n<p><img decoding=\"async\" src=\"https:\/\/bihavadis.com\/wp-content\/uploads\/2026\/02\/ulke-genelinde-sicakliklar-artiyor-yagislar-azalacak-1-gfUuWhe8.jpg\"\/><\/p>\n<p><strong>5 G\u00dcNL\u00dcK HAVA DURUMU TAHM\u0130NLER\u0130:<\/strong><\/p>\n<p><em><b>11 \u015eubat \u00c7ar\u015famba:<\/b><\/em><\/p>\n<p><img decoding=\"async\" src=\"https:\/\/bihavadis.com\/wp-content\/uploads\/2026\/02\/ulke-genelinde-sicakliklar-artiyor-yagislar-azalacak-2-pbHvfzOX.jpg\"\/><\/p>\n<p><em><b>12 \u015eubat Per\u015fembe:<\/b><\/em><\/p>\n<p><img decoding=\"async\" src=\"https:\/\/bihavadis.com\/wp-content\/uploads\/2026\/02\/ulke-genelinde-sicakliklar-artiyor-yagislar-azalacak-3-FIvwiWOT.jpg\"\/><\/p>\n<p><em><b>13 \u015eubat Cuma:<\/b><\/em><\/p>\n<p><img decoding=\"async\" src=\"https:\/\/bihavadis.com\/wp-content\/uploads\/2026\/02\/ulke-genelinde-sicakliklar-artiyor-yagislar-azalacak-4-TlrFfQ7a.jpg\"\/><\/p>\n<p><em><b>14 \u015eubat Cumartesi:<\/b><\/em><\/p>\n<p><img decoding=\"async\" src=\"https:\/\/bihavadis.com\/wp-content\/uploads\/2026\/02\/ulke-genelinde-sicakliklar-artiyor-yagislar-azalacak-5-Gi86bFLH.jpg\"\/><\/p>\n<p><em><b>15 \u015eubat Pazar:<\/b><\/em><\/p>\n<p><img decoding=\"async\" src=\"https:\/\/bihavadis.com\/wp-content\/uploads\/2026\/02\/ulke-genelinde-sicakliklar-artiyor-yagislar-azalacak-6-AeuvGpFr.jpg\"\/><\/p>\n","protected":false},"excerpt":{"rendered":"<p>Meteoroloji Genel M\u00fcd\u00fcrl\u00fc\u011f\u00fc&#8217;n\u00fcn son verilerine g\u00f6re, bat\u0131 ve g\u00fcney b\u00f6lgeler ya\u011fmur al\u0131rken do\u011fuda ise kar ya\u011f\u0131\u015f\u0131 g\u00f6r\u00fclecek. Yeni haftayla birlikte \u00fclke genelinde s\u0131cakl\u0131klar\u0131n y\u00fckselmesi ve ya\u011f\u0131\u015flar\u0131n azalmas\u0131 bekleniyor.<\/p>\n","protected":false},"author":1,"featured_media":34905,"comment_status":"open","ping_status":"open","sticky":false,"template":"","format":"standard","meta":{"footnotes":""},"categories":[9,13],"tags":[1964,2074,297,1361,1165],"class_list":["post-34904","post","type-post","status-publish","format-standard","has-post-thumbnail","hentry","category-genel","category-son-dakika","tag-derece","tag-gune","tag-kar","tag-sicakliklar","tag-yagis"],"_links":{"self":[{"href":"https:\/\/bihavadis.com\/index.php\/wp-json\/wp\/v2\/posts\/34904","targetHints":{"allow":["GET"]}}],"collection":[{"href":"https:\/\/bihavadis.com\/index.php\/wp-json\/wp\/v2\/posts"}],"about":[{"href":"https:\/\/bihavadis.com\/index.php\/wp-json\/wp\/v2\/types\/post"}],"author":[{"embeddable":true,"href":"https:\/\/bihavadis.com\/index.php\/wp-json\/wp\/v2\/users\/1"}],"replies":[{"embeddable":true,"href":"https:\/\/bihavadis.com\/index.php\/wp-json\/wp\/v2\/comments?post=34904"}],"version-history":[{"count":1,"href":"https:\/\/bihavadis.com\/index.php\/wp-json\/wp\/v2\/posts\/34904\/revisions"}],"predecessor-version":[{"id":34913,"href":"https:\/\/bihavadis.com\/index.php\/wp-json\/wp\/v2\/posts\/34904\/revisions\/34913"}],"wp:featuredmedia":[{"embeddable":true,"href":"https:\/\/bihavadis.com\/index.php\/wp-json\/wp\/v2\/media\/34905"}],"wp:attachment":[{"href":"https:\/\/bihavadis.com\/index.php\/wp-json\/wp\/v2\/media?parent=34904"}],"wp:term":[{"taxonomy":"category","embeddable":true,"href":"https:\/\/bihavadis.com\/index.php\/wp-json\/wp\/v2\/categories?post=34904"},{"taxonomy":"post_tag","embeddable":true,"href":"https:\/\/bihavadis.com\/index.php\/wp-json\/wp\/v2\/tags?post=34904"}],"curies":[{"name":"wp","href":"https:\/\/api.w.org\/{rel}","templated":true}]}}