{"id":35013,"date":"2026-02-15T11:24:06","date_gmt":"2026-02-15T11:24:06","guid":{"rendered":"https:\/\/bihavadis.com\/?p=35013"},"modified":"2026-02-15T11:24:06","modified_gmt":"2026-02-15T11:24:06","slug":"uyusturucu-ve-fuhus-sorusturmasinda-tutuklanan-aybike-acerin-ifadesine-ulasildi","status":"publish","type":"post","link":"https:\/\/bihavadis.com\/index.php\/2026\/02\/15\/uyusturucu-ve-fuhus-sorusturmasinda-tutuklanan-aybike-acerin-ifadesine-ulasildi\/","title":{"rendered":"Uyu\u015fturucu ve fuhu\u015f soru\u015fturmas\u0131nda tutuklanan Aybike Acer&#8217;in ifadesine ula\u015f\u0131ld\u0131"},"content":{"rendered":"<p> \u0130stanbul Cumhuriyet Ba\u015fsavc\u0131l\u0131\u011f\u0131 Ka\u00e7ak\u00e7\u0131l\u0131k, Narkotik ve Ekonomik Su\u00e7lar Soru\u015fturma B\u00fcrosunca y\u00fcr\u00fct\u00fclen &#8216;uyu\u015fturucu&#8217; ve &#8216;fuhu\u015f&#8217; soru\u015fturmas\u0131 kapsam\u0131nda tutuklanan Aybike Acer, savc\u0131l\u0131ktaki ifadesinde, uyu\u015fturucu madde kullanmad\u0131\u011f\u0131n\u0131, kimsenin kullanmas\u0131na arac\u0131l\u0131k etmedi\u011fini, ancak uyu\u015fturucu madde kullan\u0131lan ortamlarda bulundu\u011funu s\u00f6yledi.<\/p>\n<p><b>RESTORANIN VIP ODASINDA UYU\u015eTURUCU <\/b><\/p>\n<p>Arkada\u015f\u0131n\u0131n do\u011fum g\u00fcn\u00fc i\u00e7in gitti\u011fi bir restoranda uyu\u015fturucu kullan\u0131ld\u0131\u011f\u0131n\u0131, s\u00f6z konusu kutlaman\u0131n, restoran\u0131n VIP oda olarak tabir edilen k\u0131sm\u0131nda yap\u0131ld\u0131\u011f\u0131n\u0131 belirten Acer, \u015f\u00fcphelilerden Burcu Esra B\u00fcken ve Fatma Gen\u00e7&#8217;i tan\u0131d\u0131\u011f\u0131n\u0131 kaydetti.<\/p>\n<p>Acer, &#8220;\u0130mamo\u011flu \u00e7\u0131kar ama\u00e7l\u0131 su\u00e7 \u00f6rg\u00fct\u00fc&#8221; davas\u0131n\u0131n tutuklu san\u0131\u011f\u0131 H\u00fcseyin K\u00f6ksal&#8217;\u0131 da tan\u0131d\u0131\u011f\u0131n\u0131 aktararak, yakla\u015f\u0131k 4 y\u0131l \u00f6nce bir al\u0131\u015fveri\u015f merkezinde &#8216;G\u00f6n\u00fcl&#8217; isimli arkada\u015f\u0131yla bir araya geldiklerini, bu ortamda K\u00f6ksal&#8217;\u0131n, k\u0131z arkada\u015f\u0131 ve \u015fof\u00f6r\u00fcn\u00fcn de bulundu\u011funu anlatt\u0131.<\/p>\n<p><b>&#8220;H\u00dcSEY\u0130N K\u00d6KSAL, EMRAH BA\u011eDATLI VE MURAT ONGUN DA ORADAYDI&#8221;<\/b><\/p>\n<p>K\u00f6ksal&#8217;\u0131n bir s\u00fcre sonra buradan ayr\u0131ld\u0131\u011f\u0131n\u0131 aktaran Acer, \u015f\u00f6yle devam etti: &#8220;Aradan bir s\u00fcre ge\u00e7tikten sonra ilerleyen g\u00fcnlerde arkada\u015f\u0131m G\u00f6n\u00fcl&#8217;\u00fcn daveti \u00fczerine H\u00fcseyin K\u00f6ksal ile Zorlu Center isimli AVM&#8217;nin bulundu\u011fu binan\u0131n rezidans k\u0131sm\u0131nda bir araya geldik. S\u00f6z konusu kral dairesine gitti\u011fimde 6-7 ki\u015filik bir arkada\u015f grubu vard\u0131. Arkada\u015f\u0131m G\u00f6n\u00fcl ve benim yan\u0131 s\u0131ra H\u00fcseyin K\u00f6ksal, (\u0130mamo\u011flu \u00e7\u0131kar ama\u00e7l\u0131 su\u00e7 \u00f6rg\u00fct\u00fc davas\u0131n\u0131n firarisi) Emrah Ba\u011fdatl\u0131 ve (\u0130mamo\u011flu \u00e7\u0131kar ama\u00e7l\u0131 su\u00e7 \u00f6rg\u00fct\u00fc davas\u0131n\u0131n tutuklu san\u0131\u011f\u0131) Murat Ongun isimli \u015fah\u0131slar da oradayd\u0131. Ben o d\u00f6nemde bu \u015fah\u0131slar\u0131n kim olduklar\u0131n\u0131, kamuoyu taraf\u0131ndan tan\u0131nan ki\u015filer olduklar\u0131n\u0131 bilmiyordum. \u0130BB&#8217;ye y\u00f6nelik y\u00fcr\u00fct\u00fclen soru\u015fturmalar s\u0131ras\u0131nda her 3 \u015fahs\u0131 televizyonda g\u00f6rmem \u00fczerine bu ki\u015filerin ger\u00e7ek kimliklerini \u00f6\u011frendim. Bulu\u015fmada hep birlikte yemek yiyip sohbet ettikten sonra oradan ayr\u0131ld\u0131m. Devam\u0131nda Emrah Ba\u011fdatl\u0131 isimli \u015fah\u0131sla telefon \u00fczerinden birka\u00e7 kez g\u00f6r\u00fc\u015ft\u00fck ve mesajla\u015ft\u0131k. Encak Emrah ve di\u011fer \u015fah\u0131slarla bir daha y\u00fcz y\u00fcze g\u00f6r\u00fc\u015fmedik.&#8221;<\/p>\n","protected":false},"excerpt":{"rendered":"<p>\u0130stanbul&#8217;daki &#8216;uyu\u015fturucu&#8217; ve &#8216;fuhu\u015f&#8217; soru\u015fturmas\u0131 kapsam\u0131nda tutuklanan Aybike Acer, savc\u0131l\u0131ktaki ifadesinde, &#8220;Arkada\u015f\u0131m G\u00f6n\u00fcl&#8217;\u00fcn daveti \u00fczerine H\u00fcseyin K\u00f6ksal ile Zorlu Center isimli AVM&#8217;nin bulundu\u011fu binan\u0131n rezidans k\u0131sm\u0131nda bir araya geldik. Kral dairesine gitti\u011fimde 6-7 ki\u015filik bir arkada\u015f grubu vard\u0131. H\u00fcseyin K\u00f6ksal, Emrah Ba\u011fdatl\u0131 ve Murat Ongun isimli \u015fah\u0131slar da oradayd\u0131. O d\u00f6nemde bu \u015fah\u0131slar\u0131n kim olduklar\u0131n\u0131, kamuoyu taraf\u0131ndan tan\u0131nan ki\u015filer olduklar\u0131n\u0131 bilmiyordum&#8221; dedi.<\/p>\n","protected":false},"author":1,"featured_media":35014,"comment_status":"open","ping_status":"open","sticky":false,"template":"","format":"standard","meta":{"footnotes":""},"categories":[9,4,13],"tags":[1702,5126,559],"class_list":["post-35013","post","type-post","status-publish","format-standard","has-post-thumbnail","hentry","category-genel","category-gundem","category-son-dakika","tag-arkadasi","tag-koksal","tag-uyusturucu"],"_links":{"self":[{"href":"https:\/\/bihavadis.com\/index.php\/wp-json\/wp\/v2\/posts\/35013","targetHints":{"allow":["GET"]}}],"collection":[{"href":"https:\/\/bihavadis.com\/index.php\/wp-json\/wp\/v2\/posts"}],"about":[{"href":"https:\/\/bihavadis.com\/index.php\/wp-json\/wp\/v2\/types\/post"}],"author":[{"embeddable":true,"href":"https:\/\/bihavadis.com\/index.php\/wp-json\/wp\/v2\/users\/1"}],"replies":[{"embeddable":true,"href":"https:\/\/bihavadis.com\/index.php\/wp-json\/wp\/v2\/comments?post=35013"}],"version-history":[{"count":1,"href":"https:\/\/bihavadis.com\/index.php\/wp-json\/wp\/v2\/posts\/35013\/revisions"}],"predecessor-version":[{"id":35015,"href":"https:\/\/bihavadis.com\/index.php\/wp-json\/wp\/v2\/posts\/35013\/revisions\/35015"}],"wp:featuredmedia":[{"embeddable":true,"href":"https:\/\/bihavadis.com\/index.php\/wp-json\/wp\/v2\/media\/35014"}],"wp:attachment":[{"href":"https:\/\/bihavadis.com\/index.php\/wp-json\/wp\/v2\/media?parent=35013"}],"wp:term":[{"taxonomy":"category","embeddable":true,"href":"https:\/\/bihavadis.com\/index.php\/wp-json\/wp\/v2\/categories?post=35013"},{"taxonomy":"post_tag","embeddable":true,"href":"https:\/\/bihavadis.com\/index.php\/wp-json\/wp\/v2\/tags?post=35013"}],"curies":[{"name":"wp","href":"https:\/\/api.w.org\/{rel}","templated":true}]}}