{"id":35097,"date":"2026-02-15T12:06:04","date_gmt":"2026-02-15T12:06:04","guid":{"rendered":"https:\/\/bihavadis.com\/?p=35097"},"modified":"2026-02-15T12:06:04","modified_gmt":"2026-02-15T12:06:04","slug":"bahceliden-ozele-surpriz-telefon","status":"publish","type":"post","link":"https:\/\/bihavadis.com\/index.php\/2026\/02\/15\/bahceliden-ozele-surpriz-telefon\/","title":{"rendered":"Bah\u00e7eli&#8217;den \u00d6zel&#8217;e s\u00fcrpriz telefon"},"content":{"rendered":"<p>MHP Genel Ba\u015fkan\u0131 Bah\u00e7eli, CHP Genel Ba\u015fkan\u0131 \u00d6zel&#8217;i telefonla arayarak Osmaniye ziyaretinden dolay\u0131 te\u015fekk\u00fcrlerini iletti.<\/p>\n<p>Milliyet\u00e7i Hareket Partisi (MH) Genel Ba\u015fkan\u0131 Devlet Bah\u00e7eli, Cumhuriyet Halk Partisi (CHO) Genel Ba\u015fkan\u0131 \u00d6zg\u00fcr \u00d6zel&#8217;, telefonla arad\u0131.<\/p>\n<p><b>BAH\u00c7EL\u0130&#8217;DEN S\u00dcRPR\u0130Z TELEFON<\/b><\/p>\n<p> MHP lideri Bah\u00e7eli g\u00f6r\u00fc\u015fmede, bug\u00fcn memleketi Osmaniye&#8217;yi ziyaretinden dolay\u0131 CHP lideri \u00d6zg\u00fcr \u00d6zel&#8217;e te\u015fekk\u00fcrlerini iletti. Bah\u00e7eli ayr\u0131ca CHP lideri \u00d6zel&#8217;in Berat Kandili&#8217;ni de kutlad\u0131.<\/p>\n<p><b>\u00d6ZEL OSMAN\u0130YE&#8217;YE G\u0130TT\u0130<\/b><\/p>\n<p>CHP Genel Ba\u015fkan\u0131 \u00d6zg\u00fcr \u00d6zel, 6 \u015eubat depremlerinin y\u0131l d\u00f6n\u00fcm\u00fc dolay\u0131s\u0131yla geldi\u011fi Osmaniye&#8217;de, bir dizi temasta bulundu. \u00d6zg\u00fcr \u00d6zel, Osmaniye&#8217;de vatanda\u015flarla da bir araya geldi.<\/p>\n","protected":false},"excerpt":{"rendered":"<p>Milliyet\u00e7i Hareket Partisi Genel Ba\u015fkan\u0131 Devlet Bah\u00e7eli, Cumhuriyet Halk Partisi Genel Ba\u015fkan\u0131 \u00d6zg\u00fcr \u00d6zel&#8217;i telefonla arad\u0131. MHP lideri Bah\u00e7eli g\u00f6r\u00fc\u015fmede, bug\u00fcn memleketi Osmaniye&#8217;yi ziyaretinden dolay\u0131 CHP lideri \u00d6zg\u00fcr \u00d6zel&#8217;e te\u015fekk\u00fcrlerini iletti. Bah\u00e7eli ayr\u0131ca CHP lideri \u00d6zel&#8217;in Berat Kandili&#8217;ni de kutlad\u0131.<\/p>\n","protected":false},"author":1,"featured_media":35098,"comment_status":"open","ping_status":"open","sticky":false,"template":"","format":"standard","meta":{"footnotes":""},"categories":[12],"tags":[2621,1089,2515],"class_list":["post-35097","post","type-post","status-publish","format-standard","has-post-thumbnail","hentry","category-siyaset","tag-bahceli","tag-genel-baskani","tag-osmaniye"],"_links":{"self":[{"href":"https:\/\/bihavadis.com\/index.php\/wp-json\/wp\/v2\/posts\/35097","targetHints":{"allow":["GET"]}}],"collection":[{"href":"https:\/\/bihavadis.com\/index.php\/wp-json\/wp\/v2\/posts"}],"about":[{"href":"https:\/\/bihavadis.com\/index.php\/wp-json\/wp\/v2\/types\/post"}],"author":[{"embeddable":true,"href":"https:\/\/bihavadis.com\/index.php\/wp-json\/wp\/v2\/users\/1"}],"replies":[{"embeddable":true,"href":"https:\/\/bihavadis.com\/index.php\/wp-json\/wp\/v2\/comments?post=35097"}],"version-history":[{"count":1,"href":"https:\/\/bihavadis.com\/index.php\/wp-json\/wp\/v2\/posts\/35097\/revisions"}],"predecessor-version":[{"id":35099,"href":"https:\/\/bihavadis.com\/index.php\/wp-json\/wp\/v2\/posts\/35097\/revisions\/35099"}],"wp:featuredmedia":[{"embeddable":true,"href":"https:\/\/bihavadis.com\/index.php\/wp-json\/wp\/v2\/media\/35098"}],"wp:attachment":[{"href":"https:\/\/bihavadis.com\/index.php\/wp-json\/wp\/v2\/media?parent=35097"}],"wp:term":[{"taxonomy":"category","embeddable":true,"href":"https:\/\/bihavadis.com\/index.php\/wp-json\/wp\/v2\/categories?post=35097"},{"taxonomy":"post_tag","embeddable":true,"href":"https:\/\/bihavadis.com\/index.php\/wp-json\/wp\/v2\/tags?post=35097"}],"curies":[{"name":"wp","href":"https:\/\/api.w.org\/{rel}","templated":true}]}}