{"id":35115,"date":"2026-02-15T12:21:06","date_gmt":"2026-02-15T12:21:06","guid":{"rendered":"https:\/\/bihavadis.com\/?p=35115"},"modified":"2026-02-15T12:21:06","modified_gmt":"2026-02-15T12:21:06","slug":"turk-takimlarina-yonelik-irkci-tutumlar-giderek-artiyor-verilen-cezalarin-caydiriciligi-yok","status":"publish","type":"post","link":"https:\/\/bihavadis.com\/index.php\/2026\/02\/15\/turk-takimlarina-yonelik-irkci-tutumlar-giderek-artiyor-verilen-cezalarin-caydiriciligi-yok\/","title":{"rendered":"T\u00fcrk tak\u0131mlar\u0131na y\u00f6nelik \u0131rk\u00e7\u0131 tutumlar giderek art\u0131yor: Verilen cezalar\u0131n cayd\u0131r\u0131c\u0131l\u0131\u011f\u0131 yok!"},"content":{"rendered":"<p>Son d\u00f6nemde spor m\u00fcsabakalar\u0131nda T\u00fcrk tak\u0131mlar\u0131na y\u00f6nelik \u0131rk\u00e7\u0131 tutumlar ve bu rezilliklere y\u00f6nelik uygulanan basit cezalar dikkat \u00e7ekiyordu.<\/p>\n<p>D\u00fcn ak\u015fam bir kez daha ayn\u0131 senaryo ya\u015fand\u0131.<\/p>\n<p>Temsilcimiz Be\u015fikta\u015f, BKT Avrupa Kupas\u0131 B Grubu 18. ve son haftas\u0131nda konuk oldu\u011fu Panionios&#8217;u 40 say\u0131 farkla 114-74 yendi.<\/p>\n<p><strong>YUNAN TARAFTARLARDAN, BE\u015e\u0130KTA\u015e VE T\u00dcRK POL\u0130S\u0130NE IRK\u00c7ILIK<\/strong><\/p>\n<p>Ma\u00e7 esnas\u0131nda Yunan taraftarlar, Be\u015fikta\u015f ve T\u00fcrk polisine y\u00f6nelik T\u00fcrk\u00e7e karakterlerle galiz k\u00fcf\u00fcrler yaz\u0131l\u0131 bir pankart a\u00e7t\u0131.<\/p>\n<p>A\u00e7\u0131lan pankarta tepkiler pe\u015f pe\u015fe gelirken bu durumun, cezas\u0131zl\u0131k alg\u0131s\u0131 nedeniyle ya\u015fanmaya devam etti\u011fi g\u00f6r\u00fc\u015f\u00fc iyice belirgin bir hal ald\u0131.<\/p>\n<p>Bilindi\u011fi \u00fczere ge\u00e7en y\u0131l kas\u0131m ay\u0131nda Basketbol Avrupa Ligi&#8217;ndeki Partizan-Fenerbah\u00e7e ma\u00e7\u0131nda S\u0131rp taraftarlar\u0131n a\u00e7t\u0131\u011f\u0131 \u0131rk\u00e7\u0131 pankart, tepki \u00e7ekmi\u015fti.<\/p>\n<p><img decoding=\"async\" src=\"https:\/\/bihavadis.com\/wp-content\/uploads\/2026\/02\/turk-takimlarina-yonelik-irkci-tutumlar-giderek-artiyor-verilen-cezalarin-caydiriciligi-yok-0-IHFpcMlc.jpg\"\/><\/p>\n<p><strong>GE\u00c7T\u0130\u011e\u0130M\u0130Z YIL SIRB\u0130STAN&#8217;DA FENERBAH\u00c7E&#8217;N\u0130N BA\u015eINA GELD\u0130 <\/strong><\/p>\n<p>Fenerbah\u00e7e&#8217;nin Partizan deplasman\u0131nda oynad\u0131\u011f\u0131 ma\u00e7ta S\u0131rp taraftarlar, 1389&#8217;daki I. Kosova Sava\u015f\u0131&#8217;nda Osmanl\u0131 Padi\u015fah\u0131 I. Murad&#8217;\u0131 han\u00e7erleyerek \u015fehit eden Milos Obili\u00e7&#8217;i tasvir eden bir pankart a\u00e7m\u0131\u015ft\u0131.<\/p>\n<p>Trib\u00fcnlerde dakikalarca T\u00fcrkler aleyhine tezah\u00fcratlar yap\u0131l\u0131rken a\u00e7\u0131lan skandal pankart, b\u00fcy\u00fck tepkiye neden olmu\u015f ve Fenerbah\u00e7e Avrupa Ligi y\u00f6netimine \u015fikayette bulunmu\u015ftu.<\/p>\n<p>Fenerbah\u00e7e ise \u00e7irkin olayla ilgili gerekli yerlere \u015fikayette bulunduklar\u0131n\u0131 ancak yetkililerin t\u00fcm uyar\u0131lara ra\u011fmen pankart\u0131n as\u0131lmas\u0131na izin verdi\u011fini ifade etmi\u015fti.<\/p>\n<p>Basketbol Avrupa Ligi, b\u00fcy\u00fck tepki \u00e7eken \u0131rk\u00e7\u0131 pankart dolay\u0131s\u0131yla S\u0131rp ekibine 40 bin euro para ve trib\u00fcn kapatma cezas\u0131 vermi\u015f fakat trib\u00fcn kapatma cezas\u0131 ertelenmi\u015fti.<\/p>\n<p><img decoding=\"async\" src=\"https:\/\/bihavadis.com\/wp-content\/uploads\/2026\/02\/turk-takimlarina-yonelik-irkci-tutumlar-giderek-artiyor-verilen-cezalarin-caydiriciligi-yok-1-2EpvcspE.jpg\"\/><\/p>\n<p><strong>FUTBOLDA DA BU KEZ AYNI DURUM \u00c7EKYA&#8217;DA YA\u015eANDI<\/strong><\/p>\n<p>Ge\u00e7en y\u0131l yine kas\u0131m ay\u0131nda Fenerbah\u00e7e&#8217;nin UEFA Avrupa Ligi&#8217;nde \u00c7ekya temsilcisi Viktoria Plzen ile yapt\u0131\u011f\u0131 kar\u015f\u0131la\u015fmada ev sahibi ekip taraftarlar\u0131, asker g\u00f6rseli bulunan ve \u00fczerinde <b><em>&#8220;Vojna s Turkem musi bejt&#8221; <\/em><\/b>(T\u00fcrklerle sava\u015f olmal\u0131) yazan pankart a\u00e7m\u0131\u015ft\u0131.<\/p>\n<p>Viktoria Plzen&#8217;e ma\u00e7ta \u00e7\u0131kan olaylar nedeniyle c\u00fczi para cezas\u0131 veren UEFA, ele\u015ftirilerin hedefi olmu\u015ftu.<\/p>\n<p>UEFA, \u00c7ek ekibine taraftarlar\u0131n\u0131n \u0131rk\u00e7\u0131 ve ayr\u0131mc\u0131 davran\u0131\u015flar\u0131 nedeniyle 15 bin, kamuya a\u00e7\u0131k ge\u00e7i\u015f yollar\u0131n\u0131 kapatt\u0131\u011f\u0131 gerek\u00e7esiyle de 6 bin olmak \u00fczere 21 bin euro ceza vermekle yetinmi\u015fti.<\/p>\n<p>Viktoria Plzen&#8217;e ayr\u0131ca 2 y\u0131ll\u0131k denetim s\u00fcresi \u00e7er\u00e7evesinde k\u0131smi trib\u00fcn kapatma cezas\u0131 uygulanm\u0131\u015ft\u0131.<\/p>\n<p>Spor otoriteleri, verilen para cezalar\u0131n\u0131n yetersiz oldu\u011funu ve trib\u00fcn kapatma cezas\u0131n\u0131n ertelenmesinin cayd\u0131r\u0131c\u0131 bir karar olmad\u0131\u011f\u0131n\u0131 savunmu\u015ftu.<\/p>\n<p><img decoding=\"async\" src=\"https:\/\/bihavadis.com\/wp-content\/uploads\/2026\/02\/turk-takimlarina-yonelik-irkci-tutumlar-giderek-artiyor-verilen-cezalarin-caydiriciligi-yok-2-bKKBQmUf.jpg\"\/><\/p>\n","protected":false},"excerpt":{"rendered":"<p>Spor m\u00fcsabakalar\u0131nda son d\u00f6nemde temsilcilerimize y\u00f6nelik \u0131rk\u00e7\u0131 tutumlar dikkat \u00e7ekiyor. \u00d6yle ki d\u00fcn ak\u015fam Be\u015fikta\u015f&#8217;\u0131n Yunanistan&#8217;da ya\u015fad\u0131\u011f\u0131 \u0131rk\u00e7\u0131 muamele, yak\u0131n zamanda meydana gelen di\u011fer olaylar\u0131 hat\u0131rlatt\u0131. Pe\u015f pe\u015fe ya\u015fanan olaylar, verilen cezalar\u0131n yetersizli\u011fini ise bir kez daha ortaya koyuyor.<\/p>\n","protected":false},"author":1,"featured_media":35116,"comment_status":"open","ping_status":"open","sticky":false,"template":"","format":"standard","meta":{"footnotes":""},"categories":[14],"tags":[5130,1858,2186,3684,517],"class_list":["post-35115","post","type-post","status-publish","format-standard","has-post-thumbnail","hentry","category-spor","tag-cek","tag-fenerbahce","tag-pankart","tag-tribun","tag-turk"],"_links":{"self":[{"href":"https:\/\/bihavadis.com\/index.php\/wp-json\/wp\/v2\/posts\/35115","targetHints":{"allow":["GET"]}}],"collection":[{"href":"https:\/\/bihavadis.com\/index.php\/wp-json\/wp\/v2\/posts"}],"about":[{"href":"https:\/\/bihavadis.com\/index.php\/wp-json\/wp\/v2\/types\/post"}],"author":[{"embeddable":true,"href":"https:\/\/bihavadis.com\/index.php\/wp-json\/wp\/v2\/users\/1"}],"replies":[{"embeddable":true,"href":"https:\/\/bihavadis.com\/index.php\/wp-json\/wp\/v2\/comments?post=35115"}],"version-history":[{"count":1,"href":"https:\/\/bihavadis.com\/index.php\/wp-json\/wp\/v2\/posts\/35115\/revisions"}],"predecessor-version":[{"id":35120,"href":"https:\/\/bihavadis.com\/index.php\/wp-json\/wp\/v2\/posts\/35115\/revisions\/35120"}],"wp:featuredmedia":[{"embeddable":true,"href":"https:\/\/bihavadis.com\/index.php\/wp-json\/wp\/v2\/media\/35116"}],"wp:attachment":[{"href":"https:\/\/bihavadis.com\/index.php\/wp-json\/wp\/v2\/media?parent=35115"}],"wp:term":[{"taxonomy":"category","embeddable":true,"href":"https:\/\/bihavadis.com\/index.php\/wp-json\/wp\/v2\/categories?post=35115"},{"taxonomy":"post_tag","embeddable":true,"href":"https:\/\/bihavadis.com\/index.php\/wp-json\/wp\/v2\/tags?post=35115"}],"curies":[{"name":"wp","href":"https:\/\/api.w.org\/{rel}","templated":true}]}}