{"id":35127,"date":"2026-02-15T12:30:08","date_gmt":"2026-02-15T12:30:08","guid":{"rendered":"https:\/\/bihavadis.com\/?p=35127"},"modified":"2026-02-15T12:30:08","modified_gmt":"2026-02-15T12:30:08","slug":"agiralioglu-aanin-yilin-kareleri-oylamasinda-tercihlerini-yapti","status":"publish","type":"post","link":"https:\/\/bihavadis.com\/index.php\/2026\/02\/15\/agiralioglu-aanin-yilin-kareleri-oylamasinda-tercihlerini-yapti\/","title":{"rendered":"A\u011f\u0131ralio\u011flu, AA\u2019n\u0131n \u201cY\u0131l\u0131n Kareleri\u201d oylamas\u0131nda tercihlerini yapt\u0131"},"content":{"rendered":"<p>Anahtar Parti Genel Ba\u015fkan\u0131 Yavuz A\u011f\u0131ralio\u011flu, lifebox, AJet ve ROKETSAN sponsorlu\u011funda d\u00fczenlenen organizasyonda, AA foto muhabirleri ile muhabirlerinin 2025 y\u0131l\u0131 boyunca T\u00fcrkiye ve d\u00fcnya g\u00fcndemine damga vuran 6 kategorideki toplam 112 karesini tek tek de\u011ferlendirdi.<\/p>\n<p><strong>HER KATEGOR\u0130DE B\u0130R TERC\u0130H<\/strong><\/p>\n<p>A\u011f\u0131ralio\u011flu, \u201cHaber\u201d kategorisinde Mahmut Serdar Alaku\u015f imzal\u0131 \u201cAyn\u0131 \u015femsiyenin alt\u0131nda\u201d ba\u015fl\u0131kl\u0131 foto\u011fraf\u0131 se\u00e7ti.<\/p>\n<p>\u201cG\u00fcnl\u00fck Hayat\u201d kategorisinde Mahmoud Abu Hamda\u2019n\u0131n \u201cUmut\u201d adl\u0131 karesini oylayan A\u011f\u0131ralio\u011flu, \u201cDo\u011fal Ya\u015fam ve \u00c7evre\u201d kategorisinde ise Bestami Bodruk\u2019un \u201cCan cana\u201d foto\u011fraf\u0131n\u0131 tercih etti.<\/p>\n<p>\u201cSpor\u201d kategorisinde Arpad Kurucz\u2019un \u201cSevgi koridoru\u201d isimli karesine oy veren A\u011f\u0131ralio\u011flu, \u201cPortre\u201d kategorisinde \u00d6zkan Bilgin\u2019in \u201cAtl\u0131 adalet\u201d ba\u015fl\u0131kl\u0131 \u00e7al\u0131\u015fmas\u0131n\u0131 se\u00e7ti.<\/p>\n<p>\u201cGazze: A\u00e7l\u0131k\u201d \u00f6zel kategorisinde ise Ahmed Jihad Ibrahim Al-Arini\u2019nin \u201cGazze\u2019de yetersiz beslenme sorunu ya\u015fayan \u00e7ocuk, \u00f6l\u00fcm tehlikesiyle kar\u015f\u0131 kar\u015f\u0131ya\u201d foto\u011fraf\u0131n\u0131 oylad\u0131.<\/p>\n<p><img decoding=\"async\" src=\"https:\/\/bihavadis.com\/wp-content\/uploads\/2026\/02\/agiralioglu-aanin-yilin-kareleri-oylamasinda-tercihlerini-yapti-0-nK43xHvT.jpg\"\/><\/p>\n<p><strong>&#8220;GAZZE FOTO\u011eRAFLARINA MAHCUB\u0130YETLE BAKIYORUZ&#8221;<\/strong><\/p>\n<p>Do\u011faya olan ilgisini de dile getiren A\u011f\u0131ralio\u011flu, \u00f6zellikle \u201cDo\u011fal Ya\u015fam ve \u00c7evre\u201d kategorisindeki foto\u011fraflar\u0131n dikkatini \u00e7ekti\u011fini s\u00f6yledi.<\/p>\n<p><strong>&#8220;KLAS\u0130KLERE G\u0130RECEK N\u0130TEL\u0130KTE KARELER&#8221;<\/strong><\/p>\n<p>Her bir eserin y\u00fcksek nitelikte oldu\u011funu vurgulayan A\u011f\u0131ralio\u011flu, foto\u011fraflar\u0131n yakalanan an itibar\u0131yla b\u00fcy\u00fck de\u011fer ta\u015f\u0131d\u0131\u011f\u0131n\u0131 belirterek, <b><em>\u201cTablosu yap\u0131lsa klasikler aras\u0131na girecek g\u00fczellikte kareler yakalanm\u0131\u015f.\u201d<\/em><\/b> de\u011ferlendirmesinde bulundu.<\/p>\n<p><img decoding=\"async\" src=\"https:\/\/bihavadis.com\/wp-content\/uploads\/2026\/02\/agiralioglu-aanin-yilin-kareleri-oylamasinda-tercihlerini-yapti-1-waCyager.jpg\"\/><\/p>\n<p><strong>OYLAMA 15 \u015eUBAT&#8217;A KADAR S\u00dcRECEK<\/strong><\/p>\n<p>Anadolu Ajans\u0131n\u0131n 2012 y\u0131l\u0131ndan bu yana d\u00fczenledi\u011fi \u201cY\u0131l\u0131n Kareleri\u201d oylamas\u0131nda bu y\u0131l, \u201cHaber\u201d, \u201cDo\u011fal Ya\u015fam ve \u00c7evre\u201d, \u201cSpor\u201d ve \u201cG\u00fcnl\u00fck Hayat\u201d ana kategorilerinin yan\u0131 s\u0131ra \u201cGazze: A\u00e7l\u0131k\u201d ve \u201cPortre\u201d olmak \u00fczere iki \u00f6zel kategori yer al\u0131yor.<\/p>\n<p>T\u00fcrk\u00e7e ve \u0130ngilizce altyaz\u0131yla d\u00fcnya genelinde eri\u015fime a\u00e7\u0131lan oylamada kat\u0131l\u0131mc\u0131lar, istedikleri say\u0131da foto\u011frafa oy verebiliyor.<\/p>\n<p>Oylama, 15 \u015eubat Pazar g\u00fcn\u00fc saat 17.00\u2019ye kadar \u201cyilinkareleri.aa.com.tr\u201d adresi \u00fczerinden devam edecek.<\/p>\n<p><img decoding=\"async\" src=\"https:\/\/bihavadis.com\/wp-content\/uploads\/2026\/02\/agiralioglu-aanin-yilin-kareleri-oylamasinda-tercihlerini-yapti-2-IZLjGLEm.jpg\"\/><\/p>\n","protected":false},"excerpt":{"rendered":"<p>Anahtar Parti Genel Ba\u015fkan\u0131 Yavuz A\u011f\u0131ralio\u011flu, Anadolu Ajans\u0131n\u0131n 2025\u2019e damga vuran foto\u011fraflar\u0131n\u0131 bir araya getirdi\u011fi \u201cY\u0131l\u0131n Kareleri\u201d oylamas\u0131na kat\u0131ld\u0131.<\/p>\n","protected":false},"author":1,"featured_media":35128,"comment_status":"open","ping_status":"open","sticky":false,"template":"","format":"standard","meta":{"footnotes":""},"categories":[9,4,12],"tags":[5131,311,312],"class_list":["post-35127","post","type-post","status-publish","format-standard","has-post-thumbnail","hentry","category-genel","category-gundem","category-siyaset","tag-agiralioglu","tag-foto","tag-kategorisinde"],"_links":{"self":[{"href":"https:\/\/bihavadis.com\/index.php\/wp-json\/wp\/v2\/posts\/35127","targetHints":{"allow":["GET"]}}],"collection":[{"href":"https:\/\/bihavadis.com\/index.php\/wp-json\/wp\/v2\/posts"}],"about":[{"href":"https:\/\/bihavadis.com\/index.php\/wp-json\/wp\/v2\/types\/post"}],"author":[{"embeddable":true,"href":"https:\/\/bihavadis.com\/index.php\/wp-json\/wp\/v2\/users\/1"}],"replies":[{"embeddable":true,"href":"https:\/\/bihavadis.com\/index.php\/wp-json\/wp\/v2\/comments?post=35127"}],"version-history":[{"count":1,"href":"https:\/\/bihavadis.com\/index.php\/wp-json\/wp\/v2\/posts\/35127\/revisions"}],"predecessor-version":[{"id":35132,"href":"https:\/\/bihavadis.com\/index.php\/wp-json\/wp\/v2\/posts\/35127\/revisions\/35132"}],"wp:featuredmedia":[{"embeddable":true,"href":"https:\/\/bihavadis.com\/index.php\/wp-json\/wp\/v2\/media\/35128"}],"wp:attachment":[{"href":"https:\/\/bihavadis.com\/index.php\/wp-json\/wp\/v2\/media?parent=35127"}],"wp:term":[{"taxonomy":"category","embeddable":true,"href":"https:\/\/bihavadis.com\/index.php\/wp-json\/wp\/v2\/categories?post=35127"},{"taxonomy":"post_tag","embeddable":true,"href":"https:\/\/bihavadis.com\/index.php\/wp-json\/wp\/v2\/tags?post=35127"}],"curies":[{"name":"wp","href":"https:\/\/api.w.org\/{rel}","templated":true}]}}