{"id":35210,"date":"2026-02-15T13:24:06","date_gmt":"2026-02-15T13:24:06","guid":{"rendered":"https:\/\/bihavadis.com\/?p=35210"},"modified":"2026-02-15T13:24:06","modified_gmt":"2026-02-15T13:24:06","slug":"suriyelilerin-gonullu-geri-donusleri-artiyor","status":"publish","type":"post","link":"https:\/\/bihavadis.com\/index.php\/2026\/02\/15\/suriyelilerin-gonullu-geri-donusleri-artiyor\/","title":{"rendered":"Suriyelilerin G\u00f6n\u00fcll\u00fc Geri D\u00f6n\u00fc\u015fleri Art\u0131yor"},"content":{"rendered":"<p>\n<p>G\u00d6\u00c7 \u0130daresi Ba\u015fkan\u0131 H\u00fcseyin K\u00f6k, &#8221; T\u00fcrkiye&#8217;de bulunan ge\u00e7ici koruma kapsam\u0131ndaki Suriyelilerin 2016 y\u0131l\u0131ndan itibaren \u00fclkelerine g\u00f6n\u00fcll\u00fc geri d\u00f6n\u00fc\u015fleri ba\u015flad\u0131. 8 Aral\u0131k 2024 tarihinde Suriye&#8217;de meydana gelen geli\u015fmeler sonras\u0131nda Suriyelilerin g\u00f6n\u00fcll\u00fc geri d\u00f6n\u00fc\u015fleri h\u0131z kazand\u0131&#8221; dedi.<\/p>\n<p>T\u00fcrkiye&#8217;ye resmi bir ziyarette bulunan Birle\u015fmi\u015f Milletler (BM) M\u00fclteciler Y\u00fcksek Komiseri Barham Salih, G\u00f6\u00e7 \u0130daresi Ba\u015fkan\u0131 H\u00fcseyin K\u00f6k ile birlikte Kilis&#8217;teki \u00d6nc\u00fcp\u0131nar S\u0131n\u0131r Kap\u0131s\u0131&#8217;n\u0131 ziyaret ederek, T\u00fcrkiye&#8217;nin y\u00fcr\u00fctt\u00fc\u011f\u00fc g\u00f6n\u00fcll\u00fc, g\u00fcvenu ve d\u00fczenli geri d\u00f6n\u00fc\u015f \u00e7al\u0131\u015fmalar\u0131 ile ilgili bilgi ald\u0131. T\u00fcrkiye&#8217;nin g\u00f6\u00e7\u00fc tarihsel miras\u0131na uygun olarak y\u00f6netti\u011fini ifade eden G\u00f6\u00e7 \u0130daresi Ba\u015fkan\u0131 H\u00fcseyin K\u00f6k, &#8220;Bu s\u00fcre\u00e7te insan haklar\u0131, hukuk ve milli menfaatlerimiz temelinde; medeniyet de\u011ferlerimizden g\u00fc\u00e7 alarak; \u00fclkemizin kamu d\u00fczeninin, g\u00fcvenli\u011finin, ekonomik, siyasi, sosyo-k\u00fclt\u00fcrel yap\u0131s\u0131n\u0131n korunmas\u0131n\u0131 ve geli\u015ftirilmesini sa\u011flayacak \u015fekilde; bilimsel, s\u00fcrd\u00fcr\u00fclebilir ve kapsay\u0131c\u0131 bir bak\u0131\u015f a\u00e7\u0131s\u0131yla hareket edildi. T\u00fcrkiye&#8217;de bulunan ge\u00e7ici koruma kapsam\u0131ndaki Suriyelilerin 2016 y\u0131l\u0131ndan itibaren \u00fclkelerine g\u00f6n\u00fcll\u00fc geri d\u00f6n\u00fc\u015fleri ba\u015flad\u0131. 8 Aral\u0131k 2024 tarihinde Suriye&#8217;de meydana gelen geli\u015fmeler sonras\u0131nda Suriyelilerin g\u00f6n\u00fcll\u00fc geri d\u00f6n\u00fc\u015fleri h\u0131z kazand\u0131&#8221; ifadelerini kulland\u0131.<\/p>\n<p>&#8216;SINIR KAPILARINDA BEKLEME YA\u015eANMAMAKTADIR&#8217;<\/p>\n<p>S\u00fcrecin her ad\u0131m\u0131n\u0131n \u0130\u00e7i\u015fleri Bakanl\u0131\u011f\u0131 G\u00f6\u00e7 \u0130daresi Ba\u015fkanl\u0131\u011f\u0131 koordinasyonunda, ilgili t\u00fcm kurulu\u015flarla tam bir i\u015f birli\u011fi i\u00e7inde y\u00fcr\u00fct\u00fcld\u00fc\u011f\u00fcn\u00fc ifade eden H\u00fcseyin K\u00f6k, &#8220;Kay\u0131ttan ula\u015f\u0131ma her ad\u0131m, insan onuruna uygun \u015fekilde planlanmaktad\u0131r. G\u00f6n\u00fcll\u00fc geri d\u00f6n\u00fc\u015f yapmak isteyen Suriyeliler, ba\u015fvurular\u0131n\u0131 bulunduklar\u0131 illerden yapabilmektedir. \u0130nternet \u00fczerinden randevu alarak ba\u015fvurular\u0131n\u0131 yapanlara, ayn\u0131 g\u00fcn veya ertesi g\u00fcn randevu verilmektedir. \u0130l G\u00f6\u00e7 \u0130daresi M\u00fcd\u00fcrl\u00fcklerinde t\u00fcm i\u015flemler tamamland\u0131\u011f\u0131ndan s\u0131n\u0131r kap\u0131lar\u0131nda bekleme ya\u015fanmamaktad\u0131r&#8221; dedi.<\/p>\n<p>&#8216;G\u00d6N\u00dcLL\u00dc GER\u0130 D\u00d6N\u00dc\u015eLER B\u00dcY\u00dcK B\u0130R HASSAS\u0130YETLE Y\u00dcR\u00dcT\u00dcLMEKTED\u0130R&#8217;<\/p>\n<p>T\u00fcrkiye&#8217;nin 8 Aral\u0131k 2024&#8217;\u00fcn hemen sonras\u0131nda t\u00fcm d\u00fcnyada \u00f6rnek olarak g\u00f6sterilen &#8216;\u00d6nc\u00fc G\u00f6\u00e7men&#8217; uygulamas\u0131n\u0131 ba\u015flatt\u0131\u011f\u0131n\u0131 ve bu kapsamda 1 Ocak-1 Temmuz 2025 tarihleri aras\u0131nda ge\u00e7ici koruma alt\u0131ndaki Suriyelilerin \u00fclkelerine gidip gelebilmelerine imkan sa\u011flayan \u00e7\u0131k\u0131\u015f izni verildi\u011fini de hat\u0131rlatan K\u00f6k, &#8220;G\u00f6n\u00fcll\u00fc geri d\u00f6n\u00fc\u015flere ili\u015fkin i\u015flemler, Birle\u015fmi\u015f Milletler M\u00fclteciler Y\u00fcksek Komiserli\u011fi (BMMYK) temsilcisinin de kat\u0131l\u0131m sa\u011flad\u0131\u011f\u0131 \u015feffaf bir s\u00fcre\u00e7te, uluslararas\u0131 standartlara uygun olarak b\u00fcy\u00fck bir hassasiyetle y\u00fcr\u00fct\u00fclmektedir&#8221; ifadelerini kulland\u0131. <\/p>\n","protected":false},"excerpt":{"rendered":"<p>T\u00fcrkiye&#8217;de Suriyelilerin g\u00f6n\u00fcll\u00fc geri d\u00f6n\u00fc\u015fleri 2016&#8217;dan beri devam ediyor, h\u0131z kazand\u0131.<\/p>\n","protected":false},"author":1,"featured_media":35211,"comment_status":"open","ping_status":"open","sticky":false,"template":"","format":"standard","meta":{"footnotes":""},"categories":[9,4,13],"tags":[5092,5093,5091,5138],"class_list":["post-35210","post","type-post","status-publish","format-standard","has-post-thumbnail","hentry","category-genel","category-gundem","category-son-dakika","tag-goc-idaresi","tag-gonullu-geri-donus","tag-kok","tag-suriyelilerin"],"_links":{"self":[{"href":"https:\/\/bihavadis.com\/index.php\/wp-json\/wp\/v2\/posts\/35210","targetHints":{"allow":["GET"]}}],"collection":[{"href":"https:\/\/bihavadis.com\/index.php\/wp-json\/wp\/v2\/posts"}],"about":[{"href":"https:\/\/bihavadis.com\/index.php\/wp-json\/wp\/v2\/types\/post"}],"author":[{"embeddable":true,"href":"https:\/\/bihavadis.com\/index.php\/wp-json\/wp\/v2\/users\/1"}],"replies":[{"embeddable":true,"href":"https:\/\/bihavadis.com\/index.php\/wp-json\/wp\/v2\/comments?post=35210"}],"version-history":[{"count":1,"href":"https:\/\/bihavadis.com\/index.php\/wp-json\/wp\/v2\/posts\/35210\/revisions"}],"predecessor-version":[{"id":35212,"href":"https:\/\/bihavadis.com\/index.php\/wp-json\/wp\/v2\/posts\/35210\/revisions\/35212"}],"wp:featuredmedia":[{"embeddable":true,"href":"https:\/\/bihavadis.com\/index.php\/wp-json\/wp\/v2\/media\/35211"}],"wp:attachment":[{"href":"https:\/\/bihavadis.com\/index.php\/wp-json\/wp\/v2\/media?parent=35210"}],"wp:term":[{"taxonomy":"category","embeddable":true,"href":"https:\/\/bihavadis.com\/index.php\/wp-json\/wp\/v2\/categories?post=35210"},{"taxonomy":"post_tag","embeddable":true,"href":"https:\/\/bihavadis.com\/index.php\/wp-json\/wp\/v2\/tags?post=35210"}],"curies":[{"name":"wp","href":"https:\/\/api.w.org\/{rel}","templated":true}]}}