{"id":35220,"date":"2026-02-15T13:33:06","date_gmt":"2026-02-15T13:33:06","guid":{"rendered":"https:\/\/bihavadis.com\/?p=35220"},"modified":"2026-02-15T13:33:06","modified_gmt":"2026-02-15T13:33:06","slug":"toplam-ciro-endeksi-2025te-yuzde-347-artti","status":"publish","type":"post","link":"https:\/\/bihavadis.com\/index.php\/2026\/02\/15\/toplam-ciro-endeksi-2025te-yuzde-347-artti\/","title":{"rendered":"Toplam ciro endeksi 2025&#8217;te y\u00fczde 34,7 artt\u0131"},"content":{"rendered":"<p>T\u00fcrkiye \u0130statistik Kurumu (T\u00dc\u0130K), ge\u00e7en y\u0131l\u0131n aral\u0131k ay\u0131na ili\u015fkin ciro endekslerini a\u00e7\u0131klad\u0131.<\/p>\n<p>Takvim etkisinden ar\u0131nd\u0131r\u0131lm\u0131\u015f sanayi, in\u015faat, ticaret ve hizmet sekt\u00f6rleri toplam ciro endeksi, Aral\u0131k 2025&#8217;te bir \u00f6nceki y\u0131l\u0131n ayn\u0131 ay\u0131na g\u00f6re y\u00fczde 34,7 y\u00fckseldi.<\/p>\n<p>Buna g\u00f6re, mevsim ve takvim etkisinden ar\u0131nd\u0131r\u0131lm\u0131\u015f toplam ciro endeksi, Aral\u0131k 2025&#8217;te ayl\u0131k bazda y\u00fczde 3,3 artt\u0131.<\/p>\n<p><strong>SANAY\u0130 ENDEKS\u0130<\/strong><\/p>\n<p>Sanayide takvim etkisinden ar\u0131nd\u0131r\u0131lm\u0131\u015f ciro endeksi, Aral\u0131k 2025&#8217;te y\u0131ll\u0131k bazda y\u00fczde 30,6 y\u00fckseldi.<\/p>\n<p><strong>C\u0130RO ENDEKS\u0130<\/strong><\/p>\n<p>Mevsim ve takvim etkisinden ar\u0131nd\u0131r\u0131lm\u0131\u015f sanayi ciro endeksi de s\u00f6z konusu ayda bir \u00f6nceki aya oranla y\u00fczde 3,2 art\u0131\u015f kaydetti.<\/p>\n<p><strong>\u0130N\u015eAAT C\u0130RO ENDEKS\u0130<\/strong><\/p>\n<p>\u0130n\u015faat sekt\u00f6r\u00fcnde takvim etkisinden ar\u0131nd\u0131r\u0131lm\u0131\u015f ciro endeksi, ayn\u0131 ayda y\u0131ll\u0131k bazda y\u00fczde 35,9 artarken, mevsim ve takvim etkisinden ar\u0131nd\u0131r\u0131lm\u0131\u015f in\u015faat ciro endeksi bir \u00f6nceki aya k\u0131yasla y\u00fczde 2 azald\u0131.<\/p>\n<p><img decoding=\"async\" src=\"https:\/\/bihavadis.com\/wp-content\/uploads\/2026\/02\/toplam-ciro-endeksi-2025te-yuzde-347-artti-0-klSvYeOy.jpg\"\/><\/p>\n<p><strong>T\u0130CARET ENDEKS\u0130<\/strong><\/p>\n<p>Takvim etkisinden ar\u0131nd\u0131r\u0131lm\u0131\u015f ticaret ciro endeksi, Aral\u0131k 2025&#8217;te bir \u00f6nceki y\u0131l\u0131n ayn\u0131 ay\u0131na g\u00f6re y\u00fczde 35,4, mevsim ve takvim etkilerinden ar\u0131nd\u0131r\u0131lm\u0131\u015f ticaret ciro endeksi de bir \u00f6nceki aya oranla y\u00fczde 4,1 art\u0131\u015f g\u00f6sterdi.<\/p>\n<p><img decoding=\"async\" src=\"https:\/\/bihavadis.com\/wp-content\/uploads\/2026\/02\/toplam-ciro-endeksi-2025te-yuzde-347-artti-1-ECYeeikM.jpg\"\/><\/p>\n<p><strong>H\u0130ZMET ENDEKS\u0130<\/strong><\/p>\n<p>Hizmet sekt\u00f6r\u00fcnde takvim etkisinden ar\u0131nd\u0131r\u0131lm\u0131\u015f ciro endeksi, Aral\u0131k 2025&#8217;te bir \u00f6nceki y\u0131l\u0131n ayn\u0131 ay\u0131na k\u0131yasla y\u00fczde 38,3, mevsim ve takvim etkilerinden ar\u0131nd\u0131r\u0131lm\u0131\u015f hizmet ciro endeksi de bir \u00f6nceki aya g\u00f6re y\u00fczde 3,4 y\u00fckseldi.<\/p>\n","protected":false},"excerpt":{"rendered":"<p>T\u00dc\u0130K verilerine g\u00f6re, mevsim ve takvim etkisinden ar\u0131nd\u0131r\u0131lm\u0131\u015f toplam ciro endeksi, Aral\u0131k 2025&#8217;te ayl\u0131k bazda y\u00fczde 3,3 artt\u0131.<\/p>\n","protected":false},"author":1,"featured_media":35221,"comment_status":"open","ping_status":"open","sticky":false,"template":"","format":"standard","meta":{"footnotes":""},"categories":[8],"tags":[1908,4518],"class_list":["post-35220","post","type-post","status-publish","format-standard","has-post-thumbnail","hentry","category-ekonomi","tag-bir-onceki","tag-ciro-endeksi"],"_links":{"self":[{"href":"https:\/\/bihavadis.com\/index.php\/wp-json\/wp\/v2\/posts\/35220","targetHints":{"allow":["GET"]}}],"collection":[{"href":"https:\/\/bihavadis.com\/index.php\/wp-json\/wp\/v2\/posts"}],"about":[{"href":"https:\/\/bihavadis.com\/index.php\/wp-json\/wp\/v2\/types\/post"}],"author":[{"embeddable":true,"href":"https:\/\/bihavadis.com\/index.php\/wp-json\/wp\/v2\/users\/1"}],"replies":[{"embeddable":true,"href":"https:\/\/bihavadis.com\/index.php\/wp-json\/wp\/v2\/comments?post=35220"}],"version-history":[{"count":1,"href":"https:\/\/bihavadis.com\/index.php\/wp-json\/wp\/v2\/posts\/35220\/revisions"}],"predecessor-version":[{"id":35224,"href":"https:\/\/bihavadis.com\/index.php\/wp-json\/wp\/v2\/posts\/35220\/revisions\/35224"}],"wp:featuredmedia":[{"embeddable":true,"href":"https:\/\/bihavadis.com\/index.php\/wp-json\/wp\/v2\/media\/35221"}],"wp:attachment":[{"href":"https:\/\/bihavadis.com\/index.php\/wp-json\/wp\/v2\/media?parent=35220"}],"wp:term":[{"taxonomy":"category","embeddable":true,"href":"https:\/\/bihavadis.com\/index.php\/wp-json\/wp\/v2\/categories?post=35220"},{"taxonomy":"post_tag","embeddable":true,"href":"https:\/\/bihavadis.com\/index.php\/wp-json\/wp\/v2\/tags?post=35220"}],"curies":[{"name":"wp","href":"https:\/\/api.w.org\/{rel}","templated":true}]}}