{"id":3526,"date":"2026-01-28T10:09:08","date_gmt":"2026-01-28T10:09:08","guid":{"rendered":"https:\/\/bihavadis.com\/?p=3526"},"modified":"2026-01-28T10:09:08","modified_gmt":"2026-01-28T10:09:08","slug":"artvin-ticaret-borsasindan-onemli-ziyaret","status":"publish","type":"post","link":"https:\/\/bihavadis.com\/index.php\/2026\/01\/28\/artvin-ticaret-borsasindan-onemli-ziyaret\/","title":{"rendered":"Artvin Ticaret Borsas\u0131&#8217;ndan \u00f6nemli ziyaret"},"content":{"rendered":"<p> Artvin Ticaret Borsas\u0131 heyeti, Sarp M\u00fclki \u0130dare Amiri G\u00f6ktu\u011f Ka\u011fan Ayaz ile Ka\u00e7kar G\u00fcmr\u00fck ve D\u0131\u015f Ticaret B\u00f6lge M\u00fcd\u00fcr\u00fc Ersin Ba\u015faran&#8217;\u0131 ziyaret etti.<\/p>\n<p>Artvin Ticaret Borsas\u0131 Ba\u015fkan\u0131 Osman Aky\u00fcrek ve beraberindeki heyet, makam\u0131nda bir araya geldi\u011fi Ayaz&#8217;la s\u0131n\u0131r ticareti ve b\u00f6lge ekonomisine ili\u015fkin g\u00f6r\u00fc\u015f al\u0131\u015fveri\u015finde bulundu.<\/p>\n<p>Borsan\u0131n kurumsal yap\u0131s\u0131 ve \u00e7al\u0131\u015fmalara ili\u015fkin Ayaz&#8217;a bilgi aktaran Aky\u00fcrek, Sarp S\u0131n\u0131r Kap\u0131s\u0131&#8217;n\u0131n ticari potansiyeline dikkati \u00e7ekti.<\/p>\n<p>Ayaz, ziyaretten memnuniyet duydu\u011funu belirterek, Sarp S\u0131n\u0131r Kap\u0131s\u0131&#8217;n\u0131n b\u00f6lge ve \u00fclke ekonomisi a\u00e7\u0131s\u0131ndan stratejik \u00f6neme sahip oldu\u011funu kaydetti.<\/p>\n<p>Ayaz, kamu kurumlar\u0131 ile meslek kurulu\u015flar\u0131 aras\u0131ndaki i\u015fbirli\u011fi ve koordinasyonun b\u00f6lgesel kalk\u0131nmaya katk\u0131 sa\u011flayaca\u011f\u0131n\u0131 vurgulad\u0131.<\/p>\n<p>Heyet, Ka\u00e7kar G\u00fcmr\u00fck ve D\u0131\u015f Ticaret B\u00f6lge M\u00fcd\u00fcr\u00fc Ba\u015faran&#8217;a da ziyaret ger\u00e7ekle\u015ftirdi.<\/p>\n<p>G\u00fcmr\u00fck sahas\u0131ndaki \u00e7al\u0131\u015fmalar ve uygulamalar hakk\u0131nda heyet \u00fcyelerine bilgi veren Ba\u015faran, ticaretin daha etkin y\u00fcr\u00fct\u00fclmesi i\u00e7in kurumlar aras\u0131 i\u015fbirli\u011fine a\u00e7\u0131k olduklar\u0131n\u0131 ifade etti.<\/p>\n","protected":false},"excerpt":{"rendered":"<p>Artvin Ticaret Borsas\u0131 heyeti, Sarp S\u0131n\u0131r Kap\u0131s\u0131&#8217;n\u0131n ekonomik potansiyelini g\u00f6r\u00fc\u015ft\u00fc.<\/p>\n","protected":false},"author":1,"featured_media":3527,"comment_status":"open","ping_status":"open","sticky":false,"template":"","format":"standard","meta":{"footnotes":""},"categories":[1],"tags":[509,510,406],"class_list":["post-3526","post","type-post","status-publish","format-standard","has-post-thumbnail","hentry","category-uncategorized","tag-ayaz","tag-bolge","tag-ticaret"],"_links":{"self":[{"href":"https:\/\/bihavadis.com\/index.php\/wp-json\/wp\/v2\/posts\/3526","targetHints":{"allow":["GET"]}}],"collection":[{"href":"https:\/\/bihavadis.com\/index.php\/wp-json\/wp\/v2\/posts"}],"about":[{"href":"https:\/\/bihavadis.com\/index.php\/wp-json\/wp\/v2\/types\/post"}],"author":[{"embeddable":true,"href":"https:\/\/bihavadis.com\/index.php\/wp-json\/wp\/v2\/users\/1"}],"replies":[{"embeddable":true,"href":"https:\/\/bihavadis.com\/index.php\/wp-json\/wp\/v2\/comments?post=3526"}],"version-history":[{"count":1,"href":"https:\/\/bihavadis.com\/index.php\/wp-json\/wp\/v2\/posts\/3526\/revisions"}],"predecessor-version":[{"id":3528,"href":"https:\/\/bihavadis.com\/index.php\/wp-json\/wp\/v2\/posts\/3526\/revisions\/3528"}],"wp:featuredmedia":[{"embeddable":true,"href":"https:\/\/bihavadis.com\/index.php\/wp-json\/wp\/v2\/media\/3527"}],"wp:attachment":[{"href":"https:\/\/bihavadis.com\/index.php\/wp-json\/wp\/v2\/media?parent=3526"}],"wp:term":[{"taxonomy":"category","embeddable":true,"href":"https:\/\/bihavadis.com\/index.php\/wp-json\/wp\/v2\/categories?post=3526"},{"taxonomy":"post_tag","embeddable":true,"href":"https:\/\/bihavadis.com\/index.php\/wp-json\/wp\/v2\/tags?post=3526"}],"curies":[{"name":"wp","href":"https:\/\/api.w.org\/{rel}","templated":true}]}}