{"id":35273,"date":"2026-02-15T14:12:09","date_gmt":"2026-02-15T14:12:09","guid":{"rendered":"https:\/\/bihavadis.com\/?p=35273"},"modified":"2026-02-15T14:12:09","modified_gmt":"2026-02-15T14:12:09","slug":"survivor-sema-aydemir-umreye-gitti-paylasimi-gundem-oldu","status":"publish","type":"post","link":"https:\/\/bihavadis.com\/index.php\/2026\/02\/15\/survivor-sema-aydemir-umreye-gitti-paylasimi-gundem-oldu\/","title":{"rendered":"Survivor Sema Aydemir, umreye gitti! Payla\u015f\u0131m\u0131 g\u00fcndem oldu"},"content":{"rendered":"<p>Ekranlar\u0131n sevilen yar\u0131\u015fmalar\u0131ndan Survivor All Star 2025&#8217;in iddial\u0131 isimlerinden Sema Aydemir dikkat \u00e7eken isimlerdendi.<\/p>\n<p><strong>UMREYE G\u0130TT\u0130<\/strong><\/p>\n<p>Sosyal medya payla\u015f\u0131mlar\u0131 ve a\u00e7\u0131klamalar\u0131yla dikkat \u00e7eken Survivor Sema umreye gitti.<\/p>\n<p><img decoding=\"async\" src=\"https:\/\/bihavadis.com\/wp-content\/uploads\/2026\/02\/survivor-sema-aydemir-umreye-gitti-paylasimi-gundem-oldu-0-kFRwf7BK.jpg\"\/><\/p>\n<p><strong>&#8220;\u00c7OK \u00d6Z\u00dcR\u00dcM VAR&#8221;<\/strong><\/p>\n<p>Umreye giden Aydemir, kutsal topraklarda \u00e7ektirdi\u011fi kareleri<b><em> &#8221;Ben geldim Allah&#8217;\u0131m. \u00c7ok anlatacaklar\u0131m, \u00e7ok \u00f6z\u00fcr\u00fcm, \u00e7ok duam var&#8221; <\/em><\/b>notuyla Instagram hesab\u0131ndan yay\u0131mlad\u0131.<\/p>\n<p><img decoding=\"async\" src=\"https:\/\/bihavadis.com\/wp-content\/uploads\/2026\/02\/survivor-sema-aydemir-umreye-gitti-paylasimi-gundem-oldu-1-LOdORgOK.jpg\"\/><\/p>\n<p>Sosyal medyada t\u00fcrbanl\u0131 halini be\u011feni yapan Sema&#8217;ya<b><em> &#8220;Allah kabul etsin&#8221;<\/em><\/b> yorumlar\u0131 da geldi.<\/p>\n<p><img decoding=\"async\" src=\"https:\/\/bihavadis.com\/wp-content\/uploads\/2026\/02\/survivor-sema-aydemir-umreye-gitti-paylasimi-gundem-oldu-2-tCsYdhAj.jpg\"\/><\/p>\n<p><img decoding=\"async\" src=\"https:\/\/bihavadis.com\/wp-content\/uploads\/2026\/02\/survivor-sema-aydemir-umreye-gitti-paylasimi-gundem-oldu-3-auzwzRff.jpg\"\/><\/p>\n<p><img decoding=\"async\" src=\"https:\/\/bihavadis.com\/wp-content\/uploads\/2026\/02\/survivor-sema-aydemir-umreye-gitti-paylasimi-gundem-oldu-4-Kkg2wREv.jpg\"\/><\/p>\n","protected":false},"excerpt":{"rendered":"<p>Umre ziyaretiyle dikkat \u00e7eken Sema Aydemir, kutsal topraklardan payla\u015f\u0131m yapt\u0131. Milli atlet, \u201cBen geldim Allah\u2019\u0131m&#8221; notuyla pozlar\u0131n\u0131 payla\u015ft\u0131.<\/p>\n","protected":false},"author":1,"featured_media":35274,"comment_status":"open","ping_status":"open","sticky":false,"template":"","format":"standard","meta":{"footnotes":""},"categories":[1],"tags":[],"class_list":["post-35273","post","type-post","status-publish","format-standard","has-post-thumbnail","hentry","category-uncategorized"],"_links":{"self":[{"href":"https:\/\/bihavadis.com\/index.php\/wp-json\/wp\/v2\/posts\/35273","targetHints":{"allow":["GET"]}}],"collection":[{"href":"https:\/\/bihavadis.com\/index.php\/wp-json\/wp\/v2\/posts"}],"about":[{"href":"https:\/\/bihavadis.com\/index.php\/wp-json\/wp\/v2\/types\/post"}],"author":[{"embeddable":true,"href":"https:\/\/bihavadis.com\/index.php\/wp-json\/wp\/v2\/users\/1"}],"replies":[{"embeddable":true,"href":"https:\/\/bihavadis.com\/index.php\/wp-json\/wp\/v2\/comments?post=35273"}],"version-history":[{"count":1,"href":"https:\/\/bihavadis.com\/index.php\/wp-json\/wp\/v2\/posts\/35273\/revisions"}],"predecessor-version":[{"id":35280,"href":"https:\/\/bihavadis.com\/index.php\/wp-json\/wp\/v2\/posts\/35273\/revisions\/35280"}],"wp:featuredmedia":[{"embeddable":true,"href":"https:\/\/bihavadis.com\/index.php\/wp-json\/wp\/v2\/media\/35274"}],"wp:attachment":[{"href":"https:\/\/bihavadis.com\/index.php\/wp-json\/wp\/v2\/media?parent=35273"}],"wp:term":[{"taxonomy":"category","embeddable":true,"href":"https:\/\/bihavadis.com\/index.php\/wp-json\/wp\/v2\/categories?post=35273"},{"taxonomy":"post_tag","embeddable":true,"href":"https:\/\/bihavadis.com\/index.php\/wp-json\/wp\/v2\/tags?post=35273"}],"curies":[{"name":"wp","href":"https:\/\/api.w.org\/{rel}","templated":true}]}}