{"id":35369,"date":"2026-02-15T15:12:15","date_gmt":"2026-02-15T15:12:15","guid":{"rendered":"https:\/\/bihavadis.com\/?p=35369"},"modified":"2026-02-15T15:12:15","modified_gmt":"2026-02-15T15:12:15","slug":"kabinede-yer-alan-bakanlarin-memleketleri","status":"publish","type":"post","link":"https:\/\/bihavadis.com\/index.php\/2026\/02\/15\/kabinede-yer-alan-bakanlarin-memleketleri\/","title":{"rendered":"Kabinede yer alan bakanlar\u0131n memleketleri"},"content":{"rendered":"<p>Resmi Gazete&#8217;de yay\u0131mlanan Cumhurba\u015fkan\u0131 kararlar\u0131yla \u0130\u00e7i\u015fleri Bakanl\u0131\u011f\u0131&#8217;na Erzurum Valisi Mustafa \u00c7ift\u00e7i, Adalet Bakanl\u0131\u011f\u0131&#8217;na \u0130stanbul Cumhuriyet Ba\u015fsavc\u0131s\u0131 Ak\u0131n G\u00fcrlek atand\u0131.<\/p>\n<p>\u0130ki bakanl\u0131kta yap\u0131lan revizyon sonras\u0131 bug\u00fcn devir teslim yap\u0131lmas\u0131 bekleniyor.<\/p>\n<p>Devir teslimi \u00f6ncesi ise kabinenin g\u00fcndeme gelmesiyle, bakanlar\u0131n memleketleri de merak edilmeye ba\u015fland\u0131.\u00a0<\/p>\n<p>Ba\u015fta Ak\u0131n G\u00fcrlek olmak \u00fczere, bakanlar\u0131n hangi memleketten olduklar\u0131 da ara\u015ft\u0131rma konusu oldu.<\/p>\n<p><strong>AKIN G\u00dcRLEK: NEV\u015eEH\u0130R<\/strong><\/p>\n<p>Adalet Bakanl\u0131\u011f\u0131&#8217;na atanan Ak\u0131n G\u00fcrlek, Nev\u015fehirli.<\/p>\n<p>G\u00fcrlek, 1982 y\u0131l\u0131nda Nev\u015fehir&#8217;de d\u00fcnyaya geldi.\u00a0<\/p>\n<p><img decoding=\"async\" src=\"https:\/\/bihavadis.com\/wp-content\/uploads\/2026\/02\/kabinede-yer-alan-bakanlarin-memleketleri-0-l5jBJ1Ki.jpg\"\/><\/p>\n<p><strong>MAH\u0130NUR \u00d6ZDEM\u0130R G\u00d6KTA\u015e: AFYONKARAH\u0130SAR<\/strong><\/p>\n<p>1982 y\u0131l\u0131nda Br\u00fcksel\u2019de do\u011fan Mahinur \u00d6zdemir G\u00f6kta\u015f, aslen Afyonkarahisarl\u0131.\u00a0\u00a0<\/p>\n<p>2009 y\u0131l\u0131nda yap\u0131lan se\u00e7imlerde Avrupa\u2019n\u0131n ilk ba\u015f\u00f6rt\u00fcl\u00fc milletvekili olarak Br\u00fcksel Parlamentosu\u2019na se\u00e7ilen G\u00f6kta\u015f&#8217;\u0131n, Emirda\u011fl\u0131 oldu\u011fu biliniyor.\u00a0\u00a0<\/p>\n<p><img decoding=\"async\" src=\"https:\/\/bihavadis.com\/wp-content\/uploads\/2026\/02\/kabinede-yer-alan-bakanlarin-memleketleri-1-E3CDp366.jpg\"\/><\/p>\n<p><strong>VEDAT I\u015eIKHAN: MARD\u0130N<\/strong><\/p>\n<p>\u00c7al\u0131\u015fma ve Sosyal G\u00fcvenlik Bakan\u0131, Mardinli.\u00a0<\/p>\n<p>20 Ocak 1966 y\u0131l\u0131nda d\u00fcnyaya gelen Vedat I\u015f\u0131khan,\u00a0Ekim 2018&#8217;de Cumhurba\u015fkanl\u0131\u011f\u0131 Sosyal Politikalar Kurulu \u00fcyeli\u011fine atand\u0131.<\/p>\n<p>4 Haziran 2023 tarihinde yay\u0131mlanan Resmi Gazete&#8217;de Cumhurba\u015fkan\u0131 Recep Tayyip Erdo\u011fan taraf\u0131ndan a\u00e7\u0131klanan kabinede, \u00c7al\u0131\u015fma ve Sosyal G\u00fcvenlik Bakan\u0131 olarak yer ald\u0131.<\/p>\n<p><img decoding=\"async\" src=\"https:\/\/bihavadis.com\/wp-content\/uploads\/2026\/02\/kabinede-yer-alan-bakanlarin-memleketleri-2-D5l3hyzu.jpg\"\/><\/p>\n<p><strong>MURAT KURUM: KONYA<\/strong><\/p>\n<p>\u00c7evre, \u015eehircilik ve \u0130klim De\u011fi\u015fikli\u011fi Bakan\u0131 Murat Kurum, her ne kadar Ankara do\u011fumlu olsa da aslen Konyal\u0131d\u0131r.\u00a0<\/p>\n<p><img decoding=\"async\" src=\"https:\/\/bihavadis.com\/wp-content\/uploads\/2026\/02\/kabinede-yer-alan-bakanlarin-memleketleri-3-KzkQiEK6.jpg\"\/><\/p>\n<p><strong>HAKAN F\u0130DAN: ANKARA <\/strong><\/p>\n<p>Bir d\u00f6nem M\u0130T M\u00fcste\u015far\u0131 \u015fimdi ise D\u0131\u015fi\u015fleri Bakan\u0131 olarak g\u00f6rev yapan Hakan Fidan, Ankara do\u011fumlu.\u00a0<\/p>\n<p>Ankara&#8217;da do\u011fan Fidan, \u00e7ocukluk y\u0131llar\u0131n\u0131 da ba\u015fkentin sokaklar\u0131nda ge\u00e7irdi.\u00a0<\/p>\n<p>1968 y\u0131l\u0131nda Ankara Hamam\u00f6n\u00fc\u2019nde do\u011fan Bakan Fidan, Kara Kuvvetleri Muhabere Okulu ve Kara Kuvvetleri Dil Okulu&#8217;ndan mezun oldu.<\/p>\n<p>Bakan Fidan, akademik tahsilinin b\u00fcy\u00fck k\u0131sm\u0131n\u0131 T\u00fcrk Silahl\u0131 Kuvvetleri&#8217;ndeki (TSK) g\u00f6revi esnas\u0131nda yapt\u0131.<\/p>\n<p><img decoding=\"async\" src=\"https:\/\/bihavadis.com\/wp-content\/uploads\/2026\/02\/kabinede-yer-alan-bakanlarin-memleketleri-4-TUgURDEF.jpg\"\/><\/p>\n<p><strong>ALPARSLAN BAYRAKTAR: HATAY \/ KIRIKHAN<\/strong><\/p>\n<p>Enerji ve Tabii Kaynaklar Bakan\u0131 Alparslan Bayraktar, aslen Hatayl\u0131 K\u0131r\u0131khan do\u011fumlu.\u00a0<\/p>\n<p>K\u0131r\u0131khan do\u011fumlu olan Bakan Bayraktar; 2016-2018 y\u0131llar\u0131 aras\u0131nda Enerji ve Tabii Kaynaklar Bakanl\u0131\u011f\u0131&#8217;nda D\u0131\u015f \u0130li\u015fkiler ve Avrupa Birli\u011fi Genel M\u00fcd\u00fcr\u00fc ve M\u00fcste\u015far Yard\u0131mc\u0131s\u0131; 2010-2016 y\u0131llar\u0131 aras\u0131nda Enerji Piyasas\u0131 D\u00fczenleme Kurumu&#8217;nda kurul \u00fcyesi olarak g\u00f6rev yapt\u0131.\u00a0<\/p>\n<p><img decoding=\"async\" src=\"https:\/\/bihavadis.com\/wp-content\/uploads\/2026\/02\/kabinede-yer-alan-bakanlarin-memleketleri-5-jb6mElel.jpg\"\/><\/p>\n<p><strong>OSMAN A\u015eKIN BAK: R\u0130ZE<\/strong><\/p>\n<p>\u00dcsk\u00fcdar do\u011fumlu olan Gen\u00e7lik ve Spor Bakan\u0131 Osman A\u015fk\u0131n Bak, Rizeli.\u00a0<\/p>\n<p>Osman A\u015fk\u0131n Bak,\u00a024. D\u00f6nemde \u0130stanbul, 25, 26 ve 27. D\u00f6nemde Rize Milletvekili se\u00e7ildi.<\/p>\n<p>NATO Parlamenterler Asamblesi T\u00fcrk Grubu \u00dcyesi ve D\u0131\u015fi\u015fleri Komisyonu S\u00f6zc\u00fcs\u00fc oldu. Dopingle M\u00fccadele Ara\u015ft\u0131rma Komisyonu Ba\u015fkanl\u0131\u011f\u0131 yapt\u0131.<\/p>\n<p>65. H\u00fck\u00fbmette Gen\u00e7lik ve Spor Bakan\u0131 olarak g\u00f6rev ald\u0131.<\/p>\n<p><img decoding=\"async\" src=\"https:\/\/bihavadis.com\/wp-content\/uploads\/2026\/02\/kabinede-yer-alan-bakanlarin-memleketleri-6-3T2JSzLz.jpg\"\/><\/p>\n<p><strong>MEHMET \u015e\u0130M\u015eEK: BATMAN <\/strong><\/p>\n<p>Hazine ve Maliye Bakan\u0131 Mehmet \u015eim\u015fek; Batman ili Gerc\u00fc\u015f il\u00e7esinin Ar\u0131ca k\u00f6y\u00fcnde d\u00fcnyaya geldi.<\/p>\n<p>22 Temmuz 2007 Genel Se\u00e7imlerinde AK Parti Gaziantep 1. s\u0131ra milletvekili olarak se\u00e7ildi.<\/p>\n<p>Se\u00e7imlerin ard\u0131ndan kurulan 60. T\u00fcrkiye Cumhuriyeti H\u00fck\u00fcmeti\u2019nde Hazine\u2019den sorumlu Devlet Bakan\u0131 olarak g\u00f6rev yapt\u0131.<\/p>\n<p>1 May\u0131s 2009 tarihine kadar bu g\u00f6revi y\u00fcr\u00fcten \u015eim\u015fek, bu tarihte ilan edilen kabine de\u011fi\u015fikli\u011fi ile Maliye Bakanl\u0131\u011f\u0131 g\u00f6revine getirildi.<\/p>\n<p>12 Haziran 2011 tarihinde yap\u0131lan se\u00e7imlerde, AK Parti Batman 1. s\u0131ra milletvekili olarak se\u00e7ildi.<\/p>\n<p>Se\u00e7imlerin ard\u0131ndan kurulan 61. T\u00fcrkiye Cumhuriyeti H\u00fck\u00fcmeti\u2019nde yeniden Maliye Bakanl\u0131\u011f\u0131 g\u00f6revine getirildi.<\/p>\n<p>01 Kas\u0131m 2015 Genel Se\u00e7imlerinde AK Parti Gaziantep 1. s\u0131ra milletvekili olarak se\u00e7ilen \u015eim\u015fek, 2018 y\u0131l\u0131na kadar 64. T\u00fcrkiye Cumhuriyeti H\u00fck\u00fcmeti\u2019nde Ba\u015fbakan Yard\u0131mc\u0131l\u0131\u011f\u0131 g\u00f6revini y\u00fcr\u00fctt\u00fc.<\/p>\n<p><img decoding=\"async\" src=\"https:\/\/bihavadis.com\/wp-content\/uploads\/2026\/02\/kabinede-yer-alan-bakanlarin-memleketleri-7-QUnChSDi.jpg\"\/><\/p>\n<p><strong>YEN\u0130 \u0130\u00c7\u0130\u015eLER\u0130 BAKANI MUSTAFA \u00c7\u0130FT\u00c7\u0130: KONYA<\/strong><\/p>\n<p>Erzurum Valisi Mustafa \u00c7ift\u00e7i, aslen Konyal\u0131.<\/p>\n<p>\u00c7ift\u00e7i, bug\u00fcn devir teslim t\u00f6reniyle beraber g\u00f6revine ba\u015flayacak.\u00a0<\/p>\n<p>G\u00f6reve ba\u015flamaya haz\u0131rlanan \u00c7ift\u00e7i, ilk a\u00e7\u0131klamas\u0131nda da\u00a0\u00a0<em><b>&#8220;Cumhurba\u015fkan\u0131m\u0131z\u0131n atama karar\u0131 ile sorumlulu\u011fu a\u011f\u0131r bir grevi \u00fcstlenmi\u015f oldum. Dada\u015flardan dua bekliyorum. Allah yar ve yard\u0131mc\u0131m\u0131z olsun.&#8221;<\/b><\/em> dedi.\u00a0<\/p>\n<p><img decoding=\"async\" src=\"https:\/\/bihavadis.com\/wp-content\/uploads\/2026\/02\/kabinede-yer-alan-bakanlarin-memleketleri-8-OCsgFU2F.jpg\"\/><\/p>\n<p><strong>MEHMET NUR\u0130 ERSOY: ANTALYA<\/strong><\/p>\n<p>K\u00fclt\u00fcr ve Turizm Bakan\u0131 Mehmet Nuri Ersoy, \u0130stanbul do\u011fumlu ancak kaynaklara g\u00f6re kendisinin Antalyal\u0131 oldu\u011fu biliniyor.\u00a0<\/p>\n<p><img decoding=\"async\" src=\"https:\/\/bihavadis.com\/wp-content\/uploads\/2026\/02\/kabinede-yer-alan-bakanlarin-memleketleri-9-cnzReu2n.jpg\"\/><\/p>\n<p><strong>YUSUF TEK\u0130N: ERZURUM<\/strong><\/p>\n<p>Erzurum Tortum&#8217;da d\u00fcnyaya gelen Milli E\u011fitim Bakan\u0131 Yusuf Tekin, ilk ve orta \u00f6\u011frenimini ise Rize&#8217;de tamamlad\u0131.\u00a0<\/p>\n<p>Yusuf Tekin, 15 Eyl\u00fcl 2018&#8217;de Ankara Hac\u0131 Bayram Veli \u00dcniversitesi Rekt\u00f6rl\u00fc\u011f\u00fc g\u00f6revine ba\u015flad\u0131.<\/p>\n<p>Tekin, rekt\u00f6rl\u00fck g\u00f6revini y\u00fcr\u00fct\u00fcrken 4 Haziran 2023 tarihinde Mill\u00ee E\u011fitim Bakan\u0131 olarak atand\u0131.<\/p>\n<p><img decoding=\"async\" src=\"https:\/\/bihavadis.com\/wp-content\/uploads\/2026\/02\/kabinede-yer-alan-bakanlarin-memleketleri-10-j1hWW5YH.jpg\"\/><\/p>\n<p><strong>YA\u015eAR G\u00dcLER: ARDAHAN<\/strong><\/p>\n<p>Milli Savunma Bakan\u0131 Ya\u015far G\u00fcler, aslan Ardahanl\u0131.<\/p>\n<p>Ardahanl\u0131 olan G\u00fcler, Cumhurba\u015fkanl\u0131\u011f\u0131n\u0131n 09 Temmuz 2018 tarihli kararnamesiyle Genelkurmay Ba\u015fkanl\u0131\u011f\u0131 g\u00f6revine atand\u0131.<\/p>\n<p>TSK \u00dcst\u00fcn Hizmet Madalyas\u0131 ve TSK \u015eeref Madalyas\u0131na sahip olan Ya\u015far G\u00fcler, baz\u0131 \u00fclkeler taraf\u0131ndan da \u00e7e\u015fitli madalyalar ile taltif edildi.<\/p>\n<p>2023 y\u0131l\u0131nda ise Cumhurba\u015fkanl\u0131\u011f\u0131 Kararnamesi ile Mill\u00ee Savunma Bakan\u0131 olarak atand\u0131.\u00a0<\/p>\n<p><img decoding=\"async\" src=\"https:\/\/bihavadis.com\/wp-content\/uploads\/2026\/02\/kabinede-yer-alan-bakanlarin-memleketleri-11-a8IE3EZp.jpg\"\/><\/p>\n<p><strong>KEMAL MEM\u0130\u015eO\u011eLU: R\u0130ZE<\/strong><\/p>\n<p>Aslen Rizeli olan Sa\u011fl\u0131k Bakan\u0131 Kemal Memi\u015fo\u011flu, Trabzon&#8217;da d\u00fcnyaya geldi.<\/p>\n<p>Memi\u015fo\u011flu, Konyal\u0131 olan Fahrettin Koca&#8217;n\u0131n yerine gelmi\u015fti.\u00a0<\/p>\n<p><img decoding=\"async\" src=\"https:\/\/bihavadis.com\/wp-content\/uploads\/2026\/02\/kabinede-yer-alan-bakanlarin-memleketleri-12-c2uejFDk.jpg\"\/><\/p>\n<p><strong>MEHMET FAT\u0130H KACIR: \u0130STANBUL<\/strong><\/p>\n<p>Sanayi ve Teknoloji Bakan Mehmet Fatih Kac\u0131r, \u0130stanbullu.\u00a0<\/p>\n<p><img decoding=\"async\" src=\"https:\/\/bihavadis.com\/wp-content\/uploads\/2026\/02\/kabinede-yer-alan-bakanlarin-memleketleri-13-YNpZ99kf.jpg\"\/><\/p>\n<p><strong>\u0130BRAH\u0130M YUMAKLI: KASTAMONU<\/strong><\/p>\n<p>Tar\u0131m ve Orman Bakan\u0131 \u0130brahim Yumakl\u0131, 1969 y\u0131l\u0131nda Kastamonu&#8217;da do\u011fdu.<\/p>\n<p>1992 y\u0131l\u0131nda Uluda\u011f \u00dcniversitesi \u0130ktisadi \u0130dari Bilimler Fak\u00fcltesi \u0130\u015fletme B\u00f6l\u00fcm\u00fc&#8217;nden mezun oldu.\u00a0<\/p>\n<p><img decoding=\"async\" src=\"https:\/\/bihavadis.com\/wp-content\/uploads\/2026\/02\/kabinede-yer-alan-bakanlarin-memleketleri-14-WhklFBDK.jpg\"\/><\/p>\n<p><strong>\u00d6MER BOLAT: KONYA<\/strong><\/p>\n<p>1963 \u0130stanbul do\u011fumlu olan Ticaret Bakan\u0131 \u00d6mer Bolat, aslen Konyal\u0131.<\/p>\n<p>Marmara \u00dcniversitesi \u0130ktisadi ve \u0130dari Bilimler Fak\u00fcltesi uluslararas\u0131 ekonomik ili\u015fkiler mezunu.\u00a0<\/p>\n<p><img decoding=\"async\" src=\"https:\/\/bihavadis.com\/wp-content\/uploads\/2026\/02\/kabinede-yer-alan-bakanlarin-memleketleri-15-TBUyl4E3.jpg\"\/><\/p>\n<p><strong>ABDULKAD\u0130R URALO\u011eLU: TRABZON<\/strong><\/p>\n<p>Ula\u015ft\u0131rma ve Altyap\u0131 Bakan\u0131 olan, 19 Ocak 1966 y\u0131l\u0131nda Trabzon Faroz Mahallesi\u2019nde do\u011fan Uralo\u011flu, e\u011fitim hayat\u0131na Kanuni \u0130lkokulu\u2019nda ba\u015flam\u0131\u015ft\u0131r.<\/p>\n<p>Uralo\u011flu, 3 Haziran 2023&#8217;te yay\u0131mlanan Cumhurba\u015fkan\u0131 karar\u0131yla 67. H\u00fck\u00fcmette Ula\u015ft\u0131rma ve Altyap\u0131 Bakanl\u0131\u011f\u0131 g\u00f6revine atanm\u0131\u015ft\u0131r.\u00a0<\/p>\n<p><img decoding=\"async\" src=\"https:\/\/bihavadis.com\/wp-content\/uploads\/2026\/02\/kabinede-yer-alan-bakanlarin-memleketleri-16-bRnXr5px.jpg\"\/><\/p>\n<p><strong>ESK\u0130 \u0130\u00c7\u0130\u015eLER\u0130 BAKANI AL\u0130 YERL\u0130KAYA: KONYA<\/strong><\/p>\n<p><img decoding=\"async\" src=\"https:\/\/bihavadis.com\/wp-content\/uploads\/2026\/02\/kabinede-yer-alan-bakanlarin-memleketleri-17-9wTQ25kx.jpg\"\/><\/p>\n<p><img decoding=\"async\" src=\"https:\/\/bihavadis.com\/wp-content\/uploads\/2026\/02\/kabinede-yer-alan-bakanlarin-memleketleri-18-zL7fG5yr.jpg\"\/><\/p>\n","protected":false},"excerpt":{"rendered":"<p>D\u00fcn gece 2 bakanla de\u011fi\u015fime giden Cumhurba\u015fkanl\u0131\u011f\u0131 Kabinesi&#8217;nde Konyal\u0131 bakanlar\u0131n \u00e7o\u011funlukta olmas\u0131 dikkat \u00e7ekerken Nev\u015fehir&#8217;den 30 y\u0131l sonra ilk kez bir bakan \u00e7\u0131kt\u0131.<\/p>\n","protected":false},"author":1,"featured_media":35370,"comment_status":"open","ping_status":"open","sticky":false,"template":"","format":"standard","meta":{"footnotes":""},"categories":[9,13],"tags":[436,1159,1472,426,834],"class_list":["post-35369","post","type-post","status-publish","format-standard","has-post-thumbnail","hentry","category-genel","category-son-dakika","tag-bakan","tag-gorev","tag-kara","tag-konya","tag-yilinda"],"_links":{"self":[{"href":"https:\/\/bihavadis.com\/index.php\/wp-json\/wp\/v2\/posts\/35369","targetHints":{"allow":["GET"]}}],"collection":[{"href":"https:\/\/bihavadis.com\/index.php\/wp-json\/wp\/v2\/posts"}],"about":[{"href":"https:\/\/bihavadis.com\/index.php\/wp-json\/wp\/v2\/types\/post"}],"author":[{"embeddable":true,"href":"https:\/\/bihavadis.com\/index.php\/wp-json\/wp\/v2\/users\/1"}],"replies":[{"embeddable":true,"href":"https:\/\/bihavadis.com\/index.php\/wp-json\/wp\/v2\/comments?post=35369"}],"version-history":[{"count":1,"href":"https:\/\/bihavadis.com\/index.php\/wp-json\/wp\/v2\/posts\/35369\/revisions"}],"predecessor-version":[{"id":35390,"href":"https:\/\/bihavadis.com\/index.php\/wp-json\/wp\/v2\/posts\/35369\/revisions\/35390"}],"wp:featuredmedia":[{"embeddable":true,"href":"https:\/\/bihavadis.com\/index.php\/wp-json\/wp\/v2\/media\/35370"}],"wp:attachment":[{"href":"https:\/\/bihavadis.com\/index.php\/wp-json\/wp\/v2\/media?parent=35369"}],"wp:term":[{"taxonomy":"category","embeddable":true,"href":"https:\/\/bihavadis.com\/index.php\/wp-json\/wp\/v2\/categories?post=35369"},{"taxonomy":"post_tag","embeddable":true,"href":"https:\/\/bihavadis.com\/index.php\/wp-json\/wp\/v2\/tags?post=35369"}],"curies":[{"name":"wp","href":"https:\/\/api.w.org\/{rel}","templated":true}]}}