{"id":35394,"date":"2026-02-15T15:18:07","date_gmt":"2026-02-15T15:18:07","guid":{"rendered":"https:\/\/bihavadis.com\/?p=35394"},"modified":"2026-02-15T15:18:07","modified_gmt":"2026-02-15T15:18:07","slug":"arda-gulerden-bu-sehir-girdap-gulum-paylasimi","status":"publish","type":"post","link":"https:\/\/bihavadis.com\/index.php\/2026\/02\/15\/arda-gulerden-bu-sehir-girdap-gulum-paylasimi\/","title":{"rendered":"Arda G\u00fcler&#8217;den &#8216;Bu \u015fehir girdap g\u00fcl\u00fcm&#8217; payla\u015f\u0131m\u0131"},"content":{"rendered":"<p>A Milli Tak\u0131m\u0131m\u0131z ve \u0130spanyol devi Real Madrid&#8217;in ba\u015far\u0131l\u0131 futbolcusu Arda G\u00fcler,\u00a0yo\u011fun ma\u00e7 temposuna k\u0131sa bir ara verip Fransa&#8217;n\u0131n ba\u015fkenti Paris&#8217;e gitti.<\/p>\n<p>K\u0131z arkada\u015f\u0131yla keyifli bir tatil ge\u00e7iren G\u00fcler,\u00a0son olarak\u00a0Instagram hesab\u0131ndan payla\u015ft\u0131\u011f\u0131 hikayeyle dikkat \u00e7ekti.<\/p>\n<p>20 ya\u015f\u0131ndaki gen\u00e7 futbolcu, arkada \u015fehir manzaras\u0131yla \u00e7ekilmi\u015f bir foto\u011fraf\u0131n\u0131 payla\u015ft\u0131.<\/p>\n<p><strong>&#8220;BU \u015eEH\u0130R G\u0130RDAP G\u00dcL\u00dcM&#8221;<\/strong><\/p>\n<p>Arda, payla\u015f\u0131m\u0131na efsane dizi Kurtlar Vadisi&#8217;nde G\u00fcrkan Uygun&#8217;un seslendirdi\u011fi <b><em>&#8220;Bu \u015fehir girdap g\u00fcl\u00fcm&#8221;<\/em><\/b> \u015fark\u0131s\u0131n\u0131 ekledi.<\/p>\n<p>G\u00fcler&#8217;in payla\u015f\u0131m\u0131na k\u0131sa s\u00fcrede be\u011feni ya\u011fd\u0131.<\/p>\n<p><img decoding=\"async\" src=\"https:\/\/bihavadis.com\/wp-content\/uploads\/2026\/02\/arda-gulerden-bu-sehir-girdap-gulum-paylasimi-0-zlS9KQ4O.jpg\"\/><\/p>\n","protected":false},"excerpt":{"rendered":"<p>Real Madrid ve milli tak\u0131m\u0131m\u0131z\u0131n gen\u00e7 y\u0131ld\u0131z\u0131 Arda G\u00fcler, yo\u011fun ma\u00e7 temposuna verilen arada solu\u011fu Paris&#8217;te ald\u0131. 20 ya\u015f\u0131ndaki gen\u00e7 futbolcu, arkada \u015fehir manzaras\u0131yla \u00e7ekilmi\u015f bir foto\u011fraf\u0131n\u0131 payla\u015ft\u0131. Arda, payla\u015f\u0131m\u0131na efsane dizi Kurtlar Vadisi&#8217;nde G\u00fcrkan Uygun&#8217;un seslendirdi\u011fi &#8220;Bu \u015fehir girdap g\u00fcl\u00fcm&#8221; \u015fark\u0131s\u0131n\u0131 ekledi.<\/p>\n","protected":false},"author":1,"featured_media":35395,"comment_status":"open","ping_status":"open","sticky":false,"template":"","format":"standard","meta":{"footnotes":""},"categories":[14],"tags":[],"class_list":["post-35394","post","type-post","status-publish","format-standard","has-post-thumbnail","hentry","category-spor"],"_links":{"self":[{"href":"https:\/\/bihavadis.com\/index.php\/wp-json\/wp\/v2\/posts\/35394","targetHints":{"allow":["GET"]}}],"collection":[{"href":"https:\/\/bihavadis.com\/index.php\/wp-json\/wp\/v2\/posts"}],"about":[{"href":"https:\/\/bihavadis.com\/index.php\/wp-json\/wp\/v2\/types\/post"}],"author":[{"embeddable":true,"href":"https:\/\/bihavadis.com\/index.php\/wp-json\/wp\/v2\/users\/1"}],"replies":[{"embeddable":true,"href":"https:\/\/bihavadis.com\/index.php\/wp-json\/wp\/v2\/comments?post=35394"}],"version-history":[{"count":1,"href":"https:\/\/bihavadis.com\/index.php\/wp-json\/wp\/v2\/posts\/35394\/revisions"}],"predecessor-version":[{"id":35397,"href":"https:\/\/bihavadis.com\/index.php\/wp-json\/wp\/v2\/posts\/35394\/revisions\/35397"}],"wp:featuredmedia":[{"embeddable":true,"href":"https:\/\/bihavadis.com\/index.php\/wp-json\/wp\/v2\/media\/35395"}],"wp:attachment":[{"href":"https:\/\/bihavadis.com\/index.php\/wp-json\/wp\/v2\/media?parent=35394"}],"wp:term":[{"taxonomy":"category","embeddable":true,"href":"https:\/\/bihavadis.com\/index.php\/wp-json\/wp\/v2\/categories?post=35394"},{"taxonomy":"post_tag","embeddable":true,"href":"https:\/\/bihavadis.com\/index.php\/wp-json\/wp\/v2\/tags?post=35394"}],"curies":[{"name":"wp","href":"https:\/\/api.w.org\/{rel}","templated":true}]}}