{"id":35447,"date":"2026-02-15T15:48:08","date_gmt":"2026-02-15T15:48:08","guid":{"rendered":"https:\/\/bihavadis.com\/?p=35447"},"modified":"2026-02-15T15:48:08","modified_gmt":"2026-02-15T15:48:08","slug":"istanbulun-atik-sulari-marmara-denizinin-rengini-degistiriyor","status":"publish","type":"post","link":"https:\/\/bihavadis.com\/index.php\/2026\/02\/15\/istanbulun-atik-sulari-marmara-denizinin-rengini-degistiriyor\/","title":{"rendered":"\u0130stanbul&#8217;un at\u0131k sular\u0131 Marmara Denizi&#8217;nin rengini de\u011fi\u015ftiriyor"},"content":{"rendered":"<p>\u0130stanbul K\u00fc\u00e7\u00fck\u00e7ekmece k\u0131y\u0131lar\u0131nda drone ile \u00e7ekilen yeni g\u00f6r\u00fcnt\u00fclerde, Marmara Denizi&#8217;ne ar\u0131t\u0131lmadan b\u0131rak\u0131lan at\u0131k sular\u0131n deniz rengini de\u011fi\u015ftirdi\u011fini ortaya \u00e7\u0131kt\u0131.<\/p>\n<p>Havadan kaydedilen g\u00f6r\u00fcnt\u00fclerde, at\u0131k suyun denize kar\u0131\u015ft\u0131\u011f\u0131 yerde deniz y\u00fczeyinin bulan\u0131k bir hal ald\u0131\u011f\u0131, temiz suyla kirli su aras\u0131ndaki s\u0131n\u0131r\u0131n net bi\u00e7imde g\u00f6r\u00fcld\u00fc\u011f\u00fc dikkat \u00e7ekiyor.<\/p>\n<p>G\u00f6r\u00fcnt\u00fclerin kayna\u011f\u0131 olan sahada, \u0130SK\u0130&#8217;ye ait at\u0131k su ar\u0131tma tesislerinden \u00e7\u0131kan su yeterince ar\u0131t\u0131lmadan denize ula\u015f\u0131yor.<\/p>\n<p><strong>BAKANLIK CEZA KEST\u0130<\/strong><\/p>\n<p>Marmara Denizi&#8217;nin ekosistemini tehdit eden bu durum, ge\u00e7en aylarda \u00c7evre, \u015eehircilik ve \u0130klim De\u011fi\u015fikli\u011fi Bakanl\u0131\u011f\u0131 denetimlerine konu olmu\u015ftu.<\/p>\n<p>Bakanl\u0131k ekipleri, \u0130stanbul B\u00fcy\u00fck\u015fehir Belediyesi&#8217;ne ba\u011fl\u0131 \u0130SK\u0130&#8217;ye ait Ambarl\u0131 \u0130leri Biyolojik At\u0131ksu Ar\u0131tma Tesissinde yap\u0131lan \u00e7evre denetiminde, kentsel at\u0131k sular\u0131n bir k\u0131sm\u0131n\u0131n ar\u0131t\u0131lmadan denize de\u015farj edildi\u011fini tespit etmi\u015fti.<\/p>\n<p>Bu ihlal \u00fczerine \u0130SK\u0130&#8217;ye \u00c7evre Kanunu uyar\u0131nca 3 milyon 343 bin 688 lira idari para cezas\u0131 uygulanm\u0131\u015ft\u0131. \u00c7evre bilimciler ise denize ar\u0131t\u0131lmadan b\u0131rak\u0131lan suyun deniz suyunun oksijen dengesini bozdu\u011funu, uzun vadede bal\u0131k pop\u00fclasyonunu ve deniz sa\u011fl\u0131\u011f\u0131n\u0131 olumsuz etkiledi\u011fini vurguluyor.<\/p>\n<p><img decoding=\"async\" src=\"https:\/\/bihavadis.com\/wp-content\/uploads\/2026\/02\/istanbulun-atik-sulari-marmara-denizinin-rengini-degistiriyor-0-vbRt7Oey.jpg\"\/><\/p>\n<p><strong>\u00c7EVRESEL KR\u0130ZE YL A\u00c7AB\u0130L\u0130R<\/strong><\/p>\n<p>Marmara Denizi&#8217;ne akan at\u0131k sular\u0131n sadece k\u0131sa s\u00fcreli bir sorun olmad\u0131\u011f\u0131, ar\u0131tma sistemlerinin etkin \u00e7al\u0131\u015ft\u0131r\u0131lmamas\u0131 halinde \u00e7ok daha b\u00fcy\u00fck \u00e7evresel krizlere yol a\u00e7abilece\u011fi belirtiliyor.<\/p>\n<p><img decoding=\"async\" src=\"https:\/\/bihavadis.com\/wp-content\/uploads\/2026\/02\/istanbulun-atik-sulari-marmara-denizinin-rengini-degistiriyor-1-IkfBhtmz.jpg\"\/><\/p>\n<p><img decoding=\"async\" src=\"https:\/\/bihavadis.com\/wp-content\/uploads\/2026\/02\/istanbulun-atik-sulari-marmara-denizinin-rengini-degistiriyor-2-WdMHcjri.jpg\"\/><\/p>\n<p><img decoding=\"async\" src=\"https:\/\/bihavadis.com\/wp-content\/uploads\/2026\/02\/istanbulun-atik-sulari-marmara-denizinin-rengini-degistiriyor-3-4mgrLtI1.jpg\"\/><\/p>\n","protected":false},"excerpt":{"rendered":"<p>\u0130stanbul&#8217;da endi\u015fe veren g\u00f6r\u00fcnt\u00fclerin adresi \u0130SK\u0130&#8217;ye ba\u011fl\u0131 K\u00fc\u00e7\u00fck\u00e7ekmece at\u0131k su \u00f6n ar\u0131tma tesislerinde kaydedildi. Havadan \u00e7ekilen g\u00f6r\u00fcnt\u00fclerde Marmara Denizine yeterince ar\u0131t\u0131lmadan de\u015farj edilen at\u0131k su nedeniyle denizin renginin de\u011fi\u015fti\u011fi g\u00f6zler \u00f6n\u00fcne serildi.<\/p>\n","protected":false},"author":1,"featured_media":35448,"comment_status":"open","ping_status":"open","sticky":false,"template":"","format":"standard","meta":{"footnotes":""},"categories":[4,13],"tags":[1166,998,850],"class_list":["post-35447","post","type-post","status-publish","format-standard","has-post-thumbnail","hentry","category-gundem","category-son-dakika","tag-atik-su","tag-cevre","tag-deniz"],"_links":{"self":[{"href":"https:\/\/bihavadis.com\/index.php\/wp-json\/wp\/v2\/posts\/35447","targetHints":{"allow":["GET"]}}],"collection":[{"href":"https:\/\/bihavadis.com\/index.php\/wp-json\/wp\/v2\/posts"}],"about":[{"href":"https:\/\/bihavadis.com\/index.php\/wp-json\/wp\/v2\/types\/post"}],"author":[{"embeddable":true,"href":"https:\/\/bihavadis.com\/index.php\/wp-json\/wp\/v2\/users\/1"}],"replies":[{"embeddable":true,"href":"https:\/\/bihavadis.com\/index.php\/wp-json\/wp\/v2\/comments?post=35447"}],"version-history":[{"count":1,"href":"https:\/\/bihavadis.com\/index.php\/wp-json\/wp\/v2\/posts\/35447\/revisions"}],"predecessor-version":[{"id":35453,"href":"https:\/\/bihavadis.com\/index.php\/wp-json\/wp\/v2\/posts\/35447\/revisions\/35453"}],"wp:featuredmedia":[{"embeddable":true,"href":"https:\/\/bihavadis.com\/index.php\/wp-json\/wp\/v2\/media\/35448"}],"wp:attachment":[{"href":"https:\/\/bihavadis.com\/index.php\/wp-json\/wp\/v2\/media?parent=35447"}],"wp:term":[{"taxonomy":"category","embeddable":true,"href":"https:\/\/bihavadis.com\/index.php\/wp-json\/wp\/v2\/categories?post=35447"},{"taxonomy":"post_tag","embeddable":true,"href":"https:\/\/bihavadis.com\/index.php\/wp-json\/wp\/v2\/tags?post=35447"}],"curies":[{"name":"wp","href":"https:\/\/api.w.org\/{rel}","templated":true}]}}