{"id":35535,"date":"2026-02-15T16:51:03","date_gmt":"2026-02-15T16:51:03","guid":{"rendered":"https:\/\/bihavadis.com\/?p=35535"},"modified":"2026-02-15T16:51:03","modified_gmt":"2026-02-15T16:51:03","slug":"undpnin-stratejik-plani-artik-turk-kadin-yoneticiye-emanet","status":"publish","type":"post","link":"https:\/\/bihavadis.com\/index.php\/2026\/02\/15\/undpnin-stratejik-plani-artik-turk-kadin-yoneticiye-emanet\/","title":{"rendered":"UNDP&#8217;nin Stratejik Plan\u0131, art\u0131k T\u00fcrk kad\u0131n y\u00f6neticiye emanet"},"content":{"rendered":"<p>Birle\u015fmi\u015f Milletler\u2019in Kalk\u0131nma Program\u0131&#8217;nda (UNDP), Stratejik Plan Uygulama ve Entegrasyon Direkt\u00f6rl\u00fc\u011f\u00fc\u2019ne \u015eebnem \u015eener atand\u0131. Yeni g\u00f6revinde, UNDP\u2019nin 2026-2029 Stratejik Plan\u0131\u2019n\u0131 hayata ge\u00e7irmekten sorumlu olacak \u015eebnem \u015eener, ajans b\u00fcnyesinde bu g\u00f6revi \u00fcstlenen ilk T\u00fcrk kad\u0131n y\u00f6netici oldu.<\/p>\n<p>T\u00fcrk y\u00f6neticilerin yurt d\u0131\u015f\u0131ndaki ba\u015far\u0131lar\u0131na bir yenisi daha eklendi. Birle\u015fmi\u015f Milletler Kalk\u0131nma Ajans\u0131 (UNDP) b\u00fcnyesinde ger\u00e7ekle\u015ftirilen atamayla birlikte Stratejik Plan Uygulama ve Entegrasyon Direkt\u00f6rl\u00fc\u011f\u00fc\u2019ne \u015eebnem \u015eener getirildi.<\/p>\n<p><strong>UNDP B\u00dcNYES\u0130NDE BU G\u00d6REV\u0130 \u00dcSTLENEN \u0130LK T\u00dcRK KADIN Y\u00d6NET\u0130C\u0130 OLDU<\/strong><\/p>\n<p>09 \u015eubat 2026 tarihi itibar\u0131yla yeni g\u00f6revine ba\u015flayan \u015eebnem \u015eener, ajans b\u00fcnyesinde bu g\u00f6revi \u00fcstlenen ilk T\u00fcrk kad\u0131n y\u00f6netici oldu. \u015eebnem \u015eener, yeni g\u00f6revi kapsam\u0131nda New York\u2019taki UNDP Genel Merkezi\u2019nde konumland\u0131r\u0131lan \u0130cra Ofisi\u2019nde, do\u011frudan UNDP Ba\u015fkan\u0131 Alexander De Croo\u2019ya ba\u011fl\u0131 olarak \u00e7al\u0131\u015facak.<\/p>\n<p><strong>KONYA MERAM ANADOLU L\u0130SES\u0130\u2019NDEN MEZUN OLDU<\/strong><\/p>\n<p>\u0130lk, orta ve lise e\u011fitimini Konya\u2019da tamamlayan \u015eebnem \u015eener, Konya Meram Anadolu Lisesi\u2019nden mezun olduktan sonra lisans e\u011fitimini Orta Do\u011fu Teknik \u00dcniversitesi (ODT\u00dc) Siyaset Bilimi ve Kamu Y\u00f6netimi B\u00f6l\u00fcm\u00fc\u2019nde ald\u0131. Ayn\u0131 \u00fcniversitede Politika Ekonomisi alan\u0131nda y\u00fcksek lisans yapt\u0131. Doktora \u00e7al\u0131\u015fmalar\u0131 i\u00e7in Amerika Birle\u015fik Devletleri\u2019ne giden \u015eebnem \u015eener, doktora tezini George Washington \u00dcniversitesi\u2019nde t\u00fcketici g\u00fcveninin reel ekonomi \u00fczerindeki etkisi \u00fczerine ger\u00e7ekle\u015ftirdi.<\/p>\n<p><strong>F\u0130NANS ALANINDA 20 YILI A\u015eKIN TECR\u00dcBES\u0130 BULUNUYOR<\/strong><\/p>\n<p>Profesyonel kariyerine D\u00fcnya Bankas\u0131\u2019nda ba\u015flayan \u015eebnem \u015eener, yakla\u015f\u0131k yedi y\u0131l boyunca D\u00fcnya Bankas\u0131 b\u00fcnyesinde; ba\u015fta d\u00fc\u015f\u00fck ve orta gelirli \u00fclkeler olmak \u00fczere bir\u00e7ok \u00fclkede finansal sekt\u00f6r\u00fcn geli\u015ftirilmesine y\u00f6nelik teknik, stratejik ve operasyonel \u00e7al\u0131\u015fmalarda rol ald\u0131.<\/p>\n<p>Finansal kapsay\u0131c\u0131l\u0131\u011f\u0131n art\u0131r\u0131lmas\u0131, finansmana eri\u015fimin g\u00fc\u00e7lendirilmesi ve finansal sekt\u00f6r reformlar\u0131n\u0131n \u00f6nceliklendirilmesi konular\u0131nda \u00fclkelere dan\u0131\u015fmanl\u0131k sa\u011flad\u0131; finansal krizlere haz\u0131rl\u0131k, acil durum planlamas\u0131 ve d\u00fczenleyici-denetleyici kurumlara y\u00f6nelik finansal kriz sim\u00fclasyonlar\u0131 gibi projelerde g\u00f6rev ald\u0131. 2015 y\u0131l\u0131nda Birle\u015fmi\u015f Milletler Kalk\u0131nma Program\u0131\u2019na (UNDP) ge\u00e7en \u015eebnem \u015eener, s\u00fcrd\u00fcr\u00fclebilir finans alan\u0131nda \u00f6nemli \u00e7al\u0131\u015fmalara imza att\u0131. Bu d\u00f6nemde, etki odakl\u0131 finansman yakla\u015f\u0131mlar\u0131 ve geli\u015fmekte olan pazarlarda bankac\u0131l\u0131k a\u00e7\u0131s\u0131ndan uygulanabilir projelerin geli\u015ftirilmesine y\u00f6nelik \u00e7al\u0131\u015fmalar y\u00fcr\u00fcten \u015eebnem \u015eener, son 2 y\u0131ld\u0131r UNDP S\u00fcrd\u00fcr\u00fclebilir Finans A\u011f\u0131 (Sustainable Finance Hub) b\u00fcnyesinde S\u00fcrd\u00fcr\u00fclebilir Kalk\u0131nma Ara\u00e7lar\u0131 i\u00e7in \u00d6zel Finansman birimine liderlik ediyordu.<\/p>\n<p><img decoding=\"async\" src=\"https:\/\/bihavadis.com\/wp-content\/uploads\/2026\/02\/undpnin-stratejik-plani-artik-turk-kadin-yoneticiye-emanet-0-a41bFXCB.jpg\"\/><\/p>\n<p><strong>\u00d6NCEL\u0130KL\u0130 G\u0130R\u0130\u015e\u0130MLER\u0130N ORTAK ETK\u0130 \u00dcRETMES\u0130NE L\u0130DERL\u0130K EDECEK<\/strong><\/p>\n<p>170 \u00fclke ve b\u00f6lgede yoksullu\u011fu ortadan kald\u0131rmak, e\u015fitsizlikleri ve d\u0131\u015flanmay\u0131 azaltmak ve \u00fclkelerin s\u00fcrd\u00fcr\u00fclebilir ilerleme kapasitesini g\u00fc\u00e7lendirmek amac\u0131yla \u00e7al\u0131\u015fmalar\u0131n\u0131 s\u00fcrd\u00fcren UNDP, 27 Haziran 2025 tarihinde yay\u0131mlanan 2026-2029 Stratejik Plan\u0131 ile \u00f6n\u00fcm\u00fczdeki d\u00f6neme ili\u015fkin yol haritas\u0131n\u0131 ve \u00f6nceliklerini ortaya koymu\u015ftu.<\/p>\n<p>S\u00f6z konusu plan; herkes i\u00e7in refah\u0131n geni\u015fletilmesi, etkili y\u00f6neti\u015fimin g\u00fc\u00e7lendirilmesi, sa\u011fl\u0131kl\u0131 bir gezegenin korunmas\u0131 ve krizlere kar\u015f\u0131 dayan\u0131kl\u0131l\u0131\u011f\u0131n art\u0131r\u0131lmas\u0131 olmak \u00fczere d\u00f6rt temel stratejik hedef etraf\u0131nda \u015fekilleniyor. Bu hedefler; dijital ve yapay zek\u00e2 inovasyonu, toplumsal cinsiyet e\u015fitli\u011fi ve s\u00fcrd\u00fcr\u00fclebilir finansman olmak \u00fczere \u00fc\u00e7 h\u0131zland\u0131r\u0131c\u0131 alan taraf\u0131ndan desteklenerek, UNDP\u2019nin t\u00fcm \u00e7al\u0131\u015fma alanlar\u0131nda d\u00f6n\u00fc\u015ft\u00fcr\u00fcc\u00fc etki yaratmas\u0131n\u0131 ama\u00e7l\u0131yor.<\/p>\n<p>\u015eebnem \u015eener, s\u00f6z konusu Stratejik Plan dahilinde belirlenen kurumsal stratejik \u00f6nceliklerin, ajans\u0131n t\u00fcm politika, program, ortakl\u0131k ve finansman ara\u00e7lar\u0131yla uyumlu, b\u00fct\u00fcnc\u00fcl ve tamamlay\u0131c\u0131 bir yakla\u015f\u0131mla hayata ge\u00e7irilmesini koordine edecek. \u015eebnem \u015eener, k\u00fcresel, b\u00f6lgesel ve ulusal d\u00fczeyde faaliyet g\u00f6steren UNDP birimleri aras\u0131nda stratejik entegrasyonu sa\u011flayarak, \u00f6ncelikli giri\u015fimlerin ortak etki \u00fcretmesine liderlik edecek ve Stratejik Plan kapsam\u0131nda hedeflenen kalk\u0131nma sonu\u00e7lar\u0131n\u0131n sahada somut etkilere d\u00f6n\u00fc\u015fmesinde kilit rol \u00fcstlenecek.<\/p>\n","protected":false},"excerpt":{"rendered":"<p>Birle\u015fmi\u015f Milletler Kalk\u0131nma Program\u0131 b\u00fcnyesinde ger\u00e7ekle\u015ftirilen atamayla birlikte Stratejik Plan Uygulama ve Entegrasyon Direkt\u00f6rl\u00fc\u011f\u00fc\u2019ne \u015eebnem \u015eener getirildi.<\/p>\n","protected":false},"author":1,"featured_media":35536,"comment_status":"open","ping_status":"open","sticky":false,"template":"","format":"standard","meta":{"footnotes":""},"categories":[8],"tags":[244,1882,407,5153,5152],"class_list":["post-35535","post","type-post","status-publish","format-standard","has-post-thumbnail","hentry","category-ekonomi","tag-etki","tag-finans","tag-orta","tag-sebnem-sener","tag-undp"],"_links":{"self":[{"href":"https:\/\/bihavadis.com\/index.php\/wp-json\/wp\/v2\/posts\/35535","targetHints":{"allow":["GET"]}}],"collection":[{"href":"https:\/\/bihavadis.com\/index.php\/wp-json\/wp\/v2\/posts"}],"about":[{"href":"https:\/\/bihavadis.com\/index.php\/wp-json\/wp\/v2\/types\/post"}],"author":[{"embeddable":true,"href":"https:\/\/bihavadis.com\/index.php\/wp-json\/wp\/v2\/users\/1"}],"replies":[{"embeddable":true,"href":"https:\/\/bihavadis.com\/index.php\/wp-json\/wp\/v2\/comments?post=35535"}],"version-history":[{"count":1,"href":"https:\/\/bihavadis.com\/index.php\/wp-json\/wp\/v2\/posts\/35535\/revisions"}],"predecessor-version":[{"id":35538,"href":"https:\/\/bihavadis.com\/index.php\/wp-json\/wp\/v2\/posts\/35535\/revisions\/35538"}],"wp:featuredmedia":[{"embeddable":true,"href":"https:\/\/bihavadis.com\/index.php\/wp-json\/wp\/v2\/media\/35536"}],"wp:attachment":[{"href":"https:\/\/bihavadis.com\/index.php\/wp-json\/wp\/v2\/media?parent=35535"}],"wp:term":[{"taxonomy":"category","embeddable":true,"href":"https:\/\/bihavadis.com\/index.php\/wp-json\/wp\/v2\/categories?post=35535"},{"taxonomy":"post_tag","embeddable":true,"href":"https:\/\/bihavadis.com\/index.php\/wp-json\/wp\/v2\/tags?post=35535"}],"curies":[{"name":"wp","href":"https:\/\/api.w.org\/{rel}","templated":true}]}}