{"id":35643,"date":"2026-02-15T18:09:08","date_gmt":"2026-02-15T18:09:08","guid":{"rendered":"https:\/\/bihavadis.com\/?p=35643"},"modified":"2026-02-15T18:09:08","modified_gmt":"2026-02-15T18:09:08","slug":"riza-calimbay-aanin-yilin-kareleri-oylamasina-katildi","status":"publish","type":"post","link":"https:\/\/bihavadis.com\/index.php\/2026\/02\/15\/riza-calimbay-aanin-yilin-kareleri-oylamasina-katildi\/","title":{"rendered":"R\u0131za \u00c7al\u0131mbay, AA&#8217;n\u0131n &#8220;Y\u0131l\u0131n Kareleri&#8221; oylamas\u0131na kat\u0131ld\u0131"},"content":{"rendered":"<p>Teknik direkt\u00f6r R\u0131za \u00c7al\u0131mbay, Anadolu Ajans\u0131&#8217;n\u0131n (AA) g\u00f6z\u00fcnden 2025&#8217;e damga vuran olaylara ait foto\u011fraflar\u0131n yer ald\u0131\u011f\u0131 AA&#8217;n\u0131n <em><b>&#8220;Y\u0131l\u0131n Kareleri&#8221;<\/b><\/em> oylamas\u0131na kat\u0131ld\u0131.<\/p>\n<p>R\u0131za \u00c7al\u0131mbay, d\u00fczenlenen yar\u0131\u015fmada, AA foto muhabirleri ve muhabirlerinin 2025&#8217;te T\u00fcrkiye ile d\u00fcnya g\u00fcndeminde yank\u0131 bulan 6 kategorideki 112 foto\u011fraf\u0131n\u0131 inceledi.<\/p>\n<p><img decoding=\"async\" src=\"https:\/\/bihavadis.com\/wp-content\/uploads\/2026\/02\/riza-calimbay-aanin-yilin-kareleri-oylamasina-katildi-0-BSKy9Njy.jpg\"\/><\/p>\n<p><strong>SE\u00c7\u0130MLER\u0130<\/strong><\/p>\n<p>\u00c7al\u0131mbay,<em><b> &#8220;Gazze: A\u00e7l\u0131k&#8221;<\/b><\/em> \u00f6zel kategorisinde Ali Jadallah&#8217;\u0131n <em><b>&#8220;\u0130srail&#8217;in a\u00e7l\u0131\u011fa mahkum etti\u011fi Gazzeliler, yard\u0131m noktas\u0131nda yo\u011funluk olu\u015fturdu&#8221;<\/b><\/em> adl\u0131 foto\u011fraf\u0131na oyunu verdi.<\/p>\n<p><em><b>&#8220;Portre&#8221;<\/b><\/em> \u00f6zel kategorisinde Ahmet Aslan&#8217;\u0131n<em><b> &#8220;Y\u0131llar\u0131n ard\u0131ndan&#8221; <\/b><\/em>karesini se\u00e7en 63 ya\u015f\u0131ndaki teknik adam, <em><b>&#8220;Haber&#8221;<\/b><\/em> kategorisinde ise Emin Sansar&#8217;\u0131n <em><b>&#8220;Kutlamalar&#8221;<\/b><\/em> isimli foto\u011fraf\u0131n\u0131 oylad\u0131.<\/p>\n<p><em><b>&#8220;Spor&#8221; <\/b><\/em>kategorisinde Serhat \u00c7a\u011fda\u015f&#8217;\u0131n<em><b> &#8220;Ayakla m\u00fcdahale&#8221; <\/b><\/em>foto\u011fraf\u0131n\u0131 tercih eden \u00c7al\u0131mbay, <em><b>&#8220;Do\u011fal Ya\u015fam ve \u00c7evre&#8221; <\/b><\/em>kategorisinde oyunu \u00d6zkan Bilgin&#8217;in <em><b>&#8220;Dolunaya inat&#8221;<\/b><\/em> adl\u0131 karesinden yana kulland\u0131.<\/p>\n<p>R\u0131za \u00c7al\u0131mbay,<em><b> &#8220;G\u00fcnl\u00fck Hayat&#8221; <\/b><\/em>kategorisinde de Nurettin Boydak&#8217;a ait<em><b> &#8220;Rengarenk&#8221;<\/b><\/em> ba\u015fl\u0131kl\u0131 kareyi oylad\u0131.<\/p>\n<p><img decoding=\"async\" src=\"https:\/\/bihavadis.com\/wp-content\/uploads\/2026\/02\/riza-calimbay-aanin-yilin-kareleri-oylamasina-katildi-1-BTI3GyHz.jpg\"\/><\/p>\n<p><strong>&#8220;FOTO MUHAB\u0130R\u0130 ARKADA\u015e \u00c7OK \u0130Y\u0130 \u015eEK\u0130LDE YAKALAMI\u015e&#8221;<\/strong><\/p>\n<p>Foto\u011fraflar\u0131 \u00e7ok g\u00fczel buldu\u011funu aktaran tecr\u00fcbeli teknik adam, <em><b>&#8220;Bizlerin g\u00f6rmedi\u011fi, g\u00f6remedi\u011fi baz\u0131 \u015feyleri de ortaya \u00e7\u0131karm\u0131\u015fs\u0131n\u0131z. O y\u00fczden sizleri tebrik ediyorum. Spor kategorisinde se\u00e7ti\u011fim kare, bir futbolcunun nas\u0131l m\u00fccadele etti\u011fini g\u00f6steriyor. O kareyi de bu y\u00fczden se\u00e7tim. Kafas\u0131n\u0131 orada aya\u011fa do\u011fru uzatm\u0131\u015f. Biraz riskli ama foto muhabiri arkada\u015f \u00e7ok iyi \u015fekilde yakalam\u0131\u015f.&#8221; <\/b><\/em>diye konu\u015ftu.<\/p>\n<p><img decoding=\"async\" src=\"https:\/\/bihavadis.com\/wp-content\/uploads\/2026\/02\/riza-calimbay-aanin-yilin-kareleri-oylamasina-katildi-2-BqNSrt52.jpg\"\/><\/p>\n<p><strong>OYLAMA<\/strong><\/p>\n<p>AA&#8217;n\u0131n 2012 y\u0131l\u0131ndan bu yana d\u00fczenledi\u011fi yar\u0131\u015fmada, bu y\u0131l <em><b>&#8220;Haber&#8221;<\/b><\/em>, <em><b>&#8220;Do\u011fal Ya\u015fam ve \u00c7evre&#8221;<\/b><\/em>,<em><b> &#8220;Spor&#8221; <\/b><\/em>ve <em><b>&#8220;G\u00fcnl\u00fck Hayat&#8221; <\/b><\/em>olmak \u00fczere 4 ana kategorinin yan\u0131 s\u0131ra <em><b>&#8220;Gazze: A\u00e7l\u0131k&#8221; <\/b><\/em>ve <em><b>&#8220;Portre&#8221; <\/b><\/em>ba\u015fl\u0131kl\u0131 2 \u00f6zel kategori yer al\u0131yor.<\/p>\n<p>T\u00fcrk\u00e7e ve \u0130ngilizce altyaz\u0131yla d\u00fcnya genelinde yap\u0131lan oylamaya kat\u0131lanlar, istedikleri say\u0131da foto\u011frafa oy verebiliyor.<\/p>\n<p>Oylama<em><b> &#8220;yilinkareleri.aa.com.tr&#8221;<\/b><\/em> internet sitesi \u00fczerinden 15 \u015eubat Pazar saat 17.00&#8217;ye kadar devam edecek.<\/p>\n<p><img decoding=\"async\" src=\"https:\/\/bihavadis.com\/wp-content\/uploads\/2026\/02\/riza-calimbay-aanin-yilin-kareleri-oylamasina-katildi-3-gTnNHwh4.jpg\"\/><\/p>\n","protected":false},"excerpt":{"rendered":"<p>Teknik direkt\u00f6r R\u0131za \u00c7al\u0131mbay, AA foto muhabirleri ve muhabirlerinin 2025&#8217;te T\u00fcrkiye ile d\u00fcnya g\u00fcndeminde yank\u0131 bulan 6 kategorideki 112 foto\u011fraf\u0131n\u0131 inceledi.<\/p>\n","protected":false},"author":1,"featured_media":35644,"comment_status":"open","ping_status":"open","sticky":false,"template":"","format":"standard","meta":{"footnotes":""},"categories":[14],"tags":[5166,311,312],"class_list":["post-35643","post","type-post","status-publish","format-standard","has-post-thumbnail","hentry","category-spor","tag-calimbay","tag-foto","tag-kategorisinde"],"_links":{"self":[{"href":"https:\/\/bihavadis.com\/index.php\/wp-json\/wp\/v2\/posts\/35643","targetHints":{"allow":["GET"]}}],"collection":[{"href":"https:\/\/bihavadis.com\/index.php\/wp-json\/wp\/v2\/posts"}],"about":[{"href":"https:\/\/bihavadis.com\/index.php\/wp-json\/wp\/v2\/types\/post"}],"author":[{"embeddable":true,"href":"https:\/\/bihavadis.com\/index.php\/wp-json\/wp\/v2\/users\/1"}],"replies":[{"embeddable":true,"href":"https:\/\/bihavadis.com\/index.php\/wp-json\/wp\/v2\/comments?post=35643"}],"version-history":[{"count":1,"href":"https:\/\/bihavadis.com\/index.php\/wp-json\/wp\/v2\/posts\/35643\/revisions"}],"predecessor-version":[{"id":35649,"href":"https:\/\/bihavadis.com\/index.php\/wp-json\/wp\/v2\/posts\/35643\/revisions\/35649"}],"wp:featuredmedia":[{"embeddable":true,"href":"https:\/\/bihavadis.com\/index.php\/wp-json\/wp\/v2\/media\/35644"}],"wp:attachment":[{"href":"https:\/\/bihavadis.com\/index.php\/wp-json\/wp\/v2\/media?parent=35643"}],"wp:term":[{"taxonomy":"category","embeddable":true,"href":"https:\/\/bihavadis.com\/index.php\/wp-json\/wp\/v2\/categories?post=35643"},{"taxonomy":"post_tag","embeddable":true,"href":"https:\/\/bihavadis.com\/index.php\/wp-json\/wp\/v2\/tags?post=35643"}],"curies":[{"name":"wp","href":"https:\/\/api.w.org\/{rel}","templated":true}]}}