{"id":35653,"date":"2026-02-15T18:15:06","date_gmt":"2026-02-15T18:15:06","guid":{"rendered":"https:\/\/bihavadis.com\/?p=35653"},"modified":"2026-02-15T18:15:06","modified_gmt":"2026-02-15T18:15:06","slug":"pezeskiyandan-cumhurbaskani-erdogana-tesekkur","status":"publish","type":"post","link":"https:\/\/bihavadis.com\/index.php\/2026\/02\/15\/pezeskiyandan-cumhurbaskani-erdogana-tesekkur\/","title":{"rendered":"Peze\u015fkiyan&#8217;dan Cumhurba\u015fkan\u0131 Erdo\u011fan&#8217;a te\u015fekk\u00fcr"},"content":{"rendered":"<p>\u0130ran Cumhurba\u015fkan\u0131 Mesud Peze\u015fkiyan, Tahran\u2019daki Azadi Meydan\u0131\u2019nda d\u00fczenlenen \u0130slam Devrimi\u2019nin 47\u2019nci y\u0131l d\u00f6n\u00fcm\u00fc etkinliklerinde halka hitap etti.<\/p>\n<p>Konu\u015fmas\u0131nda, devrimin ilk g\u00fcn\u00fcnden bu yana \u0130ran\u2019\u0131n \u00e7e\u015fitli giri\u015fimlerle hedef al\u0131nd\u0131\u011f\u0131n\u0131 savunan Peze\u015fkiyan, ABD ve Avrupa \u00fclkelerinin devrimi zay\u0131flatmaya \u00e7al\u0131\u015ft\u0131\u011f\u0131n\u0131 ancak bunda ba\u015far\u0131l\u0131 olamad\u0131klar\u0131n\u0131 ileri s\u00fcrd\u00fc.<\/p>\n<p><strong>PROTESTOLAR \u0130\u00c7\u0130N \u00d6Z\u00dcR MESAJI<\/strong><\/p>\n<p>\u00dclkede son d\u00f6nemde ya\u015fanan protestolara da de\u011finen Peze\u015fkiyan, 8 ve 9 Ocak\u2019ta ya\u015fanan olaylar\u0131n toplumda derin bir \u00fcz\u00fcnt\u00fcye yol a\u00e7t\u0131\u011f\u0131n\u0131 belirtti.<\/p>\n<p>Cumhurba\u015fkan\u0131 olarak ya\u015fanan aksakl\u0131klar ve eksiklikler nedeniyle halktan \u00f6z\u00fcr dileyen Peze\u015fkiyan, h\u00fck\u00fcmetin vatanda\u015flar\u0131n taleplerini dinlemeye haz\u0131r oldu\u011funu s\u00f6yledi. Peze\u015fkiyan, <em><b>\u201cHalk\u0131n sorunlar\u0131n\u0131 kararl\u0131l\u0131kla \u00e7\u00f6zmek i\u00e7in t\u00fcm g\u00fcc\u00fcm\u00fczle \u00e7al\u0131\u015f\u0131yoruz.\u201d <\/b><\/em>ifadelerini kulland\u0131.<\/p>\n<p><strong>CUMHURBA\u015eKANI ERDO\u011eAN&#8217;A TE\u015eEKK\u00dcR ETT\u0130<\/strong><\/p>\n<p>ABD&#8217;yle m\u00fczakerelerine de\u011finen Peze\u015fkiyan, \u015funlar\u0131 s\u00f6yledi:<\/p>\n<p>Say\u0131n T\u00fcrkiye Cumhurba\u015fkan\u0131 ve D\u0131\u015fi\u015fleri Bakan\u0131&#8217;na te\u015fekk\u00fcr ediyoruz. Azerbaycan Cumhuriyeti&#8217;ne, Katar&#8217;a, Birle\u015fik Arap Emirlikleri&#8217;ne, Pakistan&#8217;a, Suudi Arabistan&#8217;a, ve M\u0131s\u0131r&#8217;a \u0130ran konusunda hassasiyet g\u00f6sterip sorunlar\u0131n diplomasi yoluyla \u00e7\u00f6z\u00fclmesi i\u00e7in \u00e7aba g\u00f6stermeleri, \u0130srail ve ABD&#8217;nin k\u00f6t\u00fc niyetli planlar\u0131n\u0131 hayata ge\u00e7irmemeleri noktas\u0131ndaki gayretleri i\u00e7in t\u00fcm \u00fclkelere te\u015fekk\u00fcr ediyorum.<\/p>\n<p>\u00dclkesinin n\u00fckleer silah \u00fcretme pe\u015finde olmad\u0131\u011f\u0131n\u0131 ve bunu do\u011frulamak i\u00e7in her \u015feye haz\u0131r olduklar\u0131n\u0131 dile getiren Peze\u015fkiyan, <em><b>&#8220;ABD ve Avrupa taraf\u0131ndan yap\u0131lan a\u00e7\u0131klamalar g\u00fcvensizlik duvar\u0131 olu\u015fturuyor. M\u00fczakereler bu nedenle sonuca varm\u0131yor.&#8221; <\/b><\/em>de\u011ferlendirmesinde bulundu.<\/p>\n<p><img decoding=\"async\" src=\"https:\/\/bihavadis.com\/wp-content\/uploads\/2026\/02\/pezeskiyandan-cumhurbaskani-erdogana-tesekkur-0-6W7D8vQd.jpg\"\/><\/p>\n<p><strong>&#8220;N\u00dcKLEER S\u0130LAH PE\u015e\u0130NDE DE\u011e\u0130L\u0130Z&#8221;<\/strong><\/p>\n<p>D\u0131\u015f politika mesajlar\u0131 da veren Peze\u015fkiyan, \u0130ran\u2019\u0131n n\u00fckleer silah \u00fcretme niyetinin bulunmad\u0131\u011f\u0131n\u0131 ve bu konuda denetime a\u00e7\u0131k olduklar\u0131n\u0131 dile getirdi.<\/p>\n<p>ABD ve Avrupa\u2019n\u0131n tutumunun g\u00fcven ortam\u0131n\u0131 zedeledi\u011fini savunan Peze\u015fkiyan,<b><em> \u201c\u0130ran, Bat\u0131\u2019n\u0131n a\u015f\u0131r\u0131 talepleri kar\u015f\u0131s\u0131nda boyun e\u011fmeyecek, herhangi bir sald\u0131r\u0131 kar\u015f\u0131s\u0131nda da geri ad\u0131m atmayacak.\u201d <\/em><\/b>dedi.<\/p>\n<p>Buna ra\u011fmen b\u00f6lge \u00fclkeleriyle bar\u0131\u015f ve istikrar\u0131n sa\u011flanmas\u0131 i\u00e7in etkile\u015fim i\u00e7inde olduklar\u0131n\u0131 belirten Peze\u015fkiyan, b\u00f6lgesel sorunlar\u0131n ancak b\u00f6lge \u00fclkeleri taraf\u0131ndan \u00e7\u00f6z\u00fclebilece\u011fini ifade etti.<\/p>\n","protected":false},"excerpt":{"rendered":"<p>\u0130ran Cumhurba\u015fkan\u0131 Peze\u015fkiyan, Bat\u0131&#8217;n\u0131n sald\u0131r\u0131 tehditlerine kar\u015f\u0131 geri ad\u0131m atmayacaklar\u0131n\u0131 vurgularken ABD&#8217;yle m\u00fczakerelerde arabulucu olan Cumhurba\u015fkan\u0131 Erdo\u011fan&#8217;a da te\u015fekk\u00fcrlerini iletti.<\/p>\n","protected":false},"author":1,"featured_media":35654,"comment_status":"open","ping_status":"open","sticky":false,"template":"","format":"standard","meta":{"footnotes":""},"categories":[6],"tags":[272,271,2258],"class_list":["post-35653","post","type-post","status-publish","format-standard","has-post-thumbnail","hentry","category-dunya","tag-abd","tag-iran","tag-pezeskiyan"],"_links":{"self":[{"href":"https:\/\/bihavadis.com\/index.php\/wp-json\/wp\/v2\/posts\/35653","targetHints":{"allow":["GET"]}}],"collection":[{"href":"https:\/\/bihavadis.com\/index.php\/wp-json\/wp\/v2\/posts"}],"about":[{"href":"https:\/\/bihavadis.com\/index.php\/wp-json\/wp\/v2\/types\/post"}],"author":[{"embeddable":true,"href":"https:\/\/bihavadis.com\/index.php\/wp-json\/wp\/v2\/users\/1"}],"replies":[{"embeddable":true,"href":"https:\/\/bihavadis.com\/index.php\/wp-json\/wp\/v2\/comments?post=35653"}],"version-history":[{"count":1,"href":"https:\/\/bihavadis.com\/index.php\/wp-json\/wp\/v2\/posts\/35653\/revisions"}],"predecessor-version":[{"id":35656,"href":"https:\/\/bihavadis.com\/index.php\/wp-json\/wp\/v2\/posts\/35653\/revisions\/35656"}],"wp:featuredmedia":[{"embeddable":true,"href":"https:\/\/bihavadis.com\/index.php\/wp-json\/wp\/v2\/media\/35654"}],"wp:attachment":[{"href":"https:\/\/bihavadis.com\/index.php\/wp-json\/wp\/v2\/media?parent=35653"}],"wp:term":[{"taxonomy":"category","embeddable":true,"href":"https:\/\/bihavadis.com\/index.php\/wp-json\/wp\/v2\/categories?post=35653"},{"taxonomy":"post_tag","embeddable":true,"href":"https:\/\/bihavadis.com\/index.php\/wp-json\/wp\/v2\/tags?post=35653"}],"curies":[{"name":"wp","href":"https:\/\/api.w.org\/{rel}","templated":true}]}}