{"id":35678,"date":"2026-02-15T18:33:05","date_gmt":"2026-02-15T18:33:05","guid":{"rendered":"https:\/\/bihavadis.com\/?p=35678"},"modified":"2026-02-15T18:33:05","modified_gmt":"2026-02-15T18:33:05","slug":"cumhurbaskani-erdogan-faizle-afet-konutu-odetmedik","status":"publish","type":"post","link":"https:\/\/bihavadis.com\/index.php\/2026\/02\/15\/cumhurbaskani-erdogan-faizle-afet-konutu-odetmedik\/","title":{"rendered":"Cumhurba\u015fkan\u0131 Erdo\u011fan: Faizle afet konutu \u00f6detmedik"},"content":{"rendered":"<p>Cumhurba\u015fkan\u0131 Recep Tayyip Erdo\u011fan bug\u00fcn Meclis&#8217;te AK Parti grup toplant\u0131s\u0131nda\u00a0 partililerin ve kameralar\u0131n kar\u015f\u0131s\u0131na ge\u00e7ti.<\/p>\n<p>G\u00fcndeme dair \u00f6nemli a\u00e7\u0131klamalarda bulunan Cumhurba\u015fkan\u0131 Erdo\u011fan, CHP&#8217;nin s\u0131kl\u0131kla ortaya att\u0131\u011f\u0131 faizli deprem konutlar\u0131 iddias\u0131na dair de konu\u015ftu.\u00a0<\/p>\n<p>23 y\u0131lda ya\u015fanan do\u011fal afetlerin hi\u00e7birinde vatanda\u015flar\u0131n ma\u011fdur edilmedi\u011fini belirten Cumhurba\u015fkan\u0131 Erdo\u011fan, muhalefetin iddialar\u0131n\u0131n aksine faizle afet konutlar\u0131n\u0131n hi\u00e7bir zaman \u00f6detilmedi\u011fini s\u00f6yledi.<\/p>\n<p>Deprem b\u00f6lgesindeki 11 ildeki afetzedelerin evlerine zorlanmadan, \u00e7ok uygun \u015fartlarla, faizsiz, sabit fiyatlarla kavu\u015faca\u011f\u0131n\u0131 vurgulayan Erdo\u011fan\u0130 konuyla ilgili \u015fu ifadeleri kulland\u0131;<\/p>\n<p><strong>&#8220;TAKS\u0130TLER SEMBOL\u0130K RAKAMLAR&#8221;<\/strong><\/p>\n<p>23 y\u0131ld\u0131r ne yapt\u0131ysak 6 \u015eubat deprem konutlar\u0131 i\u00e7in de ayn\u0131s\u0131n\u0131 yap\u0131yoruz. \u0130zmir&#8217;de konutlar\u0131n taksiti bin 600 lira. Her bir karde\u015fimiz sembolik rakamlarla ev sahibi oldular. 11 ilimizdeki vatanda\u015flar\u0131m\u0131zda evlerine faizsiz sabit fiyatlarla kavu\u015facak. Milletimiz i\u00e7in en uygunu neyse onu ortaya \u00e7\u0131kard\u0131k.<\/p>\n<p><strong>&#8220;AFET KONUTLARININ ALTYAPI BEDEL\u0130 B\u0130ZDE KALAN F\u0130YATA DA Y\u00dcZDE 50 \u0130ND\u0130R\u0130M&#8221;<\/strong><\/p>\n<p>Yapt\u0131\u011f\u0131m\u0131z 455 bin afet konutunun t\u00fcm altyap\u0131 bedellerini biz kar\u015f\u0131l\u0131yoruz. Kalan fiyat \u00fczerinden vatanda\u015flar\u0131m\u0131za y\u00fczde 50 indirim yap\u0131yoruz. Konut fiyatlar\u0131n\u0131n y\u00fczde 65&#8217;ini devletimiz \u00f6d\u00fcyor, dahas\u0131 2 y\u0131l \u00f6deme almayaca\u011f\u0131z.<\/p>\n<p><strong>&#8220;18 YIL BOYUNCA F\u0130YAT AYNI&#8221;<\/strong><\/p>\n<p>18 y\u0131l boyunca da ayn\u0131 fiyat \u00f6denecek. 18 y\u0131l boyunca sabit ve faizsiz olacak. \u00d6demeler anahtarlar teslim al\u0131nd\u0131ktan 2 y\u0131l sonra ba\u015flayacak. 3+1 konut i\u00e7in 18 y\u0131l boyunca 8 bin 750 lira \u00f6deme yap\u0131lacak. Pe\u015fin fiyat\u0131 484 bin lira&#8230;<\/p>\n<p><strong>&#8220;PE\u015e\u0130N \u00d6DEMEK \u0130STEYENLERE D\u00dcZENLEME&#8221;<\/strong><\/p>\n<p>Pe\u015fin \u00f6demek isteyen olursa Meclis&#8217;te d\u00fczenleme yapaca\u011f\u0131z. Vatanda\u015flar\u0131m\u0131z 4&#8217;te bir fiyat\u0131na bu evleri alabilecek. Vatanda\u015flar\u0131m\u0131z yeni evlerinde huzurla g\u00fcvenle otursunlar. 24 y\u0131ld\u0131r siyaset arenas\u0131nda ni\u00e7in bulundu\u011fumuzu asla unutmad\u0131k, unutmayaca\u011f\u0131z.<\/p>\n<p><img decoding=\"async\" src=\"https:\/\/bihavadis.com\/wp-content\/uploads\/2026\/02\/cumhurbaskani-erdogan-faizle-afet-konutu-odetmedik-0-AWDD5UEq.jpg\"\/><\/p>\n<p><img decoding=\"async\" src=\"https:\/\/bihavadis.com\/wp-content\/uploads\/2026\/02\/cumhurbaskani-erdogan-faizle-afet-konutu-odetmedik-1-xnJVtAyS.jpg\"\/><\/p>\n","protected":false},"excerpt":{"rendered":"<p>CHP&#8217;nin s\u0131kl\u0131kla ortaya att\u0131\u011f\u0131 faizli afet konutu iddialar\u0131n\u0131 yalanlayan Cumhurba\u015fkan\u0131 Erdo\u011fan, \u00f6demelerin nas\u0131l olaca\u011f\u0131n\u0131, taksit tutarlar\u0131n\u0131 tek tek a\u00e7\u0131klad\u0131.<\/p>\n","protected":false},"author":1,"featured_media":35679,"comment_status":"open","ping_status":"open","sticky":false,"template":"","format":"standard","meta":{"footnotes":""},"categories":[9,13],"tags":[1194,412,5169,736],"class_list":["post-35678","post","type-post","status-publish","format-standard","has-post-thumbnail","hentry","category-genel","category-son-dakika","tag-afet","tag-fiyat","tag-konutlari","tag-odeme"],"_links":{"self":[{"href":"https:\/\/bihavadis.com\/index.php\/wp-json\/wp\/v2\/posts\/35678","targetHints":{"allow":["GET"]}}],"collection":[{"href":"https:\/\/bihavadis.com\/index.php\/wp-json\/wp\/v2\/posts"}],"about":[{"href":"https:\/\/bihavadis.com\/index.php\/wp-json\/wp\/v2\/types\/post"}],"author":[{"embeddable":true,"href":"https:\/\/bihavadis.com\/index.php\/wp-json\/wp\/v2\/users\/1"}],"replies":[{"embeddable":true,"href":"https:\/\/bihavadis.com\/index.php\/wp-json\/wp\/v2\/comments?post=35678"}],"version-history":[{"count":1,"href":"https:\/\/bihavadis.com\/index.php\/wp-json\/wp\/v2\/posts\/35678\/revisions"}],"predecessor-version":[{"id":35682,"href":"https:\/\/bihavadis.com\/index.php\/wp-json\/wp\/v2\/posts\/35678\/revisions\/35682"}],"wp:featuredmedia":[{"embeddable":true,"href":"https:\/\/bihavadis.com\/index.php\/wp-json\/wp\/v2\/media\/35679"}],"wp:attachment":[{"href":"https:\/\/bihavadis.com\/index.php\/wp-json\/wp\/v2\/media?parent=35678"}],"wp:term":[{"taxonomy":"category","embeddable":true,"href":"https:\/\/bihavadis.com\/index.php\/wp-json\/wp\/v2\/categories?post=35678"},{"taxonomy":"post_tag","embeddable":true,"href":"https:\/\/bihavadis.com\/index.php\/wp-json\/wp\/v2\/tags?post=35678"}],"curies":[{"name":"wp","href":"https:\/\/api.w.org\/{rel}","templated":true}]}}