{"id":35691,"date":"2026-02-16T02:39:05","date_gmt":"2026-02-16T02:39:05","guid":{"rendered":"https:\/\/bihavadis.com\/?p=35691"},"modified":"2026-02-16T02:39:05","modified_gmt":"2026-02-16T02:39:05","slug":"kiziltepede-yangin-2-kisi-hayatini-kaybetti","status":"publish","type":"post","link":"https:\/\/bihavadis.com\/index.php\/2026\/02\/16\/kiziltepede-yangin-2-kisi-hayatini-kaybetti\/","title":{"rendered":"K\u0131z\u0131ltepe&#8217;de Yang\u0131n: 2 Ki\u015fi Hayat\u0131n\u0131 Kaybetti"},"content":{"rendered":"<p> Mardin&#8217;in K\u0131z\u0131ltepe il\u00e7esinde evde \u00e7\u0131kan yang\u0131nda kar\u0131 koca hayat\u0131n\u0131 kaybetti, 2 ki\u015fi yaraland\u0131.<\/p>\n<p>K\u0131rsal Akyaz\u0131 Mahallesi&#8217;ndeki evde hen\u00fcz belirlenemeyen nedenle yang\u0131n \u00e7\u0131kt\u0131.<\/p>\n<p>\u00c7evredekilerin ihbar\u0131 \u00fczerine b\u00f6lgeye itfaiye, 112 Acil Sa\u011fl\u0131k ve jandarma ekipleri sevk edildi.<\/p>\n<p>\u0130tfaiye ekiplerinin m\u00fcdahalesiyle s\u00f6nd\u00fcr\u00fclen yang\u0131n\u0131n ard\u0131ndan evde inceleme yap\u0131ld\u0131.<\/p>\n<p>\u0130ncelemede Hamit K. (70), Azize K. (72), H\u00fcseyin K. (60) ve Ahmet K. (25) yerde hareketsiz bulundu.<\/p>\n<p>Sa\u011fl\u0131k ekiplerince yap\u0131lan kontrolde Hamit K. ve Azize K&#8217;nin hayat\u0131n\u0131 kaybetti\u011fi belirlendi, H\u00fcseyin K. ile Ahmet K. ise ambulansla K\u0131z\u0131ltepe Devlet Hastanesi&#8217;ne kald\u0131r\u0131ld\u0131.<\/p>\n<p>Hastaneye kald\u0131r\u0131lan yaral\u0131lar\u0131n sa\u011fl\u0131k durumunun a\u011f\u0131r oldu\u011fu \u00f6\u011frenildi.<\/p>\n<p>\u0130ncelemenin ard\u0131ndan hayat\u0131n\u0131 kaybedenlerin cenazeleri, otopsi i\u00e7in ayn\u0131 hastanenin morguna g\u00f6t\u00fcr\u00fcld\u00fc.<\/p>\n<p>Otopsi i\u015flemlerinin ard\u0131ndan K\u0131rsal Akyaz\u0131 Mahallesi&#8217;ne getirilen 2 ki\u015finin cenazesi, k\u0131l\u0131nan namaz\u0131n ard\u0131ndan mahalle mezarl\u0131\u011f\u0131nda yan yana defnedildi.<\/p>\n<p>Yang\u0131nda ya\u015fam\u0131n\u0131 yitiren Hamit ve Azize K&#8217;nin kar\u0131 koca, yaral\u0131lardan H\u00fcseyin K&#8217;nin, Hamit K&#8217;nin karde\u015fi ve Ahmet K&#8217;nin de H\u00fcseyin&#8217;in o\u011flu oldu\u011fu \u00f6\u011frenildi.<\/p>\n","protected":false},"excerpt":{"rendered":"<p>Mardin&#8217;in K\u0131z\u0131ltepe il\u00e7esinde \u00e7\u0131kan yang\u0131nda bir \u00e7ift ya\u015fam\u0131n\u0131 yitirdi, 2 ki\u015fi yaraland\u0131.<\/p>\n","protected":false},"author":1,"featured_media":0,"comment_status":"open","ping_status":"open","sticky":false,"template":"","format":"standard","meta":{"footnotes":""},"categories":[9,4,13],"tags":[1542],"class_list":["post-35691","post","type-post","status-publish","format-standard","hentry","category-genel","category-gundem","category-son-dakika","tag-yan"],"_links":{"self":[{"href":"https:\/\/bihavadis.com\/index.php\/wp-json\/wp\/v2\/posts\/35691","targetHints":{"allow":["GET"]}}],"collection":[{"href":"https:\/\/bihavadis.com\/index.php\/wp-json\/wp\/v2\/posts"}],"about":[{"href":"https:\/\/bihavadis.com\/index.php\/wp-json\/wp\/v2\/types\/post"}],"author":[{"embeddable":true,"href":"https:\/\/bihavadis.com\/index.php\/wp-json\/wp\/v2\/users\/1"}],"replies":[{"embeddable":true,"href":"https:\/\/bihavadis.com\/index.php\/wp-json\/wp\/v2\/comments?post=35691"}],"version-history":[{"count":1,"href":"https:\/\/bihavadis.com\/index.php\/wp-json\/wp\/v2\/posts\/35691\/revisions"}],"predecessor-version":[{"id":35692,"href":"https:\/\/bihavadis.com\/index.php\/wp-json\/wp\/v2\/posts\/35691\/revisions\/35692"}],"wp:attachment":[{"href":"https:\/\/bihavadis.com\/index.php\/wp-json\/wp\/v2\/media?parent=35691"}],"wp:term":[{"taxonomy":"category","embeddable":true,"href":"https:\/\/bihavadis.com\/index.php\/wp-json\/wp\/v2\/categories?post=35691"},{"taxonomy":"post_tag","embeddable":true,"href":"https:\/\/bihavadis.com\/index.php\/wp-json\/wp\/v2\/tags?post=35691"}],"curies":[{"name":"wp","href":"https:\/\/api.w.org\/{rel}","templated":true}]}}