{"id":35704,"date":"2026-02-16T02:51:36","date_gmt":"2026-02-16T02:51:36","guid":{"rendered":"https:\/\/bihavadis.com\/?p=35704"},"modified":"2026-02-16T02:51:36","modified_gmt":"2026-02-16T02:51:36","slug":"ozgur-ozel-osmaniyede-deprem-yil-donumunu-animsadi","status":"publish","type":"post","link":"https:\/\/bihavadis.com\/index.php\/2026\/02\/16\/ozgur-ozel-osmaniyede-deprem-yil-donumunu-animsadi\/","title":{"rendered":"\u00d6zg\u00fcr \u00d6zel Osmaniye&#8217;de Deprem Y\u0131l D\u00f6n\u00fcm\u00fcn\u00fc An\u0131msad\u0131"},"content":{"rendered":"<p> Cumhuriyet Halk Partisi (CHP) Genel Ba\u015fkan\u0131 \u00d6zg\u00fcr \u00d6zel, 6 \u015eubat depremlerinin y\u0131l d\u00f6n\u00fcm\u00fc \u00f6ncesi Osmaniye&#8217;yi ziyaret etti.<\/p>\n<p>6 \u015eubat depremlerinin y\u0131l d\u00f6n\u00fcm\u00fc \u00f6ncesinde Osmaniye&#8217;ye gelen \u00d6zel, CHP Osmaniye \u0130l Ba\u015fkanl\u0131\u011f\u0131 binas\u0131 \u00f6n\u00fcnde vatanda\u015flara hitap etti. Konu\u015fmas\u0131nda depremde hayat\u0131n\u0131 kaybedenleri rahmetle anan \u00d6zel, afet sonras\u0131 s\u00fcre\u00e7te dayan\u0131\u015fman\u0131n \u00f6nemine vurgu yapt\u0131. Mitingin ard\u0131ndan Osmaniye Deprem \u015eehitli\u011fi&#8217;ni ziyaret eden \u00d6zel, burada dua ederek mezarlara \u00e7i\u00e7ek b\u0131rakt\u0131. Daha sonra konteyner kentte ya\u015fayan depremzedelerle bir araya gelen \u00d6zel, vatanda\u015flar\u0131n sorun ve taleplerini dinledi. Ziyaretleri s\u0131ras\u0131nda vatanda\u015flarla foto\u011fraf \u00e7ektiren \u00d6zel, \u00e7ocuklara oyuncak da\u011f\u0131tarak yak\u0131ndan ilgilendi.<\/p>\n<p>&#8220;6 \u015eubat, T\u00fcrkiye tarihinin en ac\u0131l\u0131 g\u00fcnlerinden biridir&#8221;<\/p>\n<p>6 \u015eubat&#8217;\u0131n ac\u0131s\u0131n\u0131n ilk g\u00fcnk\u00fc gibi taze oldu\u011funu s\u00f6yleyen Cumhuriyet Halk Partisi (CHP) Genel Ba\u015fkan\u0131 \u00d6zg\u00fcr \u00d6zel, &#8220;Bug\u00fcn Osmaniye ziyaretimiz, hafta boyunca yapacak oldu\u011fumuz ve 6 \u015eubat depreminin 3&#8217;\u00fcnc\u00fc y\u0131l d\u00f6n\u00fcm\u00fcnde, depreme u\u011frayan, depremde y\u0131k\u0131lan, kay\u0131plar veren \u015fehit \u015fehirlerimize yapaca\u011f\u0131m\u0131z ziyaretlerden ilki.6 \u015eubat 2023 tarihi, T\u00fcrkiye tarihinin en ac\u0131l\u0131 g\u00fcnlerinden birine uyand\u0131\u011f\u0131m\u0131z ve toplamda resmi rakamlara g\u00f6re 53 bin 537 kay\u0131p verdi\u011fimiz, 107 bin \u00fczerinde vatanda\u015f\u0131m\u0131z\u0131n yaraland\u0131\u011f\u0131 ve hepimizin y\u00fcre\u011fine en b\u00fcy\u00fck ate\u015fin d\u00fc\u015ft\u00fc\u011f\u00fc g\u00fcnd\u00fcr g\u00fcn Osmaniye&#8217;de de resmi rakamlara g\u00f6re 993 vatanda\u015f\u0131m\u0131z hayat\u0131n\u0131 kaybetti. 2 bin 606 vatanda\u015f\u0131m\u0131z yaraland\u0131. Ben, o g\u00fcn hayat\u0131n\u0131 kaybedenlere Allah&#8217;tan rahmet, ac\u0131l\u0131 ailelerine ve t\u00fcm Osmaniyeli hem\u015fehrilerime bir kez daha ba\u015fsa\u011fl\u0131\u011f\u0131 diliyorum. Hepimizin ba\u015f\u0131 sa\u011f olsun&#8221; diye konu\u015ftu.<\/p>\n<p>&#8220;TOK\u0130 ve rezerv konutlarda fiyat fark\u0131 al\u0131nmas\u0131n&#8221;<\/p>\n<p>&#8220;H\u00fck\u00fcmet deprem b\u00f6lgesine m\u00fcjde versin&#8221; diyen \u00d6zel, &#8220;TOK\u0130 konutlar\u0131, rezerv alanlara yap\u0131lan konutlar ve esnaf\u0131n i\u015f yerlerinden faiz al\u0131nmayacak, T\u00dcFE al\u0131nmayacak, memur maa\u015f art\u0131\u015f\u0131 dahil hi\u00e7bir fiyat fark\u0131 al\u0131nmayacak. Bunu s\u00f6ylersen, bu hafta deprem b\u00f6lgesine m\u00fcjde olur. D\u00fckkandan faiz al\u0131r\u0131m, kanun a\u00e7\u0131k yazmam\u0131\u015f. Getir \u00e7\u0131kartal\u0131m, rezerv alana yap\u0131landan al\u0131r\u0131m, kanun a\u00e7\u0131k yazmam\u0131\u015f, yerinde d\u00f6n\u00fc\u015f\u00fcmden al\u0131r\u0131m, kanun a\u00e7\u0131k yazmam\u0131\u015f. A\u00e7\u0131k a\u00e7\u0131k s\u00f6yl\u00fcyorum Osmaniye&#8217;den, bu hafta Meclis de a\u00e7\u0131k, getirin kanunu a\u00e7\u0131k a\u00e7\u0131k yazal\u0131m. Bu milletten faiz al\u0131nmas\u0131n. Maliyet ne kadarsa, o maliyet \u00fczerinden hesap g\u00f6r\u00fcls\u00fcn, millet rahat etsin&#8221; ifadelerini kulland\u0131. &#8211; OSMAN\u0130YE<\/p>\n","protected":false},"excerpt":{"rendered":"<p>Cumhuriyet Halk Partisi (CHP) Genel Ba\u015fkan\u0131 \u00d6zg\u00fcr \u00d6zel, 6 \u015eubat depremlerinin y\u0131l d\u00f6n\u00fcm\u00fc \u00f6ncesi Osmaniye&#8217;yi ziyaret etti.<\/p>\n","protected":false},"author":1,"featured_media":35705,"comment_status":"open","ping_status":"open","sticky":false,"template":"","format":"standard","meta":{"footnotes":""},"categories":[12],"tags":[3419,60,236,2515,319],"class_list":["post-35704","post","type-post","status-publish","format-standard","has-post-thumbnail","hentry","category-siyaset","tag-6-subat","tag-deprem","tag-gun","tag-osmaniye","tag-ziyaret"],"_links":{"self":[{"href":"https:\/\/bihavadis.com\/index.php\/wp-json\/wp\/v2\/posts\/35704","targetHints":{"allow":["GET"]}}],"collection":[{"href":"https:\/\/bihavadis.com\/index.php\/wp-json\/wp\/v2\/posts"}],"about":[{"href":"https:\/\/bihavadis.com\/index.php\/wp-json\/wp\/v2\/types\/post"}],"author":[{"embeddable":true,"href":"https:\/\/bihavadis.com\/index.php\/wp-json\/wp\/v2\/users\/1"}],"replies":[{"embeddable":true,"href":"https:\/\/bihavadis.com\/index.php\/wp-json\/wp\/v2\/comments?post=35704"}],"version-history":[{"count":1,"href":"https:\/\/bihavadis.com\/index.php\/wp-json\/wp\/v2\/posts\/35704\/revisions"}],"predecessor-version":[{"id":35706,"href":"https:\/\/bihavadis.com\/index.php\/wp-json\/wp\/v2\/posts\/35704\/revisions\/35706"}],"wp:featuredmedia":[{"embeddable":true,"href":"https:\/\/bihavadis.com\/index.php\/wp-json\/wp\/v2\/media\/35705"}],"wp:attachment":[{"href":"https:\/\/bihavadis.com\/index.php\/wp-json\/wp\/v2\/media?parent=35704"}],"wp:term":[{"taxonomy":"category","embeddable":true,"href":"https:\/\/bihavadis.com\/index.php\/wp-json\/wp\/v2\/categories?post=35704"},{"taxonomy":"post_tag","embeddable":true,"href":"https:\/\/bihavadis.com\/index.php\/wp-json\/wp\/v2\/tags?post=35704"}],"curies":[{"name":"wp","href":"https:\/\/api.w.org\/{rel}","templated":true}]}}