{"id":35715,"date":"2026-02-16T03:00:07","date_gmt":"2026-02-16T03:00:07","guid":{"rendered":"https:\/\/bihavadis.com\/?p=35715"},"modified":"2026-02-16T03:00:07","modified_gmt":"2026-02-16T03:00:07","slug":"eskrimde-yeni-yuzlerle-yeni-basarilar-aranacak","status":"publish","type":"post","link":"https:\/\/bihavadis.com\/index.php\/2026\/02\/16\/eskrimde-yeni-yuzlerle-yeni-basarilar-aranacak\/","title":{"rendered":"Eskrimde yeni y\u00fczlerle yeni ba\u015far\u0131lar aranacak"},"content":{"rendered":"<p>T\u00fcrkiye Eskrim Federasyonu Ba\u015fkan\u0131 Abdurrahman Karata\u015f, 20-27 \u015eubat&#8217;ta G\u00fcrcistan&#8217;da d\u00fczenlenecek Avrupa Y\u0131ld\u0131zlar ve Gen\u00e7ler Eskrim \u015eampiyonas\u0131&#8217;nda ge\u00e7en seneden daha ba\u015far\u0131l\u0131 olacaklar\u0131na inand\u0131klar\u0131n\u0131 s\u00f6yledi.<\/p>\n<p>Abdurrahman Karata\u015f, sporcular\u0131n kat\u0131ld\u0131klar\u0131 turnuvalarda elde etti\u011fi ba\u015far\u0131lar\u0131n yan\u0131 s\u0131ra federasyonun yeni hedefleriyle ilgili AA muhabirine a\u00e7\u0131klamalarda bulundu.<\/p>\n<p><strong>&#8220;ANTRENMANLARINI H\u0130\u00c7B\u0130R ZAMAN \u0130HMAL ETM\u0130YORLAR&#8221;<\/strong><\/p>\n<p>Karata\u015f, ge\u00e7en sene \u015fubat ay\u0131nda Antalya&#8217;da d\u00fczenlenen Avrupa Y\u0131ld\u0131zlar Eskrim \u015eampiyonas\u0131&#8217;na federasyon olarak ev sahipli\u011fi yapt\u0131klar\u0131n\u0131 hat\u0131rlatarak, <em><b>&#8220;Bu organizasyonda ev sahipli\u011finin vermi\u015f oldu\u011fu avantaj ve sporcular\u0131m\u0131z\u0131n \u00f6z g\u00fcvenleri, sonucu etkiledi. D\u00fcnya \u015fampiyonas\u0131ndan kazand\u0131klar\u0131m\u0131z\u0131 da eklersek 4 alt\u0131n, 1 g\u00fcm\u00fc\u015f, 3 bronz madalya ald\u0131k. Bu sene sporcular\u0131m\u0131z\u0131n bu say\u0131n\u0131n \u00fcst\u00fcne \u00e7\u0131kaca\u011f\u0131ndan eminim \u00e7\u00fcnk\u00fc onlar\u0131 son bir y\u0131ld\u0131r yurt i\u00e7i ve yurt d\u0131\u015f\u0131 kamplarla destekliyoruz. Kendileri de gayret g\u00f6steriyor, antrenmanlar\u0131n\u0131 hi\u00e7bir zaman ihmal etmiyorlar.&#8221; <\/b><\/em>dedi.<\/p>\n<p><img decoding=\"async\" src=\"https:\/\/bihavadis.com\/wp-content\/uploads\/2026\/02\/eskrimde-yeni-yuzlerle-yeni-basarilar-aranacak-0-JDb3rJAl.jpg\"\/><\/p>\n<p><strong>&#8220;\u0130STED\u0130\u011e\u0130M\u0130Z SONU\u00c7LARI ELDE ETMEY\u0130 \u00dcM\u0130T ED\u0130YORUZ&#8221;<\/strong><\/p>\n<p>Sporcular\u0131n, il m\u00fcd\u00fcrl\u00fcklerin ve \u00f6zel kul\u00fcplerin salonlar\u0131nda ara vermeden, s\u0131k\u0131 antrenmanlarla haz\u0131rland\u0131\u011f\u0131n\u0131 ifade eden Karata\u015f, s\u00f6zlerini \u015f\u00f6yle s\u00fcrd\u00fcrd\u00fc:<\/p>\n<p>Toplamda y\u0131ld\u0131zlarda 24, gen\u00e7lerde 20 sporcumuz ve 12 antren\u00f6r\u00fcm\u00fczle birlikte kamplara ba\u015flayaca\u011f\u0131z. Sporcular\u0131m\u0131z\u0131 sadece antrenmanla de\u011fil, kondisyon, fizik tedavi, mas\u00f6rlerimiz, psikolo\u011fumuzla in\u015fallah Avrupa \u015eampiyonas\u0131&#8217;na haz\u0131rlay\u0131p istedi\u011fimiz sonu\u00e7lar\u0131 elde etmeyi \u00fcmit ediyoruz.<\/p>\n<p><img decoding=\"async\" src=\"https:\/\/bihavadis.com\/wp-content\/uploads\/2026\/02\/eskrimde-yeni-yuzlerle-yeni-basarilar-aranacak-1-ZSOrcSXu.jpg\"\/><\/p>\n<p><strong>&#8220;\u015eU ANDA \u00c7OK G\u00dcZEL CEVHERLER GEL\u0130YOR&#8221;<\/strong><\/p>\n<p>Federasyon olarak mevcut ba\u015far\u0131lar\u0131n\u0131n \u00fczerine daha fazlas\u0131n\u0131 koymak istediklerini belirten Abdurrahman Karata\u015f,<em><b> &#8220;10, 12, 14, y\u0131ld\u0131z, gen\u00e7, b\u00fcy\u00fck olmak \u00fczere kategorilerimiz var. B\u00fcy\u00fcklerimiz zaten olimpiyat koval\u0131yor. Sporcular\u0131m\u0131z Nisanur ile Enver Y\u0131ld\u0131r\u0131m, Paris Olimpiyatlar\u0131&#8217;na gitmi\u015flerdi. K\u0131l\u0131\u00e7, fl\u00f6re ve epe bran\u015f\u0131nda ise yeni y\u00fczlerimiz var. \u0130slam Oyunlar\u0131&#8217;na 12 sporcuyla kat\u0131ld\u0131k ve 11 madalya kazand\u0131k. Ceren, Aleyna, Alara, K\u0131van\u00e7, Elvin fl\u00f6re bran\u015f\u0131nda g\u00fczel dereceler yap\u0131yor. Onlar\u0131 da bir sonraki olimpiyatlar i\u00e7in bu kadroya dahil edip yolumuza devam edece\u011fiz, \u015fu anda \u00e7ok g\u00fczel cevherler geliyor.&#8221;<\/b><\/em> ifadelerini kulland\u0131.<\/p>\n<p><img decoding=\"async\" src=\"https:\/\/bihavadis.com\/wp-content\/uploads\/2026\/02\/eskrimde-yeni-yuzlerle-yeni-basarilar-aranacak-2-zEdWZGP6.jpg\"\/><\/p>\n<p><strong>&#8220;\u00dcLKEM\u0130ZDE DAHA YAYGIN VE TANINIR B\u0130R HALE GET\u0130RMEK \u0130ST\u0130YORUZ&#8221;<\/strong><\/p>\n<p>Karata\u015f, eskrim sporunu yayg\u0131nla\u015ft\u0131rmak istediklerini dile getirerek, <em><b>&#8220;Hala \u00fclkemizde y\u00fczde 35-40&#8217;l\u0131k bir kesim eskrim sporunun ne oldu\u011funu bilmiyor. Buradan ailelere seslenmek istiyorum. 6-7 ve 10-11 ya\u015f\u0131ndaki \u00e7ocuklar\u0131n\u0131z\u0131 bulundu\u011funuz illerdeki en yak\u0131n il spor m\u00fcd\u00fcrl\u00fcklerindeki eskrim salonlar\u0131m\u0131za veya eskrim \u00f6zel kul\u00fcplerinize y\u00f6nlendirmelerini istiyorum. E\u011fer kendi imkanlar\u0131yla bulamazlarsa federasyonumuzun ileti\u015fim numaralar\u0131ndan bizlere ula\u015fabilirler, biz kendilerini y\u00f6nlendiririz. Sizlerin vesileyle eskrim sporunu \u00fclkemizde daha yayg\u0131n ve tan\u0131n\u0131r bir hale getirmek istiyoruz.&#8221;<\/b><\/em> diye konu\u015ftu.<\/p>\n","protected":false},"excerpt":{"rendered":"<p>T\u00fcrkiye Eskrim Federasyonu Ba\u015fkan\u0131 Abdurrahman Karata\u015f, &#8220;Ev sahipli\u011finin vermi\u015f oldu\u011fu avantaj ve sporcular\u0131m\u0131z\u0131n \u00f6z g\u00fcvenleri, sonucu etkiledi. D\u00fcnya \u015fampiyonas\u0131ndan kazand\u0131klar\u0131m\u0131z\u0131 da eklersek 4 alt\u0131n, 1 g\u00fcm\u00fc\u015f, 3 bronz madalya ald\u0131k. Bu sene sporcular\u0131m\u0131z\u0131n bu say\u0131n\u0131n \u00fcst\u00fcne \u00e7\u0131kaca\u011f\u0131ndan eminim&#8221; dedi.<\/p>\n","protected":false},"author":1,"featured_media":35716,"comment_status":"open","ping_status":"open","sticky":false,"template":"","format":"standard","meta":{"footnotes":""},"categories":[14],"tags":[5175,2042,5176,440],"class_list":["post-35715","post","type-post","status-publish","format-standard","has-post-thumbnail","hentry","category-spor","tag-eskrim","tag-federasyon","tag-karatas","tag-spor"],"_links":{"self":[{"href":"https:\/\/bihavadis.com\/index.php\/wp-json\/wp\/v2\/posts\/35715","targetHints":{"allow":["GET"]}}],"collection":[{"href":"https:\/\/bihavadis.com\/index.php\/wp-json\/wp\/v2\/posts"}],"about":[{"href":"https:\/\/bihavadis.com\/index.php\/wp-json\/wp\/v2\/types\/post"}],"author":[{"embeddable":true,"href":"https:\/\/bihavadis.com\/index.php\/wp-json\/wp\/v2\/users\/1"}],"replies":[{"embeddable":true,"href":"https:\/\/bihavadis.com\/index.php\/wp-json\/wp\/v2\/comments?post=35715"}],"version-history":[{"count":1,"href":"https:\/\/bihavadis.com\/index.php\/wp-json\/wp\/v2\/posts\/35715\/revisions"}],"predecessor-version":[{"id":35720,"href":"https:\/\/bihavadis.com\/index.php\/wp-json\/wp\/v2\/posts\/35715\/revisions\/35720"}],"wp:featuredmedia":[{"embeddable":true,"href":"https:\/\/bihavadis.com\/index.php\/wp-json\/wp\/v2\/media\/35716"}],"wp:attachment":[{"href":"https:\/\/bihavadis.com\/index.php\/wp-json\/wp\/v2\/media?parent=35715"}],"wp:term":[{"taxonomy":"category","embeddable":true,"href":"https:\/\/bihavadis.com\/index.php\/wp-json\/wp\/v2\/categories?post=35715"},{"taxonomy":"post_tag","embeddable":true,"href":"https:\/\/bihavadis.com\/index.php\/wp-json\/wp\/v2\/tags?post=35715"}],"curies":[{"name":"wp","href":"https:\/\/api.w.org\/{rel}","templated":true}]}}