{"id":35721,"date":"2026-02-16T03:03:06","date_gmt":"2026-02-16T03:03:06","guid":{"rendered":"https:\/\/bihavadis.com\/?p=35721"},"modified":"2026-02-16T03:03:06","modified_gmt":"2026-02-16T03:03:06","slug":"fenerbahcede-5-degisiklik","status":"publish","type":"post","link":"https:\/\/bihavadis.com\/index.php\/2026\/02\/16\/fenerbahcede-5-degisiklik\/","title":{"rendered":"Fenerbah\u00e7e&#8217;de 5 De\u011fi\u015fiklik"},"content":{"rendered":"<p> Fenerbah\u00e7e Teknik Direkt\u00f6r\u00fc Domenico Tedesco, Trendyol S\u00fcper Lig&#8217;in 20. haftas\u0131nda Kocaelispor&#8217;a konuk olduklar\u0131 m\u00fccadelenin ilk 11&#8217;inde son resmi ma\u00e7\u0131n kadrosuna g\u00f6re 5 de\u011fi\u015fiklik yapt\u0131.<\/p>\n<p>Sar\u0131-lacivertli futbol tak\u0131m\u0131, Turka Ara\u00e7 Muayene Kocaeli Stad\u0131&#8217;ndaki m\u00fcsabakaya Ederson, Semedo, Skriniar, Oosterwolde, Mert M\u00fcld\u00fcr, Edson Alvarez, Guendouzi, Asensio, Musaba, Talisca, Youssef En-Nesyri 11&#8217;i ile \u00e7\u0131kt\u0131.<\/p>\n<p>Fenerbah\u00e7e&#8217;nin yedek kul\u00fcbesinde Tar\u0131k \u00c7etin, Mert G\u00fcnok, \u00c7a\u011flar S\u00f6y\u00fcnc\u00fc, \u0130smail Y\u00fcksek, Fred, Yi\u011fit Efe Demir, Kerem Akt\u00fcrko\u011flu, Nene, Kamil Efe \u00dcregen ve O\u011fuz Ayd\u0131n yer ald\u0131.<\/p>\n<p>Teknik direkt\u00f6r Tedesco, UEFA Avrupa Ligi&#8217;nin 8. haftas\u0131nda Romanya ekibi FCSB ile 1-1 berabere kald\u0131klar\u0131 ma\u00e7\u0131n 11&#8217;inde 5 de\u011fi\u015fikli\u011fe gitti. \u0130talyan \u00e7al\u0131\u015ft\u0131r\u0131c\u0131, savunmada \u00c7a\u011flar S\u00f6y\u00fcnc\u00fc, orta saha da Fred ile \u0130smail Y\u00fcksek ileri hatta ise Kerem Akt\u00fcrko\u011flu ve Nene&#8217;yi yede\u011fe \u00e7ekti.<\/p>\n<p>Tedesco, bu oyuncular\u0131n yerine Skriniar, Guendouzi, Edson Alvarez, Musaba ve Asensio&#8217;yu sahaya s\u00fcrd\u00fc.<\/p>\n<p>Fenerbah\u00e7e&#8217;de 3 eksik<\/p>\n<p>Sar\u0131-lacivertli ekip, Kocaelispor kar\u015f\u0131s\u0131nda 3 oyuncusundan yararlanamad\u0131.<\/p>\n<p>Sakatl\u0131klar\u0131 bulunan Archie Brown ve Levent Mercan ile Jhon Duran kadroya al\u0131nmad\u0131.<\/p>\n<p>Fenerbah\u00e7e&#8217;nin yeni transferi Sidiki Cherif ise ma\u00e7 kadrosunda yer almad\u0131.<\/p>\n<p>Kocaelispor&#8217;da iki de\u011fi\u015fiklik<\/p>\n<p>Kocaelispor Teknik Direkt\u00f6r\u00fc Sel\u00e7uk \u0130nan, S\u00fcper Lig&#8217;de son oynad\u0131klar\u0131 Samsunspor m\u00fcsabakas\u0131nda sahaya s\u00fcrd\u00fc\u011f\u00fc kadrodan 2 de\u011fi\u015fiklik yapt\u0131.<\/p>\n<p>\u0130nan, Samsunspor ma\u00e7\u0131nda ilk 11&#8217;de g\u00f6rev alan sar\u0131 kart cezal\u0131s\u0131 Tayfur Bing\u00f6l yerine Rivas&#8217;a, Agyei&#8217;nin yerine ise Can Kele\u015f&#8217;e \u015fans verdi.<\/p>\n<p>Kocaeli ekibi G\u00f6khan De\u011firmenci, Ahmet O\u011fuz, Balogh, Dijksteel, Haidara, Linetty, Show, Keita, Can Kele\u015f, Rivas, Petkovic 11&#8217;i ile sahaya \u00e7\u0131kt\u0131.<\/p>\n<p>Ye\u015fil-siyahl\u0131lar\u0131n yedek kul\u00fcbesinde Serhat \u00d6zta\u015fdelen, Muharrem Cinan, Smolcic, Agyei, Churlinov, Furkan Gedik, Serdar Dursun, Susoho, Samet Yal\u00e7\u0131n, Nonge<\/p>\n<p>Kocaelispor&#8217;un Manchester City&#8217;den transfer etti\u011fi futbolcu Mahamadou Susoho Sissoho da yedek kulubesinde yer ald\u0131.<\/p>\n<p>\u0130lk ma\u00e7\u0131 Fenerbah\u00e7e kazand\u0131<\/p>\n<p>Ligin ilk devresinde Chobani Stad\u0131&#8217;nda oynanan 3. hafta ma\u00e7\u0131nda sahadan Fenerbah\u00e7e 3-1&#8217;lik skorla galibiyetle ayr\u0131lm\u0131\u015ft\u0131.<\/p>\n<p>M\u00fcsabakada Kocaelispor&#8217;un tek gol\u00fcn\u00fc Petkovic serbest vuru\u015ftan att\u0131. Sar\u0131-lacivertli tak\u0131m\u0131n golleri ise Skriniar, Brown ve Talisca&#8217;dan gelmi\u015fti.<\/p>\n<p>Sel\u00e7uk \u0130nan, Fenerbah\u00e7e&#8217;yi hi\u00e7 yenemedi<\/p>\n<p>Kocaelispor Teknik Direkt\u00f6r\u00fc \u0130nan, y\u00f6netti\u011fi kul\u00fcplerde Fenerbah\u00e7eye kar\u015f\u0131 \u00e7\u0131kt\u0131\u011f\u0131 5 m\u00fcsabakada da galibiyet alamad\u0131.<\/p>\n<p>\u0130nan, sar\u0131-lacivertli ekibe kar\u015f\u0131 Kocaelispor ve Kas\u0131mpa\u015fa&#8217;yla birer ma\u011flubiyet, Gaziantep FK ile 3 ma\u011flubiyet ya\u015fad\u0131.<\/p>\n<p>Orhan G\u00f6rsen&#8217;e plaket<\/p>\n<p>Kocaelispor&#8217;da futbolculuk ve ba\u015fkanl\u0131k yapan Orhan G\u00f6rsen&#8217;e kul\u00fcp ba\u015fkan\u0131 Recep Durul taraf\u0131ndan ma\u00e7 \u00f6ncesi plaket verildi.<\/p>\n","protected":false},"excerpt":{"rendered":"<p>Tedesco, Kocaelispor kar\u015f\u0131s\u0131nda son ma\u00e7\u0131n kadrosuna g\u00f6re 5 de\u011fi\u015fiklik yapt\u0131. \u00dc\u00e7 eksik oyuncu var.<\/p>\n","protected":false},"author":1,"featured_media":35722,"comment_status":"open","ping_status":"open","sticky":false,"template":"","format":"standard","meta":{"footnotes":""},"categories":[14],"tags":[1858,240,364,1316,1041],"class_list":["post-35721","post","type-post","status-publish","format-standard","has-post-thumbnail","hentry","category-spor","tag-fenerbahce","tag-kocaeli","tag-mac","tag-sari","tag-tek"],"_links":{"self":[{"href":"https:\/\/bihavadis.com\/index.php\/wp-json\/wp\/v2\/posts\/35721","targetHints":{"allow":["GET"]}}],"collection":[{"href":"https:\/\/bihavadis.com\/index.php\/wp-json\/wp\/v2\/posts"}],"about":[{"href":"https:\/\/bihavadis.com\/index.php\/wp-json\/wp\/v2\/types\/post"}],"author":[{"embeddable":true,"href":"https:\/\/bihavadis.com\/index.php\/wp-json\/wp\/v2\/users\/1"}],"replies":[{"embeddable":true,"href":"https:\/\/bihavadis.com\/index.php\/wp-json\/wp\/v2\/comments?post=35721"}],"version-history":[{"count":1,"href":"https:\/\/bihavadis.com\/index.php\/wp-json\/wp\/v2\/posts\/35721\/revisions"}],"predecessor-version":[{"id":35723,"href":"https:\/\/bihavadis.com\/index.php\/wp-json\/wp\/v2\/posts\/35721\/revisions\/35723"}],"wp:featuredmedia":[{"embeddable":true,"href":"https:\/\/bihavadis.com\/index.php\/wp-json\/wp\/v2\/media\/35722"}],"wp:attachment":[{"href":"https:\/\/bihavadis.com\/index.php\/wp-json\/wp\/v2\/media?parent=35721"}],"wp:term":[{"taxonomy":"category","embeddable":true,"href":"https:\/\/bihavadis.com\/index.php\/wp-json\/wp\/v2\/categories?post=35721"},{"taxonomy":"post_tag","embeddable":true,"href":"https:\/\/bihavadis.com\/index.php\/wp-json\/wp\/v2\/tags?post=35721"}],"curies":[{"name":"wp","href":"https:\/\/api.w.org\/{rel}","templated":true}]}}