{"id":35775,"date":"2026-02-16T03:48:09","date_gmt":"2026-02-16T03:48:09","guid":{"rendered":"https:\/\/bihavadis.com\/?p=35775"},"modified":"2026-02-16T03:48:09","modified_gmt":"2026-02-16T03:48:09","slug":"icisleri-bakanliginda-devir-teslim-toreni","status":"publish","type":"post","link":"https:\/\/bihavadis.com\/index.php\/2026\/02\/16\/icisleri-bakanliginda-devir-teslim-toreni\/","title":{"rendered":"\u0130\u00e7i\u015fleri Bakanl\u0131\u011f\u0131&#8217;nda devir teslim t\u00f6reni"},"content":{"rendered":"<p>Ali Yerlikaya, g\u00f6revi devrederken k\u0131sa bir a\u00e7\u0131klama da yapt\u0131.\u00a0<\/p>\n<p><em><b>&#8220;Ba\u015faraca\u011f\u0131na, ayn\u0131 hizmet bayra\u011f\u0131n\u0131 bizden ald\u0131. Say\u0131n Cumhurba\u015fkan\u0131m\u0131z\u0131n liderli\u011finde milletimizin huzuru i\u00e7in, \u0130\u00e7i\u015fleri Bakanl\u0131\u011f\u0131&#8217;ndaki ailemizle beraber canla ba\u015fla \u00e7al\u0131\u015facak. Biz liderimiz Say\u0131n Cumhurba\u015fkan\u0131m\u0131z Recep Tayyip Erdo\u011fan&#8217;\u0131n vermi\u015f oldu\u011fu g\u00f6rev kapsam\u0131nda bakan olarak \u00e7al\u0131\u015f\u0131p y\u00fcz ak\u0131yla da ayr\u0131lmak \u015f\u00fck\u00fcrler olsun bize nasip oldu. Mustafa karde\u015fime g\u00f6revi devrediyorum.\u00a0<\/b><\/em><\/p>\n<p>Mustafa \u00c7ift\u00e7i de konu\u015fmas\u0131nda \u015f\u00f6yle dedi;<\/p>\n<p>&#8220;<em><b>D\u00fczensiz g\u00f6\u00e7menlerle ikgili su\u00e7larda b\u00fcy\u00fck mesafeler katettik. Say\u0131n bakan\u0131m\u0131z\u0131n \u00f6nderli\u011finde. Say\u0131n bakan\u0131m arz ettiler 36 y\u0131ld\u0131r \u00e7al\u0131\u015f\u0131yorlar. Ben de 29. y\u0131l\u0131m\u0131 bitirdim. 30. y\u0131l\u0131mdan g\u00fcn ald\u0131m. HZ. S\u00fcleyman&#8217;\u0131n duas\u0131yla bu Allah&#8217;\u0131n bana bir l\u00fctf\u00fc diyorum. Say\u0131n, muhterem Cumhurba\u015fkan\u0131m\u0131z vesile oldular. <\/b><\/em><\/p>\n<p><em><b>Ben zat\u0131 devletlerine bu g\u00f6revi bana verdiklerinden dolay\u0131 te\u015fekk\u00fcr ediyorum. <\/b><\/em><\/p>\n<p><em><b>Milletimize elimden geldi\u011fince hizmet edece\u011fim. Allah bug\u00fcnleri nasip etti, \u00e7ok \u015f\u00fck\u00fcr. Bug\u00fcne kadar bakanl\u0131\u011f\u0131 d\u00f6neminde bize yol g\u00f6sterdikleri i\u00e7in te\u015fekk\u00fcr ediyorum. Kendisinden \u00e7ok \u015fey \u00f6\u011frendim. <\/b><\/em><\/p>\n<p><em><b>\u0130n\u015fallah ba\u015fka hizmetlere de vesile olurlar. \u00c7orum Valili\u011fi&#8217;ne ba\u015flad\u0131\u011f\u0131mda bundan 5 y\u0131l \u00f6nce ilk konu\u015fmamda, benim gayem bir \u015feyin ba\u015flang\u0131c\u0131 varsa sonu da var hi\u00e7bir \u015fey sonsuz de\u011fil. Buradan ayr\u0131ld\u0131\u011f\u0131mdan ho\u015f bir seda b\u0131rakarak buradan ayr\u0131lmak demi\u015ftim. Cenab\u0131 Hak bu g\u00f6revde bana kolayl\u0131k versin. Hakikaten zor bir g\u00f6rev \u00fcstlendi\u011fimi biliyorum.\u00a0<\/b><\/em><\/p>\n<p>AYRINTILAR GEL\u0130YOR\u00a0<\/p>\n","protected":false},"excerpt":{"rendered":"<p>Ali Yerlikaya, yeni atanan \u0130\u00e7i\u015fleri Bakan\u0131 Mustafa \u00c7ift\u00e7i&#8217;ye g\u00f6revi devretti. G\u00f6revi devralan \u00c7ift\u00e7i, &#8220;Milletimize elimden geldi\u011fince hizmet edece\u011fim. Allah bug\u00fcnleri nasip etti, \u00e7ok \u015f\u00fck\u00fcr&#8221; dedi.<\/p>\n","protected":false},"author":1,"featured_media":35776,"comment_status":"open","ping_status":"open","sticky":false,"template":"","format":"standard","meta":{"footnotes":""},"categories":[9,13],"tags":[436,1159],"class_list":["post-35775","post","type-post","status-publish","format-standard","has-post-thumbnail","hentry","category-genel","category-son-dakika","tag-bakan","tag-gorev"],"_links":{"self":[{"href":"https:\/\/bihavadis.com\/index.php\/wp-json\/wp\/v2\/posts\/35775","targetHints":{"allow":["GET"]}}],"collection":[{"href":"https:\/\/bihavadis.com\/index.php\/wp-json\/wp\/v2\/posts"}],"about":[{"href":"https:\/\/bihavadis.com\/index.php\/wp-json\/wp\/v2\/types\/post"}],"author":[{"embeddable":true,"href":"https:\/\/bihavadis.com\/index.php\/wp-json\/wp\/v2\/users\/1"}],"replies":[{"embeddable":true,"href":"https:\/\/bihavadis.com\/index.php\/wp-json\/wp\/v2\/comments?post=35775"}],"version-history":[{"count":1,"href":"https:\/\/bihavadis.com\/index.php\/wp-json\/wp\/v2\/posts\/35775\/revisions"}],"predecessor-version":[{"id":35777,"href":"https:\/\/bihavadis.com\/index.php\/wp-json\/wp\/v2\/posts\/35775\/revisions\/35777"}],"wp:featuredmedia":[{"embeddable":true,"href":"https:\/\/bihavadis.com\/index.php\/wp-json\/wp\/v2\/media\/35776"}],"wp:attachment":[{"href":"https:\/\/bihavadis.com\/index.php\/wp-json\/wp\/v2\/media?parent=35775"}],"wp:term":[{"taxonomy":"category","embeddable":true,"href":"https:\/\/bihavadis.com\/index.php\/wp-json\/wp\/v2\/categories?post=35775"},{"taxonomy":"post_tag","embeddable":true,"href":"https:\/\/bihavadis.com\/index.php\/wp-json\/wp\/v2\/tags?post=35775"}],"curies":[{"name":"wp","href":"https:\/\/api.w.org\/{rel}","templated":true}]}}