{"id":35783,"date":"2026-02-16T03:57:35","date_gmt":"2026-02-16T03:57:35","guid":{"rendered":"https:\/\/bihavadis.com\/?p=35783"},"modified":"2026-02-16T03:57:35","modified_gmt":"2026-02-16T03:57:35","slug":"berat-kandili-coskusu","status":"publish","type":"post","link":"https:\/\/bihavadis.com\/index.php\/2026\/02\/16\/berat-kandili-coskusu\/","title":{"rendered":"Berat Kandili Co\u015fkusu"},"content":{"rendered":"<p> Gaziantep, \u015eanl\u0131urfa, Kahramanmara\u015f, Malatya, Ad\u0131yaman ve Kilis&#8217;te Berat Kandili dolay\u0131s\u0131yla camilerde programlar d\u00fczenlendi.<\/p>\n<p>Gaziantep \u0130l M\u00fcft\u00fcl\u00fc\u011f\u00fcnce \u015eahinbey Millet Camii ba\u015fta olmak \u00fczere kentteki camilerde mevlit program\u0131 organize edildi.<\/p>\n<p>Kur&#8217;an-\u0131 Kerim tilavetinin ard\u0131ndan ger\u00e7ekle\u015ftirilen programda, 6 \u015eubat depremlerinde hayat\u0131n\u0131 kaybeden vatanda\u015flar i\u00e7in dua edildi.<\/p>\n<p>Namaz sonras\u0131 cami \u00e7\u0131k\u0131\u015f\u0131nda vatanda\u015flara \u00e7e\u015fitli ikramlarda bulunuldu.<\/p>\n<p>\u015eanl\u0131urfa<\/p>\n<p>&#8220;Peygamberler \u015fehri&#8221; olarak da adland\u0131r\u0131lan \u015eanl\u0131urfa&#8217;da, Berat Kandili dolay\u0131s\u0131yla vatanda\u015flar, Bal\u0131kl\u0131g\u00f6l Yerle\u015fkesi&#8217;ndeki camilere geldi.<\/p>\n<p>Ak\u015fam ezan\u0131 sonras\u0131 yerle\u015fkeye gelenler, camilerde namaz k\u0131ld\u0131, Kur&#8217;an-\u0131 Kerim okudu. Kandil dolay\u0131s\u0131yla vatanda\u015flar, yerle\u015fkede bulunan Hazreti \u0130brahim&#8217;in do\u011fdu\u011fu rivayet edilen makam\u0131 da ziyaret ederek dua etti.<\/p>\n<p>Yats\u0131 namaz\u0131n\u0131n ard\u0131ndan Dergah Camisi&#8217;nde mevlit okutuldu.<\/p>\n<p>Kahramanmara\u015f<\/p>\n<p>Kahramanmara\u015f \u0130l M\u00fcft\u00fcl\u00fc\u011f\u00fcnce ba\u015fta Abd\u00fclhamid Han Camisi olmak \u00fczere bir\u00e7ok camide d\u00fczenlenen programlarla Berat Kandili idrak edildi.<\/p>\n<p>Abd\u00fclhamid Han Camisi&#8217;nde ak\u015fam namaz\u0131n\u0131n ard\u0131ndan cemaatin yo\u011fun kat\u0131l\u0131m\u0131yla icra edilen programda, mevlit ve ilahiler okundu.<\/p>\n<p>Kur&#8217;an-\u0131 Kerim tilavetinin ger\u00e7ekle\u015ftirildi\u011fi kandil program\u0131nda, depremlerde ya\u015fam\u0131n\u0131 yitirenler i\u00e7in dua edildi.<\/p>\n<p>Daha sonra cemaat, namaz k\u0131l\u0131p, dua etti.<\/p>\n<p>Vatanda\u015flara cami \u00e7\u0131k\u0131\u015f\u0131nda kandil simidi ve \u00e7e\u015fitli ikramlarda bulunuldu.<\/p>\n<p>Malatya<\/p>\n<p>Malatya&#8217;da Kernek Karag\u00f6zl\u00fcl\u00fcer Camisi&#8217;nde Beraat Kandili dolay\u0131s\u0131yla program d\u00fczenlendi. Okunan Kur&#8217;an-\u0131 Kerim ve mevlidin ard\u0131ndan camiye gelenler gecenin \u00f6nemiyle ilgili vaaz\u0131 dinledi.<\/p>\n<p>Kandil program\u0131nda, depremlerde ya\u015fam\u0131n\u0131 yitirenler i\u00e7in dua edildi.<\/p>\n<p>Camiyi dolduran cemaat, namaz k\u0131l\u0131p, dua etti.<\/p>\n<p>Vatanda\u015flara cami \u00e7\u0131k\u0131\u015f\u0131nda kandil simidi ve \u00e7e\u015fitli ikramlarda bulunuldu.<\/p>\n<p>Darende il\u00e7esinde ise tarihi \u015eeyh Hamid-i Veli K\u00fclliyesi olmak \u00fczere t\u00fcm camilerde kandil programlar\u0131 d\u00fczenlendi.<\/p>\n<p>On bir ay\u0131n sultan\u0131 Ramazan-\u0131 \u015eerif&#8217;in m\u00fcjdecisi Berat Kandili&#8217;ni idrak etmek isteyen vatanda\u015flar, il\u00e7edeki camilere gitti.<\/p>\n<p>Namaz sonras\u0131, Hulusi Efendi Vakf\u0131 taraf\u0131ndan camilere gelenlere Somuncu Baba Sebil Ekme\u011fi ikram edildi, \u00e7ocuklara \u00e7e\u015fitli hediyeler da\u011f\u0131t\u0131ld\u0131.<\/p>\n<p>Ad\u0131yaman<\/p>\n<p>Ad\u0131yaman \u0130l M\u00fcft\u00fcl\u00fc\u011f\u00fc&#8217;nce Meydan Camisi&#8217;nde program d\u00fczenlendi.<\/p>\n<p>Camiye gelen vatanda\u015flar, namaz k\u0131ld\u0131, dua etti.<\/p>\n<p>Kilis<\/p>\n<p>Kilis&#8217;te \u0130l M\u00fcft\u00fcl\u00fc\u011f\u00fc taraf\u0131ndan d\u00fczenlenen kandil dolay\u0131s\u0131yla kentteki camileri dolduran vatanda\u015flar, namaz k\u0131ld\u0131, dua etti.<\/p>\n<p>Hac\u0131 \u00d6mer Faruk Kayaba\u015f Camisi&#8217;ndeki programa kat\u0131lan \u0130l M\u00fcft\u00fcs\u00fc Alettin Bozkurt&#8217;un namaz \u00f6ncesi verdi\u011fi vaazla ba\u015flayan program\u0131n sonunda vatanda\u015flara ikramda bulunuldu.<\/p>\n","protected":false},"excerpt":{"rendered":"<p>Gaziantep, \u015eanl\u0131urfa, Kahramanmara\u015f, Malatya, Ad\u0131yaman ve Kilis&#8217;te camilerde Berat Kandili programlar\u0131 d\u00fczenlendi.<\/p>\n","protected":false},"author":1,"featured_media":0,"comment_status":"open","ping_status":"open","sticky":false,"template":"","format":"standard","meta":{"footnotes":""},"categories":[9,4,13],"tags":[1172,2753,5167,2127,1135],"class_list":["post-35783","post","type-post","status-publish","format-standard","hentry","category-genel","category-gundem","category-son-dakika","tag-cami","tag-kandil","tag-namaz","tag-program","tag-vatandaslar"],"_links":{"self":[{"href":"https:\/\/bihavadis.com\/index.php\/wp-json\/wp\/v2\/posts\/35783","targetHints":{"allow":["GET"]}}],"collection":[{"href":"https:\/\/bihavadis.com\/index.php\/wp-json\/wp\/v2\/posts"}],"about":[{"href":"https:\/\/bihavadis.com\/index.php\/wp-json\/wp\/v2\/types\/post"}],"author":[{"embeddable":true,"href":"https:\/\/bihavadis.com\/index.php\/wp-json\/wp\/v2\/users\/1"}],"replies":[{"embeddable":true,"href":"https:\/\/bihavadis.com\/index.php\/wp-json\/wp\/v2\/comments?post=35783"}],"version-history":[{"count":1,"href":"https:\/\/bihavadis.com\/index.php\/wp-json\/wp\/v2\/posts\/35783\/revisions"}],"predecessor-version":[{"id":35784,"href":"https:\/\/bihavadis.com\/index.php\/wp-json\/wp\/v2\/posts\/35783\/revisions\/35784"}],"wp:attachment":[{"href":"https:\/\/bihavadis.com\/index.php\/wp-json\/wp\/v2\/media?parent=35783"}],"wp:term":[{"taxonomy":"category","embeddable":true,"href":"https:\/\/bihavadis.com\/index.php\/wp-json\/wp\/v2\/categories?post=35783"},{"taxonomy":"post_tag","embeddable":true,"href":"https:\/\/bihavadis.com\/index.php\/wp-json\/wp\/v2\/tags?post=35783"}],"curies":[{"name":"wp","href":"https:\/\/api.w.org\/{rel}","templated":true}]}}