{"id":35793,"date":"2026-02-16T04:03:09","date_gmt":"2026-02-16T04:03:09","guid":{"rendered":"https:\/\/bihavadis.com\/?p=35793"},"modified":"2026-02-16T04:03:09","modified_gmt":"2026-02-16T04:03:09","slug":"berat-kandili-uc-ilde-idrak-edildi","status":"publish","type":"post","link":"https:\/\/bihavadis.com\/index.php\/2026\/02\/16\/berat-kandili-uc-ilde-idrak-edildi\/","title":{"rendered":"Berat Kandili \u00dc\u00e7 \u0130l&#8217;de \u0130drak Edildi"},"content":{"rendered":"<p> Edirne, K\u0131rklareli ve Tekirda\u011f&#8217;daki camilerde Berat Kandili dualarla idrak edildi.<\/p>\n<p>Edirne&#8217;de tarihi camiler ba\u015fta olmak \u00fczere t\u00fcm camilerde program d\u00fczenlendi.<\/p>\n<p>Eski Cami&#8217;de Kur&#8217;an-\u0131 Kerim ve ilahilerin okundu\u011fu programda eller semaya a\u00e7\u0131larak dua edildi.<\/p>\n<p>Edirne M\u00fcft\u00fcs\u00fc Ercan Aksu, vaaz\u0131nda, kandil gecelerinde daha fazla dua edilmesi gerekti\u011fini belirterek, bu m\u00fcbarek zamanlar\u0131n de\u011ferinin iyi bilinmesi gerekti\u011fini kaydetti.<\/p>\n<p>Berat Kandili&#8217;nin ramazan ay\u0131n\u0131n habercisi oldu\u011funu ifade eden Aksu, t\u00fcm \u0130slam aleminin kandilini tebrik etti.<\/p>\n<p>Namaz\u0131n ard\u0131ndan Edirne Vak\u0131flar B\u00f6lge M\u00fcd\u00fcrl\u00fc\u011f\u00fcnce cami \u00e7\u0131k\u0131\u015f\u0131nda vatanda\u015flara salep ikram edildi.<\/p>\n<p>K\u0131rklareli ve Tekirda\u011f<\/p>\n<p>K\u0131rklareli&#8217;nde de ba\u015fta H\u0131z\u0131rbey Camisi olmak \u00fczere kentteki camilerde ger\u00e7ekle\u015ftirilen programlarda dualar edildi.<\/p>\n<p>H\u0131z\u0131rbey Camisi&#8217;nde ger\u00e7ekle\u015ftirilen programda Kur&#8217;an-\u0131 Kerim, Mevlid-i \u015eerif ve ilahiler okundu.<\/p>\n<p>Program\u0131n ard\u0131ndan \u0130l M\u00fcft\u00fcs\u00fc Yusuf Evi\u015f, vaaz verdi.<\/p>\n<p>Edirne Vak\u0131flar B\u00f6lge M\u00fcd\u00fcrl\u00fc\u011f\u00fcnce cami avlusunda namaz\u0131n ard\u0131ndan salep da\u011f\u0131t\u0131ld\u0131.<\/p>\n<p>Tekirda\u011f&#8217;da ise R\u00fcstem Pa\u015fa Camisi&#8217;nde Kur&#8217;an-\u0131 Kerim ve ilahilerin okundu\u011fu program dua edilmesinin ard\u0131ndan sona erdi.<\/p>\n","protected":false},"excerpt":{"rendered":"<p>Edirne, K\u0131rklareli ve Tekirda\u011f&#8217;daki camilerde Berat Kandili dualarla kutland\u0131, salep ikram edildi.<\/p>\n","protected":false},"author":1,"featured_media":35794,"comment_status":"open","ping_status":"open","sticky":false,"template":"","format":"standard","meta":{"footnotes":""},"categories":[9,4,13],"tags":[1172,2409,476,2127],"class_list":["post-35793","post","type-post","status-publish","format-standard","has-post-thumbnail","hentry","category-genel","category-gundem","category-son-dakika","tag-cami","tag-dua","tag-edirne","tag-program"],"_links":{"self":[{"href":"https:\/\/bihavadis.com\/index.php\/wp-json\/wp\/v2\/posts\/35793","targetHints":{"allow":["GET"]}}],"collection":[{"href":"https:\/\/bihavadis.com\/index.php\/wp-json\/wp\/v2\/posts"}],"about":[{"href":"https:\/\/bihavadis.com\/index.php\/wp-json\/wp\/v2\/types\/post"}],"author":[{"embeddable":true,"href":"https:\/\/bihavadis.com\/index.php\/wp-json\/wp\/v2\/users\/1"}],"replies":[{"embeddable":true,"href":"https:\/\/bihavadis.com\/index.php\/wp-json\/wp\/v2\/comments?post=35793"}],"version-history":[{"count":1,"href":"https:\/\/bihavadis.com\/index.php\/wp-json\/wp\/v2\/posts\/35793\/revisions"}],"predecessor-version":[{"id":35795,"href":"https:\/\/bihavadis.com\/index.php\/wp-json\/wp\/v2\/posts\/35793\/revisions\/35795"}],"wp:featuredmedia":[{"embeddable":true,"href":"https:\/\/bihavadis.com\/index.php\/wp-json\/wp\/v2\/media\/35794"}],"wp:attachment":[{"href":"https:\/\/bihavadis.com\/index.php\/wp-json\/wp\/v2\/media?parent=35793"}],"wp:term":[{"taxonomy":"category","embeddable":true,"href":"https:\/\/bihavadis.com\/index.php\/wp-json\/wp\/v2\/categories?post=35793"},{"taxonomy":"post_tag","embeddable":true,"href":"https:\/\/bihavadis.com\/index.php\/wp-json\/wp\/v2\/tags?post=35793"}],"curies":[{"name":"wp","href":"https:\/\/api.w.org\/{rel}","templated":true}]}}