{"id":3580,"date":"2026-01-28T10:14:04","date_gmt":"2026-01-28T10:14:04","guid":{"rendered":"https:\/\/bihavadis.com\/?p=3580"},"modified":"2026-01-28T10:14:04","modified_gmt":"2026-01-28T10:14:04","slug":"ciftcilere-destek-cagrisi","status":"publish","type":"post","link":"https:\/\/bihavadis.com\/index.php\/2026\/01\/28\/ciftcilere-destek-cagrisi\/","title":{"rendered":"\u00c7ift\u00e7ilere Destek \u00c7a\u011fr\u0131s\u0131"},"content":{"rendered":"<p>Milliyet\u00e7i Hareket Partisi (MHP) Grup Ba\u015fkanvekili ve Manisa Milletvekili Erkan Ak\u00e7ay, &#8220;\u00c7ift\u00e7i \u00fcretirse T\u00fcrkiye doyar, T\u00fcrkiye b\u00fcy\u00fcr. Tar\u0131msal destekler art\u0131r\u0131lmal\u0131, \u00e7ift\u00e7imizin vergi ve prim y\u00fck\u00fc hafifletilmelidir&#8221; dedi.<\/p>\n<p>Salihli Ticaret ve Sanayi Odas\u0131 Ba\u015fkan\u0131 \u0130brahim Y\u00fcksek ve y\u00f6netimini ziyaret eden Erken Ak\u00e7ay, sanayide yap\u0131sal d\u00f6n\u00fc\u015f\u00fcm\u00fcn \u015fart oldu\u011funu, verimlilik, istikrarl\u0131 b\u00fcy\u00fcme ve istihdam\u0131 esas alan g\u00fc\u00e7l\u00fc bir \u00fcretim ekonomisinin olu\u015fturulmas\u0131 gerekti\u011fini ifade etti. Ak\u00e7ay, katma de\u011feri y\u00fcksek \u00fcr\u00fcnlerin \u00fcretimine a\u011f\u0131rl\u0131k verilerek ithalat ba\u011f\u0131ml\u0131l\u0131\u011f\u0131n\u0131n azalt\u0131lmas\u0131n\u0131n \u00f6nemine dikkat \u00e7ekti. Tar\u0131m politikalar\u0131na da de\u011finen Ak\u00e7ay, Milliyet\u00e7i Hareket Partisi&#8217;nin y\u00fcksek verimlilikte, kaliteli \u00fcretimi esas alan ve ihracat kapasitesi y\u00fcksek bir tar\u0131m anlay\u0131\u015f\u0131n\u0131 benimsedi\u011fini s\u00f6yledi. Ak\u00e7ay, &#8220;\u00c7ift\u00e7i \u00fcretirse T\u00fcrkiye doyar, T\u00fcrkiye b\u00fcy\u00fcr. Tar\u0131msal destekler art\u0131r\u0131lmal\u0131, \u00e7ift\u00e7imizin vergi ve prim y\u00fck\u00fc hafifletilmelidir&#8221; diye konu\u015ftu.<\/p>\n<p>Girdi maliyetlerinin \u00e7ift\u00e7iyi zorlad\u0131\u011f\u0131n\u0131 belirten Ak\u00e7ay, tar\u0131msal desteklerin \u00fcretici refah\u0131n\u0131 art\u0131racak \u015fekilde yeniden d\u00fczenlenmesi gerekti\u011fini ifade etti. K\u00fcresel \u0131s\u0131nma ve su k\u0131tl\u0131\u011f\u0131na dikkat \u00e7eken Ak\u00e7ay, \u00f6n\u00fcm\u00fczdeki y\u0131llarda su sorununun daha da artaca\u011f\u0131n\u0131, damla sulama sistemlerine y\u00f6nelik te\u015fviklerin art\u0131r\u0131lmas\u0131 ve yer alt\u0131 ile yer \u00fcst\u00fc g\u00f6let say\u0131lar\u0131n\u0131n \u00e7o\u011falt\u0131lmas\u0131 gerekti\u011fini s\u00f6yledi. \u00c7ift\u00e7ilerin tar\u0131msal krediye ula\u015fmakta zorland\u0131\u011f\u0131n\u0131 ifade eden Ak\u00e7ay, &#8220;Borcu yoktur yaz\u0131s\u0131 uygulamas\u0131ndaki esnekli\u011fin kald\u0131r\u0131lmas\u0131 \u00e7ift\u00e7imizin \u00fcretimini aksatmaktad\u0131r. \u00dcretimin devam\u0131 i\u00e7in bu yap\u0131c\u0131 esneklik yeniden devreye al\u0131nmal\u0131d\u0131r&#8221; dedi.<\/p>\n<p>Esnaf ve sanatkarlar\u0131n da finansman sorunlar\u0131 ya\u015fad\u0131\u011f\u0131n\u0131 vurgulayan Ak\u00e7ay, vergi ve prim bor\u00e7lar\u0131 nedeniyle kredi kullanamayan esnaf\u0131n desteklenmesi gerekti\u011fini s\u00f6yledi. Ak\u00e7ay, bor\u00e7lar\u0131n yap\u0131land\u0131r\u0131lmas\u0131 ve esnaf\u0131n yeniden krediye eri\u015fiminin sa\u011flanmas\u0131n\u0131n gerekti\u011fini ifade etti.<\/p>\n<p>Basit usulden ger\u00e7ek usule ge\u00e7i\u015f d\u00fczenlemesine de de\u011finen Ak\u00e7ay, bu uygulaman\u0131n esnaf \u00fczerindeki mali y\u00fck\u00fc art\u0131raca\u011f\u0131n\u0131, d\u00fczenlemenin ertelenmesi ve yeniden g\u00f6zden ge\u00e7irilmesi gerekti\u011fini dile getirdi. Ak\u00e7ay, esnaf ve sanatkarlar\u0131n ahilik gelene\u011finin ta\u015f\u0131y\u0131c\u0131s\u0131 oldu\u011funu vurgulayarak, istihdam\u0131 art\u0131racak yeni kredi, vergi ve prim te\u015fviklerinin hayata ge\u00e7irilmesi gerekti\u011fini s\u00f6zlerine ekledi. &#8211; MAN\u0130SA<\/p>\n","protected":false},"excerpt":{"rendered":"<p>MHP&#8217;li Erkan Ak\u00e7ay, \u00e7ift\u00e7i desteklerinin art\u0131r\u0131lmas\u0131 ve vergilerin hafifletilmesi gerekti\u011fini vurgulad\u0131.<\/p>\n","protected":false},"author":1,"featured_media":3581,"comment_status":"open","ping_status":"open","sticky":false,"template":"","format":"standard","meta":{"footnotes":""},"categories":[1],"tags":[532,533,376,371,375],"class_list":["post-3580","post","type-post","status-publish","format-standard","has-post-thumbnail","hentry","category-uncategorized","tag-akcay","tag-esnaf","tag-gerektigini","tag-tarim","tag-uretim"],"_links":{"self":[{"href":"https:\/\/bihavadis.com\/index.php\/wp-json\/wp\/v2\/posts\/3580","targetHints":{"allow":["GET"]}}],"collection":[{"href":"https:\/\/bihavadis.com\/index.php\/wp-json\/wp\/v2\/posts"}],"about":[{"href":"https:\/\/bihavadis.com\/index.php\/wp-json\/wp\/v2\/types\/post"}],"author":[{"embeddable":true,"href":"https:\/\/bihavadis.com\/index.php\/wp-json\/wp\/v2\/users\/1"}],"replies":[{"embeddable":true,"href":"https:\/\/bihavadis.com\/index.php\/wp-json\/wp\/v2\/comments?post=3580"}],"version-history":[{"count":1,"href":"https:\/\/bihavadis.com\/index.php\/wp-json\/wp\/v2\/posts\/3580\/revisions"}],"predecessor-version":[{"id":3582,"href":"https:\/\/bihavadis.com\/index.php\/wp-json\/wp\/v2\/posts\/3580\/revisions\/3582"}],"wp:featuredmedia":[{"embeddable":true,"href":"https:\/\/bihavadis.com\/index.php\/wp-json\/wp\/v2\/media\/3581"}],"wp:attachment":[{"href":"https:\/\/bihavadis.com\/index.php\/wp-json\/wp\/v2\/media?parent=3580"}],"wp:term":[{"taxonomy":"category","embeddable":true,"href":"https:\/\/bihavadis.com\/index.php\/wp-json\/wp\/v2\/categories?post=3580"},{"taxonomy":"post_tag","embeddable":true,"href":"https:\/\/bihavadis.com\/index.php\/wp-json\/wp\/v2\/tags?post=3580"}],"curies":[{"name":"wp","href":"https:\/\/api.w.org\/{rel}","templated":true}]}}