{"id":35844,"date":"2026-02-16T16:39:05","date_gmt":"2026-02-16T16:39:05","guid":{"rendered":"https:\/\/bihavadis.com\/?p=35844"},"modified":"2026-02-16T16:39:05","modified_gmt":"2026-02-16T16:39:05","slug":"adalet-bakanliginda-devir-teslim-toreni-gerceklestiriliyor","status":"publish","type":"post","link":"https:\/\/bihavadis.com\/index.php\/2026\/02\/16\/adalet-bakanliginda-devir-teslim-toreni-gerceklestiriliyor\/","title":{"rendered":"Adalet Bakanl\u0131\u011f\u0131&#8217;nda devir teslim t\u00f6reni ger\u00e7ekle\u015ftiriliyor"},"content":{"rendered":"<p>Kabine&#8217;de yeni d\u00f6nem&#8230;<\/p>\n<p>Resmi Gazete&#8217;de yay\u0131mlanan karara g\u00f6re;\u00a0\u0130stanbul Cumhuriyet Ba\u015fsavc\u0131s\u0131 Ak\u0131n G\u00fcrlek, Adalet Bakan\u0131 olarak atand\u0131.<\/p>\n<p>Bu kapsamda Adalet Bakanl\u0131\u011f\u0131&#8217;nda devir teslim t\u00f6reni ger\u00e7ekle\u015ftirildi.\u00a0<\/p>\n<p>G\u00f6revini devreden Tun\u00e7, a\u00e7\u0131klamalarda bulundu.\u00a0<\/p>\n<p><em><b>&#8220;Milletimizin emaneti olan bu makamlar\u0131n hakk\u0131n\u0131 vermek i\u00e7in \u00e7al\u0131\u015ft\u0131k&#8221;<\/b><\/em> diyen Tun\u00e7, \u015funlar\u0131 kaydetti:<span>\u00a0<\/span><\/p>\n<p><strong>&#8220;G\u00d6REV\u0130M\u0130 AKIN G\u00dcRLEK&#8217;E DEVRETMEN\u0130N BAHT\u0130YARLI\u011eINI YA\u015eIYORUM&#8221;<\/strong><\/p>\n<p>De\u011ferli vatanda\u015flar\u0131m\u0131z, de\u011ferli sivil toplum kurulu\u015flar\u0131n\u0131n k\u0131ymetli temsilcileri ve de\u011ferli misafirler; hepinizi sevgi, sayg\u0131 ve muhabbetle selaml\u0131yorum. Ho\u015f geldiniz, sefalar getirdiniz. 4 Haziran 2023 tarihinde Say\u0131n Cumhurba\u015fkan\u0131m\u0131z Recep Tayyip Erdo\u011fan\u2019\u0131n takdir ve tensipleriyle \u00fcstlendi\u011fim Adalet Bakanl\u0131\u011f\u0131 g\u00f6revini, bug\u00fcn b\u00fcy\u00fck bir onur ve gururla de\u011ferli karde\u015fimiz Ak\u0131n G\u00fcrlek\u2019e devretmenin bahtiyarl\u0131\u011f\u0131n\u0131 ya\u015f\u0131yorum. Bu anlaml\u0131 g\u00fcnde bizleri yaln\u0131z b\u0131rakmad\u0131\u011f\u0131n\u0131z i\u00e7in her birinize ayr\u0131 ayr\u0131 te\u015fekk\u00fcr ediyorum.<\/p>\n<p>Say\u0131n Cumhurba\u015fkan\u0131m\u0131zla uzun y\u0131llara dayanan bir siyaset yolculu\u011fumuz oldu. Gen\u00e7 ya\u015flarda ba\u015flad\u0131\u011f\u0131m bu yolculukta; il\u00e7e ba\u015fkanl\u0131\u011f\u0131ndan meclis \u00fcyeli\u011fine, 16 y\u0131l boyunca 5 d\u00f6nem milletvekilli\u011fine kadar pek \u00e7ok g\u00f6rev \u00fcstlendim. Ara\u015ft\u0131rma komisyonlar\u0131 \u00fcyelikleri, Adalet Komisyonu Ba\u015fkanl\u0131\u011f\u0131 ve Grup Ba\u015fkanvekilli\u011fi gibi \u00f6nemli sorumluluklar taraf\u0131ma tevdi edildi. Nihayetinde 4 Haziran 2023\u2019te, bir hukuk\u00e7u i\u00e7in son derece k\u0131ymetli olan Adalet Bakanl\u0131\u011f\u0131 g\u00f6revini \u00fcstlendim.<\/p>\n<p><strong>&#8220;VESAYET\u00c7\u0130 ANLAYI\u015eI TAR\u0130HE G\u00d6MMEY\u0130 BA\u015eARDIK&#8221;<\/strong><\/p>\n<p>Bug\u00fcn g\u00f6revi devretmenin onur ve gururunu ya\u015f\u0131yoruz. Bizleri yaln\u0131z b\u0131rakmad\u0131\u011f\u0131n\u0131z i\u00e7in te\u015fekk\u00fcr ediyorum. 2 bu\u00e7uk y\u0131ld\u0131r sizlerleyiz. Yarg\u0131m\u0131z\u0131n kapasiteni g\u00fc\u00e7lendirme gayreti ile \u00e7al\u0131\u015fman\u0131n onur ve gururunu ya\u015fad\u0131k. T\u00fcrkiye demokratik kalk\u0131nmas\u0131n\u0131 ihmal etmedi. Vesayet\u00e7i anlay\u0131\u015f\u0131 tarihe g\u00f6mmeyi ba\u015fard\u0131k. \u00c7ok \u00f6nemli mesafeler ald\u0131k. S\u00fcrekli hem mevzuat\u0131m\u0131z\u0131n yenilenmesi hem de \u00e7a\u011f\u0131n ihtiya\u00e7lar\u0131na uygun \u015fekilde \u00fclkemiz \u00f6nemli ilerlemeler sa\u011flad\u0131. Hedeflerin \u00f6nemli bir k\u0131sm\u0131n\u0131 hayata ge\u00e7irdik.\u00a0<\/p>\n<p>\u00a0G\u00f6rev s\u00fcremiz boyunca yarg\u0131 te\u015fkilat\u0131m\u0131z\u0131n kapasitesini g\u00fc\u00e7lendirmek, adalet hizmetlerinin etkinli\u011fini art\u0131rmak ve vatanda\u015flar\u0131m\u0131z\u0131n adalete olan g\u00fcvenini y\u00fckseltmek i\u00e7in yo\u011fun bir gayret g\u00f6sterdik. T\u00fcrkiye, son 23 y\u0131lda fiziki kalk\u0131nman\u0131n yan\u0131 s\u0131ra demokratikle\u015fme ve hukuk devleti ilkesi a\u00e7\u0131s\u0131ndan da \u00f6nemli mesafeler kat etti. Yarg\u0131 reformu strateji belgeleri do\u011frultusunda mevzuat yenileme \u00e7al\u0131\u015fmalar\u0131n\u0131 s\u00fcrd\u00fcrd\u00fck, dijitalle\u015fme hamleleriyle ceza adalet sisteminin etkinli\u011fini art\u0131rmaya y\u00f6nelik ad\u0131mlar att\u0131k.<\/p>\n<p><strong>&#8220;B\u0130ZLERE G\u00dcVENEN CUMHURBA\u015eKANIMIZ ERDO\u011eAN&#8217;A TE\u015eEKK\u00dcR EDER\u0130M&#8221;<\/strong><\/p>\n<p>Say\u0131n Cumhurba\u015fkan\u0131m\u0131z taraf\u0131ndan a\u00e7\u0131klanan T\u00fcrkiye Y\u00fczy\u0131l\u0131 Yarg\u0131 Reformu Strateji Belgesi kapsam\u0131nda belirlenen 264 hedeften \u00f6nemli bir k\u0131sm\u0131n\u0131 hayata ge\u00e7irdik. Adliye binalar\u0131ndan teknolojik altyap\u0131ya kadar pek \u00e7ok alanda kapasite art\u0131\u015f\u0131 sa\u011flad\u0131k. 81 ilin b\u00fcy\u00fck b\u00f6l\u00fcm\u00fcn\u00fc ziyaret ederek h\u00e2kimlerimiz, savc\u0131lar\u0131m\u0131z ve vatanda\u015flar\u0131m\u0131zla bir araya geldik; g\u00f6r\u00fc\u015f ve \u00f6neriler do\u011frultusunda \u00e7al\u0131\u015fmalar\u0131m\u0131z\u0131 \u015fekillendirdik.<\/p>\n<p>Yarg\u0131 te\u015fkilat\u0131m\u0131z bug\u00fcn 26 bin h\u00e2kim ve savc\u0131 kapasitesine ula\u015fm\u0131\u015f, gen\u00e7 ve dinamik bir yap\u0131ya kavu\u015fmu\u015ftur. Avukatlar\u0131m\u0131z ve barolar\u0131m\u0131zla g\u00fc\u00e7l\u00fc bir diyalog zemini olu\u015fturduk; \u00e7al\u0131\u015fma \u015fartlar\u0131n\u0131n iyile\u015ftirilmesi i\u00e7in ad\u0131mlar att\u0131k. Bu g\u00f6rev bir n\u00f6bet de\u011fi\u015fimidir. \u0130nan\u0131yorum ki Say\u0131n Ak\u0131n G\u00fcrlek, Adalet Bakanl\u0131\u011f\u0131\u2019ndaki \u00e7al\u0131\u015fmalar\u0131 daha da ileriye ta\u015f\u0131yacakt\u0131r.<\/p>\n<p>Bizler de her zaman milletimizin emanetine sahip \u00e7\u0131kmaya devam edece\u011fiz.Bu vesileyle, bizlere g\u00fcvenen ve her kademede g\u00f6rev tevdi eden Say\u0131n Cumhurba\u015fkan\u0131m\u0131z Recep Tayyip Erdo\u011fan\u2019a \u015f\u00fckranlar\u0131m\u0131 arz ediyor; g\u00f6rev s\u00fcrem boyunca destek veren milletvekillerimize, yarg\u0131 mensuplar\u0131m\u0131za ve t\u00fcm \u00e7al\u0131\u015fma arkada\u015flar\u0131m\u0131za te\u015fekk\u00fcr ediyorum.<\/p>\n<p>AYRINTILAR GEL\u0130YOR&#8230;<\/p>\n","protected":false},"excerpt":{"rendered":"<p>Y\u0131lmaz Tun\u00e7,  yeni atanan Adalet Bakan\u0131 Ak\u0131n G\u00fcrlek&#8217;e g\u00f6revini devretti.<\/p>\n","protected":false},"author":1,"featured_media":35845,"comment_status":"open","ping_status":"open","sticky":false,"template":"","format":"standard","meta":{"footnotes":""},"categories":[9,13],"tags":[3234,378,1159,1191,3235],"class_list":["post-35844","post","type-post","status-publish","format-standard","has-post-thumbnail","hentry","category-genel","category-son-dakika","tag-adalet","tag-calisma","tag-gorev","tag-onemli","tag-yargi"],"_links":{"self":[{"href":"https:\/\/bihavadis.com\/index.php\/wp-json\/wp\/v2\/posts\/35844","targetHints":{"allow":["GET"]}}],"collection":[{"href":"https:\/\/bihavadis.com\/index.php\/wp-json\/wp\/v2\/posts"}],"about":[{"href":"https:\/\/bihavadis.com\/index.php\/wp-json\/wp\/v2\/types\/post"}],"author":[{"embeddable":true,"href":"https:\/\/bihavadis.com\/index.php\/wp-json\/wp\/v2\/users\/1"}],"replies":[{"embeddable":true,"href":"https:\/\/bihavadis.com\/index.php\/wp-json\/wp\/v2\/comments?post=35844"}],"version-history":[{"count":1,"href":"https:\/\/bihavadis.com\/index.php\/wp-json\/wp\/v2\/posts\/35844\/revisions"}],"predecessor-version":[{"id":35846,"href":"https:\/\/bihavadis.com\/index.php\/wp-json\/wp\/v2\/posts\/35844\/revisions\/35846"}],"wp:featuredmedia":[{"embeddable":true,"href":"https:\/\/bihavadis.com\/index.php\/wp-json\/wp\/v2\/media\/35845"}],"wp:attachment":[{"href":"https:\/\/bihavadis.com\/index.php\/wp-json\/wp\/v2\/media?parent=35844"}],"wp:term":[{"taxonomy":"category","embeddable":true,"href":"https:\/\/bihavadis.com\/index.php\/wp-json\/wp\/v2\/categories?post=35844"},{"taxonomy":"post_tag","embeddable":true,"href":"https:\/\/bihavadis.com\/index.php\/wp-json\/wp\/v2\/tags?post=35844"}],"curies":[{"name":"wp","href":"https:\/\/api.w.org\/{rel}","templated":true}]}}