{"id":35849,"date":"2026-02-16T16:45:05","date_gmt":"2026-02-16T16:45:05","guid":{"rendered":"https:\/\/bihavadis.com\/?p=35849"},"modified":"2026-02-16T16:45:05","modified_gmt":"2026-02-16T16:45:05","slug":"menajer-ayse-barima-12-yil-6-ay-hapis-cezasi-verildi","status":"publish","type":"post","link":"https:\/\/bihavadis.com\/index.php\/2026\/02\/16\/menajer-ayse-barima-12-yil-6-ay-hapis-cezasi-verildi\/","title":{"rendered":"Menajer Ay\u015fe Bar\u0131m&#8217;a 12 y\u0131l 6 ay hapis cezas\u0131 verildi"},"content":{"rendered":"<p>Menajer Ay\u015fe Bar\u0131m&#8217;\u0131n Gezi Park\u0131 olaylar\u0131nda \u015firketine ba\u011fl\u0131 sanat\u00e7\u0131lar\u0131 eylemlere kat\u0131lmas\u0131 i\u00e7in y\u00f6nlendirdi\u011fi ve olaylar\u0131n planlay\u0131c\u0131lar\u0131ndan oldu\u011fu iddias\u0131yla<em><b> \u2018cebir ve \u015fiddet kullanarak T\u00fcrkiye Cumhuriyeti H\u00fck\u00fcmeti&#8217;ni ortadan kald\u0131rmaya veya g\u00f6revlerini yapmas\u0131n\u0131 k\u0131smen veya tamamen engellemeye te\u015febb\u00fcse yard\u0131m etme&#8217; <\/b><\/em>su\u00e7undan haz\u0131rlanan iddianame kapsam\u0131nda 22 y\u0131l 6 aydan 30 y\u0131la kadar hapis talebiyle yarg\u0131lanmas\u0131na devam edildi.<\/p>\n<p><b>A\u011eIRLA\u015eTIRILMI\u015e M\u00dcEBBET TALEP ED\u0130LD\u0130<\/b><\/p>\n<p>\u0130stanbul 26. A\u011f\u0131r Ceza Mahkemesi&#8217;nde g\u00f6r\u00fclen duru\u015fmada sa\u011fl\u0131k sorunlar\u0131 nedeniyle tahliye edilen tutuksuz san\u0131k Ay\u015fe Bar\u0131m ile taraf avukatlar\u0131 haz\u0131r bulundu.<\/p>\n<p>Duru\u015fmada celse aras\u0131nda esasa ili\u015fkin m\u00fctalaan\u0131n a\u00e7\u0131kland\u0131\u011f\u0131 belirtildi. M\u00fctalaada, Bar\u0131m&#8217;\u0131n <b><em>\u2018T\u00fcrkiye Cumhuriyeti h\u00fck\u00fcmetini ortadan kald\u0131rmaya te\u015febb\u00fcs&#8217; <\/em><\/b>su\u00e7undan a\u011f\u0131rla\u015ft\u0131r\u0131lm\u0131\u015f m\u00fcebbet hapis cezas\u0131yla cezaland\u0131r\u0131lmas\u0131 talep edildi.<\/p>\n<p><img decoding=\"async\" src=\"https:\/\/bihavadis.com\/wp-content\/uploads\/2026\/02\/menajer-ayse-barima-12-yil-6-ay-hapis-cezasi-verildi-0-cZJdhkuV.jpg\"\/><\/p>\n<p><strong>&#8220;OYUNCULARI GEZ\u0130 PARKI&#8217;NA Y\u00d6NLEND\u0130RMED\u0130M&#8221;  DED\u0130<\/strong><\/p>\n<p>M\u00fctalaaya kar\u015f\u0131 savunma yapan Ay\u015fe Bar\u0131m, <b><em>&#8220;2025 y\u0131l\u0131n\u0131n Ocak ay\u0131ndan beri ya\u015famad\u0131\u011f\u0131m bir s\u00fcrecin i\u00e7erisindeyim. Ben hi\u00e7bir su\u00e7 i\u015flemedim, oyuncular\u0131 asla Gezi Park\u0131&#8217;na y\u00f6nlendirmedim. Hayat\u0131mda siyasi \u015feylere hi\u00e7bir \u015fekilde m\u00fcdahil olmad\u0131m. \u015eu anda kalp pili ile hayat\u0131ma devam ediyorum. A\u00e7\u0131k kalp ameliyat\u0131 olaca\u011f\u0131m. T\u00fcm tan\u0131k ifadeleri lehimeyken \u00e7ok a\u011f\u0131r bir \u015fekilde cezaland\u0131r\u0131lmam istenmi\u015f. Ben su\u00e7suzum, avukatlar\u0131m da gereken hukuki a\u00e7\u0131klamay\u0131 yapacakt\u0131r. Ben sadece i\u015fiyle ilgilenen bir kad\u0131n\u0131m. Bu s\u00fcre\u00e7te sa\u011fl\u0131\u011f\u0131m \u00e7ok etkilendi beraatimi istiyorum&#8221; <\/em><\/b>dedi.<\/p>\n<p>Ay\u015fe Bar\u0131m&#8217;\u0131n avukatlar\u0131 da su\u00e7lamalar\u0131 kabul etmedi.<\/p>\n<p><strong>MAHKEME KARARINI A\u00c7IKLADI<\/strong><\/p>\n<p>Ay\u015fe Bar\u0131m, \u2018T\u00fcrkiye Cumhuriyeti h\u00fck\u00fcmetini ortadan kald\u0131rmaya te\u015febb\u00fcse yard\u0131m\u2019 su\u00e7undan 12 y\u0131l 6 ay hapis cezas\u0131na \u00e7arpt\u0131r\u0131ld\u0131.<\/p>\n<p>Mahkeme Bar\u0131m i\u00e7in herhangi bir tutuklama karar\u0131 vermezken, Bar\u0131m&#8217;a yurt d\u0131\u015f\u0131 \u00e7\u0131k\u0131\u015f yasa\u011f\u0131 da getirildi.<\/p>\n<p><img decoding=\"async\" src=\"https:\/\/bihavadis.com\/wp-content\/uploads\/2026\/02\/menajer-ayse-barima-12-yil-6-ay-hapis-cezasi-verildi-1-yqvajxiv.jpg\"\/><\/p>\n","protected":false},"excerpt":{"rendered":"<p>\u201cH\u00fck\u00fcmeti ortadan kald\u0131rmaya te\u015febb\u00fcse yard\u0131m\u201d su\u00e7lamas\u0131yla yarg\u0131lanan Ay\u015fe Bar\u0131m hakk\u0131nda karar \u00e7\u0131kt\u0131. Mahkeme Bar\u0131m&#8217;a 12 y\u0131l 6 ay hapis cezas\u0131 verirken, h\u00fckmen tutuklanmas\u0131na y\u00f6nelik bir karar \u00e7\u0131kmad\u0131. Bar\u0131m&#8217;a yurt d\u0131\u015f\u0131 \u00e7\u0131k\u0131\u015f yasa\u011f\u0131 da uyguland\u0131.<\/p>\n","protected":false},"author":1,"featured_media":35850,"comment_status":"open","ping_status":"open","sticky":false,"template":"","format":"standard","meta":{"footnotes":""},"categories":[9,13],"tags":[5080,258],"class_list":["post-35849","post","type-post","status-publish","format-standard","has-post-thumbnail","hentry","category-genel","category-son-dakika","tag-ayse-barim","tag-ceza"],"_links":{"self":[{"href":"https:\/\/bihavadis.com\/index.php\/wp-json\/wp\/v2\/posts\/35849","targetHints":{"allow":["GET"]}}],"collection":[{"href":"https:\/\/bihavadis.com\/index.php\/wp-json\/wp\/v2\/posts"}],"about":[{"href":"https:\/\/bihavadis.com\/index.php\/wp-json\/wp\/v2\/types\/post"}],"author":[{"embeddable":true,"href":"https:\/\/bihavadis.com\/index.php\/wp-json\/wp\/v2\/users\/1"}],"replies":[{"embeddable":true,"href":"https:\/\/bihavadis.com\/index.php\/wp-json\/wp\/v2\/comments?post=35849"}],"version-history":[{"count":1,"href":"https:\/\/bihavadis.com\/index.php\/wp-json\/wp\/v2\/posts\/35849\/revisions"}],"predecessor-version":[{"id":35853,"href":"https:\/\/bihavadis.com\/index.php\/wp-json\/wp\/v2\/posts\/35849\/revisions\/35853"}],"wp:featuredmedia":[{"embeddable":true,"href":"https:\/\/bihavadis.com\/index.php\/wp-json\/wp\/v2\/media\/35850"}],"wp:attachment":[{"href":"https:\/\/bihavadis.com\/index.php\/wp-json\/wp\/v2\/media?parent=35849"}],"wp:term":[{"taxonomy":"category","embeddable":true,"href":"https:\/\/bihavadis.com\/index.php\/wp-json\/wp\/v2\/categories?post=35849"},{"taxonomy":"post_tag","embeddable":true,"href":"https:\/\/bihavadis.com\/index.php\/wp-json\/wp\/v2\/tags?post=35849"}],"curies":[{"name":"wp","href":"https:\/\/api.w.org\/{rel}","templated":true}]}}