{"id":35867,"date":"2026-02-16T16:57:07","date_gmt":"2026-02-16T16:57:07","guid":{"rendered":"https:\/\/bihavadis.com\/?p=35867"},"modified":"2026-02-16T16:57:07","modified_gmt":"2026-02-16T16:57:07","slug":"goksel-gumusdag-aanin-yilin-kareleri-oylamasina-katildi","status":"publish","type":"post","link":"https:\/\/bihavadis.com\/index.php\/2026\/02\/16\/goksel-gumusdag-aanin-yilin-kareleri-oylamasina-katildi\/","title":{"rendered":"G\u00f6ksel G\u00fcm\u00fc\u015fda\u011f, AA&#8217;n\u0131n &#8220;Y\u0131l\u0131n Kareleri&#8221; oylamas\u0131na kat\u0131ld\u0131"},"content":{"rendered":"<p>Ba\u015fa\u015fehir Futbol Kul\u00fcb\u00fc Ba\u015fkan\u0131 G\u00f6ksel G\u00fcm\u00fc\u015fda\u011f, Anadolu Ajans\u0131&#8217;n\u0131n (AA) g\u00f6z\u00fcnden 2025&#8217;e damga vuran olaylara ait foto\u011fraflar\u0131n yer ald\u0131\u011f\u0131<em><b> &#8220;Y\u0131l\u0131n Kareleri&#8221; <\/b><\/em>oylamas\u0131na kat\u0131ld\u0131.<\/p>\n<p>G\u00fcm\u00fc\u015fda\u011f d\u00fczenlenen yar\u0131\u015fmada, AA foto muhabirleri ve muhabirlerinin 2025 y\u0131l\u0131nda T\u00fcrkiye ile d\u00fcnya g\u00fcndeminde yank\u0131 bulan 6 kategorideki 112 foto\u011fraf\u0131n\u0131 inceledi.<\/p>\n<p><strong>SE\u00c7\u0130MLER\u0130<\/strong><\/p>\n<p><em><b>&#8220;Gazze: A\u00e7l\u0131k&#8221; <\/b><\/em>kategorisinde Ali Jadallah&#8217;\u0131n <em><b>&#8220;Gazze&#8217;de a\u00e7l\u0131kla m\u00fccadele eden Filistinlilere yemek da\u011f\u0131t\u0131ld\u0131&#8221; <\/b><\/em>karesini se\u00e7en G\u00fcm\u00fc\u015fda\u011f,<em><b> &#8220;Portre&#8221;<\/b><\/em> kategorisinde Mahmoud Abu Hamda&#8217;n\u0131n <em><b>&#8220;Annesinin birici\u011fi&#8221;<\/b><\/em> foto\u011fraf\u0131n\u0131 oylad\u0131.<\/p>\n<p><em><b>&#8220;Haber&#8221; <\/b><\/em>kategorisinde Arif H\u00fcdaverdi Yaman&#8217;\u0131n<em><b> &#8220;Mavi vatan\u0131m\u0131z&#8221;<\/b><\/em> karesine oy veren G\u00fcm\u00fc\u015fda\u011f,<em><b> &#8220;Do\u011fal Ya\u015fam ve \u00c7evre&#8221;<\/b><\/em> kategorisinde Harun \u00d6zalp&#8217;\u0131n<em><b> &#8220;Hareket zaman\u0131&#8221;<\/b><\/em>, <em><b>&#8220;G\u00fcnl\u00fck Hayat&#8221;<\/b><\/em> kategorisinde ise \u0130sa Terli&#8217;nin <em><b>&#8220;Dolunay sefas\u0131&#8221;<\/b><\/em> foto\u011fraf\u0131n\u0131 se\u00e7ti.<\/p>\n<p>Son olarak <em><b>&#8220;Spor&#8221;<\/b><\/em> kategorisini oylayan G\u00f6ksel G\u00fcm\u00fc\u015fda\u011f, A Milli Erkek Basketbol Tak\u0131m\u0131&#8217;n\u0131n y\u0131ld\u0131z\u0131 Alperen \u015eeng\u00fcn&#8217;\u00fcn Avrupa Basketbol \u015eampiyonas\u0131&#8217;nda Yunanistan kar\u015f\u0131s\u0131nda sma\u00e7 vurdu\u011fu foto\u011fraf\u0131n\u0131 be\u011fendi.<\/p>\n<p>Esra Bilgin&#8217;in \u00e7ekti\u011fi<em><b> &#8220;Alperen&#8221;<\/b><\/em> isimli foto\u011fraf\u0131 \u00e7ok be\u011fendi\u011fini belirten G\u00fcm\u00fc\u015fda\u011f, foto\u011fraflarla ilgili yorumda bulundu.<\/p>\n<p><img decoding=\"async\" src=\"https:\/\/bihavadis.com\/wp-content\/uploads\/2026\/02\/goksel-gumusdag-aanin-yilin-kareleri-oylamasina-katildi-0-GRZFLdBF.jpg\"\/><\/p>\n<p><strong>&#8220;\u00c7OK G\u00dcZEL KARELER YAKALAMI\u015eLAR&#8221;<\/strong><\/p>\n<p>Her dalda \u00e7ok iyi foto\u011fraflar oldu\u011funu dile getiren G\u00fcm\u00fc\u015fda\u011f, <em><b>&#8220;Tebrik ediyorum arkada\u015flar\u0131, \u00e7ok g\u00fczel kareler yakalam\u0131\u015flar. Alperen bizim gururumuz. \u0130kinci kez All-Star&#8217;a se\u00e7ildi, tebrik ediyorum. T\u00fcrkiye i\u00e7in de b\u00fcy\u00fck bir gurur. Asl\u0131nda ikilemde kald\u0131m. \u00d6zellikle \u015fampiyon motosiklet\u00e7i Toprak karde\u015fimizin foto\u011fraf\u0131 da vard\u0131. Alperen de \u00e7ok \u00f6nemli bir ba\u015far\u0131ya imza att\u0131, ayr\u0131 bir mutluluk. Alperen&#8217;i tebrik ediyorum.&#8221;<\/b><\/em> ifadelerini kulland\u0131.<\/p>\n<p><img decoding=\"async\" src=\"https:\/\/bihavadis.com\/wp-content\/uploads\/2026\/02\/goksel-gumusdag-aanin-yilin-kareleri-oylamasina-katildi-1-OdfYP8KW.jpg\"\/><\/p>\n<p><strong>OYLAMA<\/strong><\/p>\n<p>AA&#8217;n\u0131n 2012 y\u0131l\u0131ndan bu yana d\u00fczenledi\u011fi yar\u0131\u015fmada bu y\u0131l <em><b>&#8220;Haber&#8221;<\/b><\/em>, <em><b>&#8220;Do\u011fal Ya\u015fam ve \u00c7evre&#8221;<\/b><\/em>, <em><b>&#8220;Spor&#8221; <\/b><\/em>ve<em><b> &#8220;G\u00fcnl\u00fck Hayat&#8221; <\/b><\/em>olmak \u00fczere 4 ana kategorinin yan\u0131 s\u0131ra <em><b>&#8220;Gazze: A\u00e7l\u0131k&#8221; <\/b><\/em>ve <em><b>&#8220;Portre&#8221; <\/b><\/em>ba\u015fl\u0131kl\u0131 2 \u00f6zel kategori de yer al\u0131yor.<\/p>\n<p>T\u00fcrk\u00e7e ve \u0130ngilizce alt yaz\u0131yla d\u00fcnya genelinde yap\u0131lan oylamaya kat\u0131lanlar istedikleri say\u0131da foto\u011frafa oy verebiliyor.<\/p>\n<p>Oylama,<b> <em>&#8220;yilinkareleri.aa.com.tr&#8221;<\/em><\/b> internet sitesi \u00fczerinden 15 \u015eubat Pazar saat 17.00&#8217;ye kadar devam edecek.<\/p>\n","protected":false},"excerpt":{"rendered":"<p>Ba\u015fa\u015fehir Futbol Kul\u00fcb\u00fc Ba\u015fkan\u0131 G\u00f6ksel G\u00fcm\u00fc\u015fda\u011f, AA foto muhabirleri ve muhabirlerinin 2025 y\u0131l\u0131nda T\u00fcrkiye ile d\u00fcnya g\u00fcndeminde yank\u0131 bulan 6 kategorideki 112 foto\u011fraf\u0131n\u0131 inceledi.<\/p>\n","protected":false},"author":1,"featured_media":35868,"comment_status":"open","ping_status":"open","sticky":false,"template":"","format":"standard","meta":{"footnotes":""},"categories":[14],"tags":[5191,311,5190,312],"class_list":["post-35867","post","type-post","status-publish","format-standard","has-post-thumbnail","hentry","category-spor","tag-alperen","tag-foto","tag-gumusdag","tag-kategorisinde"],"_links":{"self":[{"href":"https:\/\/bihavadis.com\/index.php\/wp-json\/wp\/v2\/posts\/35867","targetHints":{"allow":["GET"]}}],"collection":[{"href":"https:\/\/bihavadis.com\/index.php\/wp-json\/wp\/v2\/posts"}],"about":[{"href":"https:\/\/bihavadis.com\/index.php\/wp-json\/wp\/v2\/types\/post"}],"author":[{"embeddable":true,"href":"https:\/\/bihavadis.com\/index.php\/wp-json\/wp\/v2\/users\/1"}],"replies":[{"embeddable":true,"href":"https:\/\/bihavadis.com\/index.php\/wp-json\/wp\/v2\/comments?post=35867"}],"version-history":[{"count":1,"href":"https:\/\/bihavadis.com\/index.php\/wp-json\/wp\/v2\/posts\/35867\/revisions"}],"predecessor-version":[{"id":35871,"href":"https:\/\/bihavadis.com\/index.php\/wp-json\/wp\/v2\/posts\/35867\/revisions\/35871"}],"wp:featuredmedia":[{"embeddable":true,"href":"https:\/\/bihavadis.com\/index.php\/wp-json\/wp\/v2\/media\/35868"}],"wp:attachment":[{"href":"https:\/\/bihavadis.com\/index.php\/wp-json\/wp\/v2\/media?parent=35867"}],"wp:term":[{"taxonomy":"category","embeddable":true,"href":"https:\/\/bihavadis.com\/index.php\/wp-json\/wp\/v2\/categories?post=35867"},{"taxonomy":"post_tag","embeddable":true,"href":"https:\/\/bihavadis.com\/index.php\/wp-json\/wp\/v2\/tags?post=35867"}],"curies":[{"name":"wp","href":"https:\/\/api.w.org\/{rel}","templated":true}]}}