{"id":35887,"date":"2026-02-16T17:12:07","date_gmt":"2026-02-16T17:12:07","guid":{"rendered":"https:\/\/bihavadis.com\/?p=35887"},"modified":"2026-02-16T17:12:07","modified_gmt":"2026-02-16T17:12:07","slug":"serdar-sertcelik-tutuklandi","status":"publish","type":"post","link":"https:\/\/bihavadis.com\/index.php\/2026\/02\/16\/serdar-sertcelik-tutuklandi\/","title":{"rendered":"Serdar Sert\u00e7elik Tutukland\u0131"},"content":{"rendered":"<p>Ayhan Bora Kaplan organize su\u00e7 \u00f6rg\u00fct\u00fc y\u00f6neticisi Serdar Sert\u00e7elik tutukland\u0131.<\/p>\n<p><b>5 SU\u00c7LAMA Y\u00d6NELT\u0130LD\u0130<\/b><\/p>\n<p> Ankara Cumhuriyet Ba\u015fsavc\u0131l\u0131\u011f\u0131ndan yap\u0131lan a\u00e7\u0131klamaya g\u00f6re, ba\u015fka su\u00e7lardan tutuklu bulunan Ayhan Bora Kaplan organize su\u00e7 \u00f6rg\u00fct\u00fc y\u00f6neticisi Serdar Sert\u00e7elik, Ankara 32. A\u011f\u0131r Mahkemesince &#8216;su\u00e7 i\u015flemek amac\u0131yla kurulan silahl\u0131 \u00f6rg\u00fct y\u00f6netmek&#8217;, &#8216;kasten yaralama&#8217;, &#8216;ki\u015fiyi h\u00fcrriyetinden yoksun k\u0131lma&#8217;, &#8216;ya\u011fma&#8217; ve &#8216;kasten \u00f6ld\u00fcrme&#8217; su\u00e7lar\u0131ndan ikinci kez tutukland\u0131.<\/p>\n<p><b>T\u00dcRK\u0130YE&#8217;YE \u0130ADE ED\u0130LM\u0130\u015e VE TUTUKLANMI\u015eTI<\/b><\/p>\n<p>K\u0131rm\u0131z\u0131 b\u00fcltenle aranan Sert\u00e7elik, 31 Ocak&#8217;ta Macaristan&#8217;dan T\u00fcrkiye&#8217;ye iade edilmi\u015fti. Jandarmadaki i\u015flemlerinin ard\u0131ndan Ankara Adliyesi&#8217;ne getirilen Sert\u00e7elik, savc\u0131l\u0131k ifadesinin ard\u0131ndan Ankara 8. Sulh Ceza Hakimli\u011fince tutuklanarak cezaevine g\u00f6nderilmi\u015fti.<\/p>\n","protected":false},"excerpt":{"rendered":"<p>Organize su\u00e7 \u00f6rg\u00fct\u00fc y\u00f6neticisi Serdar Sert\u00e7elik, \u00e7e\u015fitli su\u00e7lardan tutukland\u0131.<\/p>\n","protected":false},"author":1,"featured_media":35888,"comment_status":"open","ping_status":"open","sticky":false,"template":"","format":"standard","meta":{"footnotes":""},"categories":[9,4,13],"tags":[286],"class_list":["post-35887","post","type-post","status-publish","format-standard","has-post-thumbnail","hentry","category-genel","category-gundem","category-son-dakika","tag-suc"],"_links":{"self":[{"href":"https:\/\/bihavadis.com\/index.php\/wp-json\/wp\/v2\/posts\/35887","targetHints":{"allow":["GET"]}}],"collection":[{"href":"https:\/\/bihavadis.com\/index.php\/wp-json\/wp\/v2\/posts"}],"about":[{"href":"https:\/\/bihavadis.com\/index.php\/wp-json\/wp\/v2\/types\/post"}],"author":[{"embeddable":true,"href":"https:\/\/bihavadis.com\/index.php\/wp-json\/wp\/v2\/users\/1"}],"replies":[{"embeddable":true,"href":"https:\/\/bihavadis.com\/index.php\/wp-json\/wp\/v2\/comments?post=35887"}],"version-history":[{"count":1,"href":"https:\/\/bihavadis.com\/index.php\/wp-json\/wp\/v2\/posts\/35887\/revisions"}],"predecessor-version":[{"id":35889,"href":"https:\/\/bihavadis.com\/index.php\/wp-json\/wp\/v2\/posts\/35887\/revisions\/35889"}],"wp:featuredmedia":[{"embeddable":true,"href":"https:\/\/bihavadis.com\/index.php\/wp-json\/wp\/v2\/media\/35888"}],"wp:attachment":[{"href":"https:\/\/bihavadis.com\/index.php\/wp-json\/wp\/v2\/media?parent=35887"}],"wp:term":[{"taxonomy":"category","embeddable":true,"href":"https:\/\/bihavadis.com\/index.php\/wp-json\/wp\/v2\/categories?post=35887"},{"taxonomy":"post_tag","embeddable":true,"href":"https:\/\/bihavadis.com\/index.php\/wp-json\/wp\/v2\/tags?post=35887"}],"curies":[{"name":"wp","href":"https:\/\/api.w.org\/{rel}","templated":true}]}}