{"id":35922,"date":"2026-02-16T17:36:06","date_gmt":"2026-02-16T17:36:06","guid":{"rendered":"https:\/\/bihavadis.com\/?p=35922"},"modified":"2026-02-16T17:36:06","modified_gmt":"2026-02-16T17:36:06","slug":"ayrilik-galatasaray-sozlesmesini-feshediyor","status":"publish","type":"post","link":"https:\/\/bihavadis.com\/index.php\/2026\/02\/16\/ayrilik-galatasaray-sozlesmesini-feshediyor\/","title":{"rendered":"Ayr\u0131l\u0131k! Galatasaray s\u00f6zle\u015fmesini feshediyor"},"content":{"rendered":"<p>S\u00fcper Lig devi Galatasaray, kadro planlamalar\u0131nda yer vermedi\u011fi Yusuf Demir ile yollar\u0131n\u0131 ay\u0131rmaya haz\u0131rlan\u0131yor.<\/p>\n<p><b>YUSUF DEM\u0130R&#8217;\u0130N S\u00d6ZLE\u015eMES\u0130 FESHED\u0130LECEK<\/b><\/p>\n<p>Yusuf Demir&#8217;in temsilcisi, s\u00f6zle\u015fme feshiyle ilgili g\u00f6r\u00fc\u015fmeler yapmak \u00fczere \u0130stanbul&#8217;a geldi.Sar\u0131-k\u0131rm\u0131z\u0131l\u0131 kul\u00fcp ile oyuncu cephesi aras\u0131nda y\u00fcr\u00fct\u00fclen temaslarda, fesih \u015fartlar\u0131n\u0131n ele al\u0131nd\u0131\u011f\u0131 ve taraflar\u0131n kar\u015f\u0131l\u0131kl\u0131 olarak \u00e7\u00f6z\u00fcm \u00fcretmeye \u00e7al\u0131\u015ft\u0131\u011f\u0131 belirtildi. G\u00f6r\u00fc\u015fmelerin, k\u0131sa s\u00fcre i\u00e7inde netlik kazanmas\u0131 bekleniyor.<\/p>\n<div>\n<figure><img decoding=\"async\" src=\"https:\/\/bihavadis.com\/wp-content\/uploads\/2026\/02\/ayrilik-galatasaray-sozlesmesini-feshediyor-0-zzTJZTxb.jpg\"\/><\/figure>\n<\/div>\n<p><b>GALATASARAY KARNES\u0130<\/b><\/p>\n<p>Rapid Wien&#8217;den 6 milyon euro bonservis bedeliyle Galatasaray&#8217;a transfer olan Yusuf, sar\u0131-k\u0131rm\u0131z\u0131l\u0131 formayla \u00e7\u0131kt\u0131\u011f\u0131 26 ma\u00e7ta 2 gol ve 2 asistlik performans sergiledi. <\/p>\n<p><strong>\u0130\u015fte Yusuf Demir&#8217;in menajerinin payla\u015f\u0131m\u0131:<\/strong><\/p>\n<div>\n<figure><img decoding=\"async\" src=\"https:\/\/bihavadis.com\/wp-content\/uploads\/2026\/02\/ayrilik-galatasaray-sozlesmesini-feshediyor-1-2upSyB7m.jpg\"\/><\/figure>\n<\/div>\n","protected":false},"excerpt":{"rendered":"<p>Galatasaray, kadro planlamalar\u0131nda yer vermedi\u011fi Yusuf Demir ile yollar\u0131n\u0131 ay\u0131r\u0131yor. Gen\u00e7 oyuncunun temsilcisi, Galatasaray ile fesih g\u00f6r\u00fc\u015fmeleri yapmak \u00fczere \u0130stanbul&#8217;a geldi.<\/p>\n","protected":false},"author":1,"featured_media":35923,"comment_status":"open","ping_status":"open","sticky":false,"template":"","format":"standard","meta":{"footnotes":""},"categories":[14],"tags":[],"class_list":["post-35922","post","type-post","status-publish","format-standard","has-post-thumbnail","hentry","category-spor"],"_links":{"self":[{"href":"https:\/\/bihavadis.com\/index.php\/wp-json\/wp\/v2\/posts\/35922","targetHints":{"allow":["GET"]}}],"collection":[{"href":"https:\/\/bihavadis.com\/index.php\/wp-json\/wp\/v2\/posts"}],"about":[{"href":"https:\/\/bihavadis.com\/index.php\/wp-json\/wp\/v2\/types\/post"}],"author":[{"embeddable":true,"href":"https:\/\/bihavadis.com\/index.php\/wp-json\/wp\/v2\/users\/1"}],"replies":[{"embeddable":true,"href":"https:\/\/bihavadis.com\/index.php\/wp-json\/wp\/v2\/comments?post=35922"}],"version-history":[{"count":1,"href":"https:\/\/bihavadis.com\/index.php\/wp-json\/wp\/v2\/posts\/35922\/revisions"}],"predecessor-version":[{"id":35926,"href":"https:\/\/bihavadis.com\/index.php\/wp-json\/wp\/v2\/posts\/35922\/revisions\/35926"}],"wp:featuredmedia":[{"embeddable":true,"href":"https:\/\/bihavadis.com\/index.php\/wp-json\/wp\/v2\/media\/35923"}],"wp:attachment":[{"href":"https:\/\/bihavadis.com\/index.php\/wp-json\/wp\/v2\/media?parent=35922"}],"wp:term":[{"taxonomy":"category","embeddable":true,"href":"https:\/\/bihavadis.com\/index.php\/wp-json\/wp\/v2\/categories?post=35922"},{"taxonomy":"post_tag","embeddable":true,"href":"https:\/\/bihavadis.com\/index.php\/wp-json\/wp\/v2\/tags?post=35922"}],"curies":[{"name":"wp","href":"https:\/\/api.w.org\/{rel}","templated":true}]}}