{"id":35956,"date":"2026-02-16T18:00:07","date_gmt":"2026-02-16T18:00:07","guid":{"rendered":"https:\/\/bihavadis.com\/?p=35956"},"modified":"2026-02-16T18:00:07","modified_gmt":"2026-02-16T18:00:07","slug":"edremitte-silahli-saldiri-1-olu-2-yarali","status":"publish","type":"post","link":"https:\/\/bihavadis.com\/index.php\/2026\/02\/16\/edremitte-silahli-saldiri-1-olu-2-yarali\/","title":{"rendered":"Edremit&#8217;te Silahl\u0131 Sald\u0131r\u0131: 1 \u00d6l\u00fc, 2 Yaral\u0131"},"content":{"rendered":"<p>BALIKES\u0130R&#8217;in Edremit il\u00e7esinde bir i\u015f yerine motosikletteki 2 ki\u015fi taraf\u0131ndan silahl\u0131 sald\u0131r\u0131 d\u00fczenlendi. \u00c7evredeki bir i\u015f yerinin g\u00fcvenlik kameras\u0131na yans\u0131yan sald\u0131r\u0131da 1 ki\u015fi ya\u015fam\u0131n\u0131 yitirirken, 2 ki\u015fi de yaraland\u0131.<\/p>\n<p>Olay, saat 19.00 s\u0131ralar\u0131nda, Ak\u00e7ay Caddesi \u00fczerinde meydana geldi. Motosikletle i\u015f yerinin \u00f6n\u00fcne gelen ve ba\u015flar\u0131nda kask bulunan 2 \u015f\u00fcpheliden biri, tabancayla i\u015f yerine defalarca ate\u015f a\u00e7t\u0131. A\u00e7\u0131lan ate\u015f sonucu i\u015f yeri sahibi oldu\u011fu \u00f6\u011frenilen Bekir Turhan ile i\u015f yerinde bulunan 2 ki\u015fi yaraland\u0131. Silahl\u0131 sald\u0131rganlar motosikletle olay yerinden uzakla\u015f\u0131rken, ihbar \u00fczerine adrese polis ve sa\u011fl\u0131k ekipleri sevk edildi. Sa\u011fl\u0131k g\u00f6revlisinin yapt\u0131\u011f\u0131 kontrolde Bekir Turhan&#8217;\u0131n hayat\u0131n\u0131 kaybetti\u011fi belirlendi. A\u011f\u0131r yaralanan 2 ki\u015fi ise ilk m\u00fcdahalesinin ard\u0131ndan ambulanslarla hastaneye kald\u0131r\u0131ld\u0131.<\/p>\n<p>Polis ekipleri olay\u0131n ard\u0131ndan \u00e7evrede geni\u015f g\u00fcvenlik \u00f6nlemleri ald\u0131. Sald\u0131r\u0131 an\u0131 ise \u00e7evredeki bir i\u015f yerinin g\u00fcvenlik kameras\u0131na yans\u0131d\u0131. G\u00f6r\u00fcnt\u00fcde motosikletle i\u015f yerinin \u00f6n\u00fcne gelen sald\u0131rgan\u0131n ate\u015f a\u00e7ma anlar\u0131 yer ald\u0131. Polis sald\u0131rganlar\u0131n kimliklerinin belirlenip, yakalanmas\u0131 i\u00e7in \u00e7al\u0131\u015fma ba\u015flatt\u0131. Polisin olayla ilgili soru\u015fturmas\u0131 s\u00fcr\u00fcyor. <\/p>\n","protected":false},"excerpt":{"rendered":"<p>Bal\u0131kesir&#8217;in Edremit il\u00e7esinde motosikletten a\u00e7\u0131lan ate\u015f sonucu 1 ki\u015fi hayat\u0131n\u0131 kaybetti, 2 ki\u015fi yaraland\u0131.<\/p>\n","protected":false},"author":1,"featured_media":35957,"comment_status":"open","ping_status":"open","sticky":false,"template":"","format":"standard","meta":{"footnotes":""},"categories":[9,4,13],"tags":[249],"class_list":["post-35956","post","type-post","status-publish","format-standard","has-post-thumbnail","hentry","category-genel","category-gundem","category-son-dakika","tag-is-yeri"],"_links":{"self":[{"href":"https:\/\/bihavadis.com\/index.php\/wp-json\/wp\/v2\/posts\/35956","targetHints":{"allow":["GET"]}}],"collection":[{"href":"https:\/\/bihavadis.com\/index.php\/wp-json\/wp\/v2\/posts"}],"about":[{"href":"https:\/\/bihavadis.com\/index.php\/wp-json\/wp\/v2\/types\/post"}],"author":[{"embeddable":true,"href":"https:\/\/bihavadis.com\/index.php\/wp-json\/wp\/v2\/users\/1"}],"replies":[{"embeddable":true,"href":"https:\/\/bihavadis.com\/index.php\/wp-json\/wp\/v2\/comments?post=35956"}],"version-history":[{"count":1,"href":"https:\/\/bihavadis.com\/index.php\/wp-json\/wp\/v2\/posts\/35956\/revisions"}],"predecessor-version":[{"id":35958,"href":"https:\/\/bihavadis.com\/index.php\/wp-json\/wp\/v2\/posts\/35956\/revisions\/35958"}],"wp:featuredmedia":[{"embeddable":true,"href":"https:\/\/bihavadis.com\/index.php\/wp-json\/wp\/v2\/media\/35957"}],"wp:attachment":[{"href":"https:\/\/bihavadis.com\/index.php\/wp-json\/wp\/v2\/media?parent=35956"}],"wp:term":[{"taxonomy":"category","embeddable":true,"href":"https:\/\/bihavadis.com\/index.php\/wp-json\/wp\/v2\/categories?post=35956"},{"taxonomy":"post_tag","embeddable":true,"href":"https:\/\/bihavadis.com\/index.php\/wp-json\/wp\/v2\/tags?post=35956"}],"curies":[{"name":"wp","href":"https:\/\/api.w.org\/{rel}","templated":true}]}}