{"id":35990,"date":"2026-02-18T00:03:07","date_gmt":"2026-02-18T00:03:07","guid":{"rendered":"https:\/\/bihavadis.com\/?p=35990"},"modified":"2026-02-18T00:03:07","modified_gmt":"2026-02-18T00:03:07","slug":"karsiyaka-belediyesinden-iftar-dayanismasi","status":"publish","type":"post","link":"https:\/\/bihavadis.com\/index.php\/2026\/02\/18\/karsiyaka-belediyesinden-iftar-dayanismasi\/","title":{"rendered":"Kar\u015f\u0131yaka Belediyesi&#8217;nden iftar dayan\u0131\u015fmas\u0131"},"content":{"rendered":"<p><b>Kar\u015f\u0131yaka Belediyesi, Ramazan ay\u0131nda binlerce vatanda\u015f\u0131\u00a0iftar\u00a0sofralar\u0131nda bulu\u015fturacak. Ay boyunca farkl\u0131 mahallelere ta\u015f\u0131nacak\u00a0iftar\u00a0organizasyonlar\u0131n\u0131n ilki, 19 \u015eubat\u2019ta \u0130n\u00f6n\u00fc ve Cumhuriyet mahallelerinde ya\u015fayan vatanda\u015flar i\u00e7in d\u00fczenlenecek. Belediye Ba\u015fkan\u0131 Y\u0131ld\u0131z \u00dcnsal \u201cRamazan ay\u0131n\u0131n bereketini birlikte b\u00fcy\u00fctecek, dayan\u0131\u015fmam\u0131z\u0131 daha da g\u00fc\u00e7lendirece\u011fiz\u201d dedi.<\/b><\/p>\n<p>Kar\u015f\u0131yaka Belediyesi, geleneksel\u00a0iftar bulu\u015fmalar\u0131n\u0131 bu y\u0131l da s\u00fcrd\u00fcrerek Ramazan ay\u0131n\u0131n bereketini t\u00fcm il\u00e7eye yayacak. \u0130lk\u00a0iftar\u00a0organizasyonu 19 \u015eubat Per\u015fembe ak\u015fam\u0131, Cumhuriyet D\u00fc\u011f\u00fcn Salonu\u2019nda ger\u00e7ekle\u015ftirilecek. Cumhuriyet ve \u0130n\u00f6n\u00fc mahallelerinde ya\u015fayan vatanda\u015flar, ayn\u0131 sofran\u0131n etraf\u0131nda bulu\u015fup birlikte oru\u00e7 a\u00e7acak. 23 \u015eubat\u2019ta Z\u00fcbeyde Han\u0131m, 25 \u015eubat\u2019ta \u00d6rnekk\u00f6y ve \u0130mbatl\u0131, 27 \u015eubat\u2019ta da Demirk\u00f6pr\u00fc mahalleleri i\u00e7in\u00a0iftar\u00a0sofralar\u0131 kurulacak.<\/p>\n<p><b>\u00c7AR\u015eIDA DEV BULU\u015eMA<\/b><\/p>\n<p>Ramazan ay\u0131 boyunca 9 farkl\u0131 noktada daha\u00a0iftar\u00a0bulu\u015fmalar\u0131 ger\u00e7ekle\u015ftirilecek. En b\u00fcy\u00fck organizasyon ise 16 Mart Kadir Gecesi\u2019nde Kar\u015f\u0131yaka \u00c7ar\u015f\u0131s\u0131\u2019nda yap\u0131lacak. Ayr\u0131ca mahallelerde d\u00fczenlenecek iftar bulu\u015fmalar\u0131n\u0131n ard\u0131ndan, geleneksel Hacivat-Karag\u00f6z g\u00f6sterileri sergilenecek. \u0130ftar\u00a0program\u0131na ili\u015fkin tarih ve yer bilgilerine, Kar\u015f\u0131yaka Belediyesi\u2019nin resmi sosyal medya hesaplar\u0131ndan ula\u015f\u0131labilecek.<\/p>\n<p><b>\u201c\u0130Y\u0130L\u0130\u011e\u0130 B\u00dcY\u00dcTECE\u011e\u0130Z\u201d<\/b><\/p>\n<p>Kar\u015f\u0131yaka Belediye Ba\u015fkan\u0131 Y\u0131ld\u0131z \u00dcnsal \u201cRamazan, payla\u015fman\u0131n de\u011ferini ve birlikte olman\u0131n k\u0131ymetini daha derinden hissetti\u011fimiz bir ay. Birlik ve beraberli\u011fin g\u00fc\u00e7lendi\u011fi bu anlaml\u0131 g\u00fcnlerde Kar\u015f\u0131yaka\u2019da ayn\u0131 sofrada bulu\u015fman\u0131n mutlulu\u011funu ya\u015fayaca\u011f\u0131z. Kuraca\u011f\u0131m\u0131z iftar sofralar\u0131yla mahallelerimizdeki kom\u015fuluk ba\u011flar\u0131n\u0131 peki\u015ftirmeyi, iyili\u011fi ve bereketi hep birlikte b\u00fcy\u00fctmeyi ama\u00e7l\u0131yoruz. T\u00fcm vatanda\u015flar\u0131m\u0131z\u0131 iftar programlar\u0131m\u0131za davet ediyor, Ramazan ay\u0131n\u0131n Kar\u015f\u0131yaka\u2019ya huzur ve bereket getirmesini diliyorum\u201d diye konu\u015ftu.<\/p>\n<p>Kaynak: (BYZHA) Beyaz Haber Ajans\u0131<\/p>\n","protected":false},"excerpt":{"rendered":"<p>Kar\u015f\u0131yaka Belediyesi, Ramazan ay\u0131nda binlerce vatanda\u015f\u0131\u00a0iftar\u00a0sofralar\u0131nda bulu\u015fturacak.<\/p>\n","protected":false},"author":1,"featured_media":35991,"comment_status":"open","ping_status":"open","sticky":false,"template":"","format":"standard","meta":{"footnotes":""},"categories":[4],"tags":[372,1519,675,1066,1652],"class_list":["post-35990","post","type-post","status-publish","format-standard","has-post-thumbnail","hentry","category-gundem","tag-belediye","tag-bulusma","tag-iftar","tag-karsiyaka","tag-subat"],"_links":{"self":[{"href":"https:\/\/bihavadis.com\/index.php\/wp-json\/wp\/v2\/posts\/35990","targetHints":{"allow":["GET"]}}],"collection":[{"href":"https:\/\/bihavadis.com\/index.php\/wp-json\/wp\/v2\/posts"}],"about":[{"href":"https:\/\/bihavadis.com\/index.php\/wp-json\/wp\/v2\/types\/post"}],"author":[{"embeddable":true,"href":"https:\/\/bihavadis.com\/index.php\/wp-json\/wp\/v2\/users\/1"}],"replies":[{"embeddable":true,"href":"https:\/\/bihavadis.com\/index.php\/wp-json\/wp\/v2\/comments?post=35990"}],"version-history":[{"count":1,"href":"https:\/\/bihavadis.com\/index.php\/wp-json\/wp\/v2\/posts\/35990\/revisions"}],"predecessor-version":[{"id":35992,"href":"https:\/\/bihavadis.com\/index.php\/wp-json\/wp\/v2\/posts\/35990\/revisions\/35992"}],"wp:featuredmedia":[{"embeddable":true,"href":"https:\/\/bihavadis.com\/index.php\/wp-json\/wp\/v2\/media\/35991"}],"wp:attachment":[{"href":"https:\/\/bihavadis.com\/index.php\/wp-json\/wp\/v2\/media?parent=35990"}],"wp:term":[{"taxonomy":"category","embeddable":true,"href":"https:\/\/bihavadis.com\/index.php\/wp-json\/wp\/v2\/categories?post=35990"},{"taxonomy":"post_tag","embeddable":true,"href":"https:\/\/bihavadis.com\/index.php\/wp-json\/wp\/v2\/tags?post=35990"}],"curies":[{"name":"wp","href":"https:\/\/api.w.org\/{rel}","templated":true}]}}