{"id":36000,"date":"2026-02-18T00:09:05","date_gmt":"2026-02-18T00:09:05","guid":{"rendered":"https:\/\/bihavadis.com\/?p=36000"},"modified":"2026-02-18T00:09:05","modified_gmt":"2026-02-18T00:09:05","slug":"kizilirmak-deltasinda-dunya-sulak-alanlar-gunu-etkinligi","status":"publish","type":"post","link":"https:\/\/bihavadis.com\/index.php\/2026\/02\/18\/kizilirmak-deltasinda-dunya-sulak-alanlar-gunu-etkinligi\/","title":{"rendered":"K\u0131z\u0131l\u0131rmak Deltas\u0131&#8217;nda D\u00fcnya Sulak Alanlar G\u00fcn\u00fc Etkinli\u011fi"},"content":{"rendered":"<p>Samsun&#8217;un Bafra il\u00e7esinde bulunan ve UNESCO D\u00fcnya Miras\u0131 Ge\u00e7ici Listesi&#8217;nde yer alan K\u0131z\u0131l\u0131rmak Deltas\u0131 Ku\u015f Cenneti, &#8220;2 \u015eubat D\u00fcnya Sulak Alanlar G\u00fcn\u00fc&#8221; kapsam\u0131nda d\u00fczenlenen etkinliklere ev sahipli\u011fi yapt\u0131.<\/p>\n<p>Etkinlik \u00e7er\u00e7evesinde, b\u00f6lgenin ekolojik \u00f6nemine dikkati \u00e7ekmek amac\u0131yla saha uygulamas\u0131 ger\u00e7ekle\u015ftirildi.<\/p>\n<p>Kat\u0131l\u0131mc\u0131lar, Ondokuz May\u0131s \u00dcniversitesi (OM\u00dc) Ornitoloji Ara\u015ft\u0131rma Merkezi&#8217;nde y\u00fcr\u00fct\u00fclen ku\u015f halkalama ve sal\u0131m\u0131 faaliyetlerini yerinde izleyerek uzmanlardan bilgi ald\u0131.<\/p>\n<p>Rehabilitasyon s\u00fcre\u00e7leri tamamlanan yaban hayvanlar\u0131n\u0131n do\u011fayla tekrar bulu\u015fturuldu\u011fu t\u00f6rende 2 pelikan, 2 k\u0131z\u0131l \u015fahin, 1 \u015fahin, turna ve 15 s\u00fcl\u00fcn protokol \u00fcyeleri taraf\u0131ndan do\u011fal ya\u015fam alanlar\u0131na b\u0131rak\u0131ld\u0131.<\/p>\n<p>Etkinli\u011fe, Samsun Vali Yard\u0131mc\u0131s\u0131 Mehmet Fikret \u00c7avu\u015f, Do\u011fa Koruma ve Milli Parklar Genel M\u00fcd\u00fcr Yard\u0131mc\u0131s\u0131 Erg\u00fcn Terzio\u011flu, Do\u011fa Koruma ve Milli Parklar 11. B\u00f6lge M\u00fcd\u00fcr\u00fc Resul Do\u011fan, 19 May\u0131s Kaymakam\u0131 Haluk \u015eim\u015fek, Samsun B\u00fcy\u00fck\u015fehir Belediyesi Genel Sekreter Yard\u0131mc\u0131s\u0131 Necmi \u00c7ama\u015f, Samsun \u0130l Tar\u0131m ve Orman M\u00fcd\u00fcr\u00fc Kemal Y\u0131lmaz ve davetliler kat\u0131ld\u0131.<\/p>\n","protected":false},"excerpt":{"rendered":"<p>Bafra&#8217;da d\u00fczenlenen etkinlikte, ku\u015f halkalama ve do\u011faya sal\u0131m t\u00f6reni yap\u0131ld\u0131.<\/p>\n","protected":false},"author":1,"featured_media":0,"comment_status":"open","ping_status":"open","sticky":false,"template":"","format":"standard","meta":{"footnotes":""},"categories":[9,4,13],"tags":[1438],"class_list":["post-36000","post","type-post","status-publish","format-standard","hentry","category-genel","category-gundem","category-son-dakika","tag-doga"],"_links":{"self":[{"href":"https:\/\/bihavadis.com\/index.php\/wp-json\/wp\/v2\/posts\/36000","targetHints":{"allow":["GET"]}}],"collection":[{"href":"https:\/\/bihavadis.com\/index.php\/wp-json\/wp\/v2\/posts"}],"about":[{"href":"https:\/\/bihavadis.com\/index.php\/wp-json\/wp\/v2\/types\/post"}],"author":[{"embeddable":true,"href":"https:\/\/bihavadis.com\/index.php\/wp-json\/wp\/v2\/users\/1"}],"replies":[{"embeddable":true,"href":"https:\/\/bihavadis.com\/index.php\/wp-json\/wp\/v2\/comments?post=36000"}],"version-history":[{"count":1,"href":"https:\/\/bihavadis.com\/index.php\/wp-json\/wp\/v2\/posts\/36000\/revisions"}],"predecessor-version":[{"id":36001,"href":"https:\/\/bihavadis.com\/index.php\/wp-json\/wp\/v2\/posts\/36000\/revisions\/36001"}],"wp:attachment":[{"href":"https:\/\/bihavadis.com\/index.php\/wp-json\/wp\/v2\/media?parent=36000"}],"wp:term":[{"taxonomy":"category","embeddable":true,"href":"https:\/\/bihavadis.com\/index.php\/wp-json\/wp\/v2\/categories?post=36000"},{"taxonomy":"post_tag","embeddable":true,"href":"https:\/\/bihavadis.com\/index.php\/wp-json\/wp\/v2\/tags?post=36000"}],"curies":[{"name":"wp","href":"https:\/\/api.w.org\/{rel}","templated":true}]}}