{"id":36002,"date":"2026-02-18T00:12:06","date_gmt":"2026-02-18T00:12:06","guid":{"rendered":"https:\/\/bihavadis.com\/?p=36002"},"modified":"2026-02-18T00:12:06","modified_gmt":"2026-02-18T00:12:06","slug":"sosyal-yasam-merkezinde-durmaksizin-calisiliyor","status":"publish","type":"post","link":"https:\/\/bihavadis.com\/index.php\/2026\/02\/18\/sosyal-yasam-merkezinde-durmaksizin-calisiliyor\/","title":{"rendered":"Sosyal Ya\u015fam Merkezi&#8217;nde durmaks\u0131z\u0131n \u00e7al\u0131\u015f\u0131l\u0131yor"},"content":{"rendered":"<p>Kocaeli\u2019yi gelece\u011fe haz\u0131rlayan ve sosyal sorumluluk bilinciyle \u00f6nemli yat\u0131r\u0131mlar\u0131 birer birer hayata ge\u00e7iren Kocaeli B\u00fcy\u00fck\u015fehir Belediyesi, 7\u2019den 70\u2019e herkesin ya\u015fam\u0131na dokunacak Sosyal Ya\u015fam Merkezi\u2019nde y\u00fcksek tempo ile \u00e7al\u0131\u015f\u0131yor. Eski \u0130nterteks Fuar Alan\u0131\u2019nda y\u00fckselen merkezde pek \u00e7ok imalat e\u015f zamanl\u0131 olarak yerine getiriliyor.<\/p>\n<p><b>YO\u011eUN \u0130MALAT S\u00dcREC\u0130 YA\u015eANIYOR<\/b><\/p>\n<p>Kocaeli B\u00fcy\u00fck\u015fehir Belediyesi, her kesime hitap eden projeleri geli\u015ftirmeye devam ediyor. Bu kapsamda \u0130nterteks Fuar Alan\u0131\u2019nda in\u015fas\u0131na h\u0131zla devam edilen Sosyal Ya\u015fam Merkezi; kentin sosyal, k\u00fclt\u00fcrel ve e\u011fitim hayat\u0131na y\u00f6n verecek. Her ya\u015f grubundan insana hizmet edecek merkezde yo\u011fun bir imalat s\u00fcreci y\u00fcr\u00fct\u00fcl\u00fcyor. Fen \u0130\u015fleri Dairesi Ba\u015fkanl\u0131\u011f\u0131 b\u00fcnyesinde s\u00fcrd\u00fcr\u00fclen \u00e7al\u0131\u015fmalar kapsam\u0131nda konservatuvar binas\u0131 \u00e7elik imalatlar\u0131 ve gastronomi binas\u0131 \u00e7elik imalatlar\u0131 devam ediyor. Giri\u015fimcilik ve Dil Akademisi binalar\u0131n\u0131n \u00e7elik elemanlar\u0131 kumlama at\u00f6lyesinde i\u015flenerek \u00f6n\u00fcm\u00fczdeki g\u00fcnlerde sahaya indirilecek.<\/p>\n<p><b>1600 KW\u2019LIK TRAFO SAHAYA \u0130ND\u0130R\u0130LD\u0130<\/b><\/p>\n<p>Nizamiye binas\u0131n\u0131n \u00e7elik elemanlar\u0131 \u00e7elik at\u00f6lyesinde i\u015flenirken, k\u00fct\u00fcphane binas\u0131n\u0131n k\u0131s\u0131m temel donat\u0131 imalat\u0131 devam ediyor. \u00d6n\u00fcm\u00fczdeki g\u00fcnlerde at\u0131lacak temel betonu sonras\u0131nda su deposu hari\u00e7 betonarme imalatlar tamamlanm\u0131\u015f olacak. Bina temel hafriyatlar\u0131n\u0131n t\u00fcm\u00fcn\u00fcn tamamland\u0131\u011f\u0131 projede, 1600 kW\u2019l\u0131k trafo sahaya indirilerek OG hatt\u0131 deplasesi yap\u0131lmaya ba\u015fland\u0131.<\/p>\n<p><b>\u015eEHR\u0130N YEN\u0130 YA\u015eAM MERKEZ\u0130 OLACAK<\/b><\/p>\n<p>Yakla\u015f\u0131k 17 bin 390 m\u00b2 kapal\u0131 alana sahip olacak merkez; konservatuar, dil akademisi, k\u00fct\u00fcphane, gastronomi at\u00f6lyeleri, do\u011fal ya\u015fam m\u00fczesi, dijital yay\u0131n st\u00fcdyolar\u0131, giri\u015fimcilik ve sivil toplum merkezleri gibi bir\u00e7ok sosyal ve k\u00fclt\u00fcrel birimi b\u00fcnyesinde bar\u0131nd\u0131racak.<\/p>\n<p><b>HER YA\u015eTAN VATANDA\u015eA H\u0130ZMET EDECEK<\/b><\/p>\n<p>Proje tamamland\u0131\u011f\u0131nda 7\u2019den 70\u2019e t\u00fcm Kocaelililerin faydalanabilece\u011fi modern bir kompleks ortaya \u00e7\u0131kacak. 208 ki\u015filik \u00e7ok ama\u00e7l\u0131 salon, sinema-etkinlik salonu ve tan\u0131t\u0131m merkezi yap\u0131n\u0131n \u00f6nemli b\u00f6l\u00fcmleri aras\u0131nda yer al\u0131yor.<\/p>\n<p>Kaynak: (BYZHA) Beyaz Haber Ajans\u0131<\/p>\n","protected":false},"excerpt":{"rendered":"<p>Kocaeli\u2019yi gelece\u011fe haz\u0131rlayan ve sosyal sorumluluk bilinciyle \u00f6nemli yat\u0131r\u0131mlar\u0131 birer birer hayata ge\u00e7iren Kocaeli B\u00fcy\u00fck\u015fehir Belediyesi, 7\u2019den 70\u2019e herkesin ya\u015fam\u0131na dokunacak Sosyal Ya\u015fam Merkezi\u2019nde y\u00fcksek tempo ile \u00e7al\u0131\u015f\u0131yor.<\/p>\n","protected":false},"author":1,"featured_media":36003,"comment_status":"open","ping_status":"open","sticky":false,"template":"","format":"standard","meta":{"footnotes":""},"categories":[4],"tags":[1656,881,4527,172,569],"class_list":["post-36002","post","type-post","status-publish","format-standard","has-post-thumbnail","hentry","category-gundem","tag-bina","tag-celik","tag-imalat","tag-sosyal","tag-yasam"],"_links":{"self":[{"href":"https:\/\/bihavadis.com\/index.php\/wp-json\/wp\/v2\/posts\/36002","targetHints":{"allow":["GET"]}}],"collection":[{"href":"https:\/\/bihavadis.com\/index.php\/wp-json\/wp\/v2\/posts"}],"about":[{"href":"https:\/\/bihavadis.com\/index.php\/wp-json\/wp\/v2\/types\/post"}],"author":[{"embeddable":true,"href":"https:\/\/bihavadis.com\/index.php\/wp-json\/wp\/v2\/users\/1"}],"replies":[{"embeddable":true,"href":"https:\/\/bihavadis.com\/index.php\/wp-json\/wp\/v2\/comments?post=36002"}],"version-history":[{"count":1,"href":"https:\/\/bihavadis.com\/index.php\/wp-json\/wp\/v2\/posts\/36002\/revisions"}],"predecessor-version":[{"id":36004,"href":"https:\/\/bihavadis.com\/index.php\/wp-json\/wp\/v2\/posts\/36002\/revisions\/36004"}],"wp:featuredmedia":[{"embeddable":true,"href":"https:\/\/bihavadis.com\/index.php\/wp-json\/wp\/v2\/media\/36003"}],"wp:attachment":[{"href":"https:\/\/bihavadis.com\/index.php\/wp-json\/wp\/v2\/media?parent=36002"}],"wp:term":[{"taxonomy":"category","embeddable":true,"href":"https:\/\/bihavadis.com\/index.php\/wp-json\/wp\/v2\/categories?post=36002"},{"taxonomy":"post_tag","embeddable":true,"href":"https:\/\/bihavadis.com\/index.php\/wp-json\/wp\/v2\/tags?post=36002"}],"curies":[{"name":"wp","href":"https:\/\/api.w.org\/{rel}","templated":true}]}}