{"id":3601,"date":"2026-01-28T10:15:08","date_gmt":"2026-01-28T10:15:08","guid":{"rendered":"https:\/\/bihavadis.com\/?p=3601"},"modified":"2026-01-28T10:15:08","modified_gmt":"2026-01-28T10:15:08","slug":"yoksa-ayrilacak-icardinin-galatasaraydan-ne-istedigi-ortaya-cikti","status":"publish","type":"post","link":"https:\/\/bihavadis.com\/index.php\/2026\/01\/28\/yoksa-ayrilacak-icardinin-galatasaraydan-ne-istedigi-ortaya-cikti\/","title":{"rendered":"Yoksa ayr\u0131lacak! Icardi&#8217;nin Galatasaray&#8217;dan ne istedi\u011fi ortaya \u00e7\u0131kt\u0131"},"content":{"rendered":"<p> Galatasaray&#8217;da s\u00f6zle\u015fmesi sezon sonunda bitecek Mauro Icardi&#8217;nin gelece\u011fiyle ilgili ilk g\u00f6r\u00fc\u015fmede Arjantinli y\u0131ld\u0131z\u0131n talebi netle\u015fti.<\/p>\n<p><b>ICARDI&#8217;N\u0130N GALATASARAY&#8217;DAN \u0130STE\u011e\u0130 ORTAYA \u00c7IKTI<\/b><\/p>\n<p>Galatasaray&#8217;da Mauro Icardi&#8217;nin tak\u0131mda kal\u0131p kalmayaca\u011f\u0131na dair belirsizlik s\u00fcrerken, \u00f6nemli bir temas ger\u00e7ekle\u015fti. Arjantinli golc\u00fcn\u00fcn menajeri Elio Pino, Galatasaray Kul\u00fcb\u00fc Ba\u015fkan\u0131 Dursun \u00d6zbek ile bir araya geldi.<\/p>\n<p><b>\u0130LK G\u00d6R\u00dc\u015eMEN\u0130N DETAYLARI<\/b><\/p>\n<p>Sabah&#8217;ta yer alan habere g\u00f6re yap\u0131lan ilk g\u00f6r\u00fc\u015fmede Dursun \u00d6zbek, Icardi&#8217;yi \u00e7ok sevdiklerini ve sar\u0131-k\u0131rm\u0131z\u0131l\u0131 kul\u00fcpte yoluna devam etmelerini istediklerini dile getirdi. Elio Pino ise Mauro Icardi&#8217;nin beklentisini net \u015fekilde aktard\u0131.<\/p>\n<p><b>&#8220;DAHA FAZLA S\u00dcRE ALMAK \u0130ST\u0130YOR&#8221;<\/b><\/p>\n<p>Menajer Pino&#8217;nun, &#8220;Icardi&#8217;nin bir s\u0131k\u0131nt\u0131s\u0131 var; o da az s\u00fcre almak. B\u00f6yle bir duruma al\u0131\u015fk\u0131n de\u011fil, kafas\u0131na tak\u0131yor. Daha \u00e7ok oynay\u0131p Galatasaray&#8217;a daha fazla hizmet etmek istiyor&#8221; ifadelerini kulland\u0131\u011f\u0131 \u00f6\u011frenildi. Arjantinli y\u0131ld\u0131z\u0131n \u00f6nceli\u011finin forma s\u00fcresi oldu\u011fu vurguland\u0131.<\/p>\n<p><b>PARA KONU\u015eULMADI<\/b><\/p>\n<p>Yap\u0131lan g\u00f6r\u00fc\u015fmede maa\u015f ve s\u00f6zle\u015fme s\u00fcresiyle ilgili herhangi bir pazarl\u0131k yap\u0131lmad\u0131\u011f\u0131 belirtildi. Taraflar\u0131n birbirini dinledi\u011fi bu ilk temas\u0131n olumlu ge\u00e7ti\u011fi ve ilerleyen s\u00fcre\u00e7te s\u00f6zle\u015fme uzatma g\u00f6r\u00fc\u015fmelerinin devam edece\u011fi ifade edildi.<\/p>\n<p><b>SEZON PERFORMANSI<\/b><\/p>\n<p>Gelecek ay 33 ya\u015f\u0131na girecek olan Mauro Icardi, bu sezon t\u00fcm kulvarlarda 28 ma\u00e7ta 1360 dakika s\u00fcre ald\u0131. Arjantinli golc\u00fc bu kar\u015f\u0131la\u015fmalarda 10 gol ve 2 asistlik katk\u0131 sa\u011flad\u0131.<\/p>\n","protected":false},"excerpt":{"rendered":"<p>Galatasaray&#8217;da s\u00f6zle\u015fmesi sezon sonunda bitecek Mauro Icardi&#8217;nin ilk talebinin daha fazla s\u00fcre almak oldu\u011fu ortaya \u00e7\u0131karken, taraflar aras\u0131nda yap\u0131lan ilk g\u00f6r\u00fc\u015fmenin olumlu ge\u00e7ti\u011fi ve s\u00f6zle\u015fme uzatma ihtimalinin g\u00fc\u00e7lendi\u011fi belirtildi.<\/p>\n","protected":false},"author":1,"featured_media":3602,"comment_status":"open","ping_status":"open","sticky":false,"template":"","format":"standard","meta":{"footnotes":""},"categories":[1],"tags":[496,544],"class_list":["post-3601","post","type-post","status-publish","format-standard","has-post-thumbnail","hentry","category-uncategorized","tag-galatasaray","tag-sure"],"_links":{"self":[{"href":"https:\/\/bihavadis.com\/index.php\/wp-json\/wp\/v2\/posts\/3601","targetHints":{"allow":["GET"]}}],"collection":[{"href":"https:\/\/bihavadis.com\/index.php\/wp-json\/wp\/v2\/posts"}],"about":[{"href":"https:\/\/bihavadis.com\/index.php\/wp-json\/wp\/v2\/types\/post"}],"author":[{"embeddable":true,"href":"https:\/\/bihavadis.com\/index.php\/wp-json\/wp\/v2\/users\/1"}],"replies":[{"embeddable":true,"href":"https:\/\/bihavadis.com\/index.php\/wp-json\/wp\/v2\/comments?post=3601"}],"version-history":[{"count":1,"href":"https:\/\/bihavadis.com\/index.php\/wp-json\/wp\/v2\/posts\/3601\/revisions"}],"predecessor-version":[{"id":3603,"href":"https:\/\/bihavadis.com\/index.php\/wp-json\/wp\/v2\/posts\/3601\/revisions\/3603"}],"wp:featuredmedia":[{"embeddable":true,"href":"https:\/\/bihavadis.com\/index.php\/wp-json\/wp\/v2\/media\/3602"}],"wp:attachment":[{"href":"https:\/\/bihavadis.com\/index.php\/wp-json\/wp\/v2\/media?parent=3601"}],"wp:term":[{"taxonomy":"category","embeddable":true,"href":"https:\/\/bihavadis.com\/index.php\/wp-json\/wp\/v2\/categories?post=3601"},{"taxonomy":"post_tag","embeddable":true,"href":"https:\/\/bihavadis.com\/index.php\/wp-json\/wp\/v2\/tags?post=3601"}],"curies":[{"name":"wp","href":"https:\/\/api.w.org\/{rel}","templated":true}]}}