{"id":36088,"date":"2026-02-18T01:12:08","date_gmt":"2026-02-18T01:12:08","guid":{"rendered":"https:\/\/bihavadis.com\/?p=36088"},"modified":"2026-02-18T01:12:08","modified_gmt":"2026-02-18T01:12:08","slug":"oktay-derelioglu-kante-vasatin-altindaydi","status":"publish","type":"post","link":"https:\/\/bihavadis.com\/index.php\/2026\/02\/18\/oktay-derelioglu-kante-vasatin-altindaydi\/","title":{"rendered":"Oktay Derelio\u011flu: Kante vasat\u0131n alt\u0131ndayd\u0131"},"content":{"rendered":"<p><img decoding=\"async\" src=\"https:\/\/bihavadis.com\/wp-content\/uploads\/2026\/02\/oktay-derelioglu-kante-vasatin-altindaydi-0-IYX6ERJ1.jpg\"\/><\/p>\n<p>Efsane golc\u00fc Oktay Derelio\u011flu, futbol kamuoyunu sarsacak d\u00fc\u015f\u00fcnc\u00fcleriyle ESH Spor ekranlar\u0131nda izleyiciyle bulu\u015fmaya devam ediyor.<\/p>\n<p>4 b\u00fcy\u00fckler hakk\u0131nda ses getiren yorumlar yapan Derelio\u011flu, bu hafta da dikkat \u00e7eken a\u00e7\u0131klamalarla kamera kar\u015f\u0131s\u0131ndayd\u0131.<\/p>\n<p>ESH Spor muhabiri Hazal Palavar moderat\u00f6rl\u00fc\u011f\u00fcnde g\u00fcndemi de\u011ferlendiren Derelio\u011flu, \u00e7arp\u0131c\u0131 tespitlere imza att\u0131.<\/p>\n<p><strong>&#8220;ERS\u0130N DESTANO\u011eLU&#8217;NU OYNATMAYACAKSIN&#8221;<\/strong><\/p>\n<p>Ersin Destano\u011flu&#8217;nun Alanyaspor ile 2-2 berabere kal\u0131nan S\u00fcper Lig ma\u00e7\u0131nda formsuz bir g\u00f6r\u00fcnt\u00fc \u00e7izmesi ve taraftarlar taraf\u0131ndan \u0131sl\u0131klanmas\u0131 hakk\u0131nda Derelio\u011flu, \u015funlar\u0131 dedi:<\/p>\n<p>Bu resmen yang\u0131na k\u00f6r\u00fckle gitmek olur veya ortaya atmak gibi bir \u015feydir. Oynatmayacaks\u0131n. \u00c7ok bariz Ersin&#8217;e ben de anlam\u0131yorum. Anlams\u0131z bir \u015fekilde. \u00c7ocuk elinden geleni yapmaya \u00e7al\u0131\u015f\u0131yor. Yani iyi niyetli pozitif olmaya \u00e7al\u0131\u015f\u0131yor izledi\u011fim kadar\u0131yla. \u0130yi kaleci k\u00f6t\u00fc kaleci tart\u0131\u015f\u0131rs\u0131n. Tamam m\u0131? Bana g\u00f6re de k\u00f6t\u00fc kaleci de\u011fil. Ama Be\u015fikta\u015f&#8217;\u0131n \u015fu anda kalecisi pozisyonda de\u011fil. Olabilir form grafi\u011fi ile alakal\u0131d\u0131r. \u00c7\u00fcnk\u00fc \u00e7ok uzun zaman oynamad\u0131 zaten Ersin. Mert geldikten sonra devaml\u0131 Mert oynad\u0131. Ersin&#8217;e 3 haftad\u0131r inan\u0131lmaz bir tepki var. Top aya\u011f\u0131na geldi\u011finde tuttu\u011funda ne yapsa \u00e7ocu\u011fa inan\u0131lmaz bir tepki var. Sadece Ersin&#8217;e oynatma.<\/p>\n<p><strong>&#8220;BE\u015e\u0130KTA\u015e&#8217;TA TAKIM B\u00dcT\u00dcNL\u00dc\u011e\u00dc YOK&#8221;<\/strong><\/p>\n<p>Be\u015fikta\u015f&#8217;ta tak\u0131m b\u00fct\u00fcnl\u00fc\u011f\u00fc olmad\u0131\u011f\u0131n\u0131 s\u00f6yleyen ve Sergen Yal\u00e7\u0131n hakk\u0131nda tespitlerde bulunan Derelio\u011flu, \u015funlar\u0131 dedi:<\/p>\n<p>Sen o egonu art\u0131k b\u0131rakacaks\u0131n bir kenara. Senin futbolculu\u011fun falan bitmi\u015f arkada\u015f. Sen futbolculu\u011fu falan unutacaks\u0131n. Alzheimer olacaks\u0131n orada. Onu bir kenara atacaks\u0131n. Sen normal bir futbol akl\u0131, futbol beyni olarak onlara \u015fefkat, sayg\u0131 ve g\u00fczel bir ortam haz\u0131rlayacaks\u0131n. Ben yap\u0131p yapmad\u0131\u011f\u0131yla ilgili net bir \u015fey s\u00f6ylemiyorum. Ama ben g\u00f6rd\u00fc\u011f\u00fcm, d\u0131\u015far\u0131dan okudu\u011fum Be\u015fikta\u015f&#8217;ta b\u00f6yle bir ortam yok diyebilirim.<\/p>\n<p><img decoding=\"async\" src=\"https:\/\/bihavadis.com\/wp-content\/uploads\/2026\/02\/oktay-derelioglu-kante-vasatin-altindaydi-1-9pS1u7Gu.jpg\"\/><\/p>\n<p><strong>&#8220;OH \u00c7OK \u0130Y\u0130 B\u0130R YARDIMCI ERKEK OYUNCU&#8221;<\/strong><\/p>\n<p>Be\u015fikta\u015f&#8217;\u0131n yeni transferi Hyeongyu Oh ile ilgili de\u011ferlendirmede bulunan Oktay Derelio\u011flu, \u015fu ifadeleri kulland\u0131:<\/p>\n<p>Oh bir kere yard\u0131mc\u0131 erkek oyuncu. Bak net sana s\u00f6yleyeyim. Yard\u0131mc\u0131 erkek oyuncu olur. Hi\u00e7bir s\u0131k\u0131nt\u0131 olmaz onda. \u00c7ok m\u00fccadele ediyor, istiyor. Asyal\u0131lar hep sayg\u0131l\u0131 insanlar. Yani \u00e7ok \u00e7al\u0131\u015fkanlar. Onuachu, Osimhen, Icardi, Shomurodov de\u011fil. Oh bu de\u011fil ama \u00e7ok iyi bir yard\u0131mc\u0131 erkek oyuncu.<\/p>\n<p><strong>&#8220;GALATASARAY&#8217;I TUTAMAZSINIZ&#8221;<\/strong><\/p>\n<p>Galatasaray&#8217;\u0131n forma girdi\u011fi takdirde kimsenin durduramayaca\u011f\u0131n\u0131 belirten Derelio\u011flu, \u015fu s\u00f6zleri sarf etti:<\/p>\n<p>\u015eimdi Lang, Nhaga ve Aspirilla transferi hocan\u0131n elini g\u00fc\u00e7lendirdi. K\u00f6t\u00fc oynayan Galatasaray bu durumda 3 puan \u00f6nde. \u015eampiyonlar Ligi&#8217;ne kalm\u0131\u015f. Bu tak\u0131m form tutarsa tutamazs\u0131n\u0131z. Form daha yakalayamad\u0131. Sene sonuna do\u011fru yakalayan bir Galatasaray oluyor hep. Yani mart-nisan gibi yakalarsa Galatasaray bu r\u00fczgarla Ligi bitirir zaten.<\/p>\n<p><strong>&#8220;\u0130LKAY&#8217;I \u0130ZLERKEN G\u00d6Z\u00dcM ACIYOR&#8221;<\/strong><\/p>\n<p>\u0130lkay G\u00fcndo\u011fan&#8217;\u0131n performans\u0131n\u0131 ele\u015ftiren Oktay Derelio\u011flu, \u015fu a\u00e7\u0131klamay\u0131 yapt\u0131:<\/p>\n<p>\u015eimdi \u0130lkay&#8217;\u0131n form tutmad\u0131\u011f\u0131 bir durum var. Yani \u0130lkay bu de\u011fil. Ba\u015fka \u0130lkay gelmi\u015f. Net s\u00f6yleyeyim yani \u0130lkay&#8217;\u0131 izlerken g\u00f6zlerim ac\u0131yor. \u015eimdi \u0130lkay \u015fu anda yok gibi \u015fey. \u0130lkay&#8217;\u0131 izlerken g\u00f6zlerimin pas\u0131 silinirdi. \u015eu anda, bat\u0131k transfer \u0130lkay.<\/p>\n<p><strong>&#8220;MUSABA UEFA L\u0130STES\u0130NDE NASIL OLMAZ YA?&#8221;<\/strong><\/p>\n<p>Anthony Musaba&#8217;n\u0131n UEFA listesine yaz\u0131lmamas\u0131n\u0131 ele\u015ftiren Oktay Derelio\u011flu, \u015f\u00f6yle konu\u015ftu:<\/p>\n<p>UEFA&#8217;da Musaba&#8217;y\u0131 yazmad\u0131 Tedesco. Benim i\u00e7in Tedesco&#8217;nun kadro planlamas\u0131ndaki g\u00f6r\u00fc\u015f\u00fc ge\u00e7ersiz not. Musaba, UEFA listesinde nas\u0131l olmaz ya? \u015eu anda Musaba senin kanat organizasyondaki en formda adam\u0131n. Musaba&#8217;y\u0131 yazar\u0131m sonra gerilerini yazar\u0131m.<\/p>\n<p><strong>&#8220;BENCE H\u0130KAYE PENALTI&#8221;<\/strong><\/p>\n<p>Fenerbah\u00e7e&#8217;nin Gen\u00e7lerbirli\u011fi&#8217;ni 3-1 yendi\u011fi S\u00fcper Lig ma\u00e7\u0131nda sar\u0131-lacivertliler lehine verilen penalt\u0131n\u0131n yanl\u0131\u015f oldu\u011funu s\u00f6yleyen Derelio\u011flu, \u015fu s\u00f6zleri sarf etti:<\/p>\n<p>Bence hikaye penalt\u0131. Yani bu penalt\u0131lar verilmiyor. Premier Lig&#8217;i, La Liga&#8217;y\u0131 izleyin ya. Biraz izleyin. Lang\u0131rt gibi oluyor orada top. Bunu ayr\u0131 bir pozisyon olarak de\u011ferlendiremezsin. Mesela Koita&#8217;n\u0131n pozisyonu, Oosterwolde&#8217;nin \u00e7ekti\u011fi pozisyon ondan daha net o zaman penalt\u0131. Bana g\u00f6re ikisi de de\u011fil de. Fenerbah\u00e7e, Galatasaray, Be\u015fikta\u015f, Trabzon gibi camialar\u0131n hakem deste\u011fine ihtiyac\u0131 yok arkada\u015flar. Ben buna \u00fcz\u00fcl\u00fcyorum. Nerede bu adalet? Nerede bu adil ortam?<\/p>\n<p><strong>&#8220;KANTE VASATIN ALTINDAYDI&#8221;<\/strong><\/p>\n<p>N&#8217;Golo Kante&#8217;nin ilk ma\u00e7 performans\u0131n\u0131 de\u011ferlendiren Derelio\u011flu, \u015fu yorumu yapt\u0131:<\/p>\n<p>Vasat\u0131n alt\u0131ndayd\u0131. \u0130smail&#8217;de oynasayd\u0131 o kadar oynayacakt\u0131. Fred oynasayd\u0131 o kadar oynayacakt\u0131. Kante, \u015fimdi eski Fransa Milli Tak\u0131m\u0131&#8217;ndaki, Chelsea&#8217;deki g\u00f6rd\u00fc\u011f\u00fcn Kante de\u011fil. Suudi Arabistan ligi zaten zay\u0131f bir lig yani. Bizim ligimiz daha g\u00fc\u00e7l\u00fc. Daha agresif bir lig, daha sert bir lig yani. Benim Kante&#8217;ye hi\u00e7bir laf\u0131m yok zaten. Bu kadar maa\u015f, bu kadar rakamlar, elin bir de zaten orada \u015fi\u015f, orada Guendouzi alm\u0131\u015fs\u0131n. Zaten elinde \u0130smail var, Fred var, Alvarez var.<\/p>\n<p><img decoding=\"async\" src=\"https:\/\/bihavadis.com\/wp-content\/uploads\/2026\/02\/oktay-derelioglu-kante-vasatin-altindaydi-2-OpgP7lWt.jpg\"\/><\/p>\n","protected":false},"excerpt":{"rendered":"<p>ESH Spor ekranlar\u0131nda futbolun g\u00fcndemini yorumlayan Oktay Derelio\u011flu, Be\u015fikta\u015f&#8217;ta tak\u0131m b\u00fct\u00fcnl\u00fc\u011f\u00fc olmad\u0131\u011f\u0131n\u0131 ifade etti. Derelio\u011flu, Galatasaray&#8217;\u0131n daha form tutmad\u0131\u011f\u0131n\u0131 ifade ederken, Fenerbah\u00e7e&#8217;nin yeni transferi N&#8217;Golo Kante&#8217;yi de\u011ferlendirdi.<\/p>\n","protected":false},"author":1,"featured_media":36089,"comment_status":"open","ping_status":"open","sticky":false,"template":"","format":"standard","meta":{"footnotes":""},"categories":[14],"tags":[5203,496,2939,597,3880],"class_list":["post-36088","post","type-post","status-publish","format-standard","has-post-thumbnail","hentry","category-spor","tag-form","tag-galatasaray","tag-ilkay","tag-lig","tag-zaten"],"_links":{"self":[{"href":"https:\/\/bihavadis.com\/index.php\/wp-json\/wp\/v2\/posts\/36088","targetHints":{"allow":["GET"]}}],"collection":[{"href":"https:\/\/bihavadis.com\/index.php\/wp-json\/wp\/v2\/posts"}],"about":[{"href":"https:\/\/bihavadis.com\/index.php\/wp-json\/wp\/v2\/types\/post"}],"author":[{"embeddable":true,"href":"https:\/\/bihavadis.com\/index.php\/wp-json\/wp\/v2\/users\/1"}],"replies":[{"embeddable":true,"href":"https:\/\/bihavadis.com\/index.php\/wp-json\/wp\/v2\/comments?post=36088"}],"version-history":[{"count":1,"href":"https:\/\/bihavadis.com\/index.php\/wp-json\/wp\/v2\/posts\/36088\/revisions"}],"predecessor-version":[{"id":36093,"href":"https:\/\/bihavadis.com\/index.php\/wp-json\/wp\/v2\/posts\/36088\/revisions\/36093"}],"wp:featuredmedia":[{"embeddable":true,"href":"https:\/\/bihavadis.com\/index.php\/wp-json\/wp\/v2\/media\/36089"}],"wp:attachment":[{"href":"https:\/\/bihavadis.com\/index.php\/wp-json\/wp\/v2\/media?parent=36088"}],"wp:term":[{"taxonomy":"category","embeddable":true,"href":"https:\/\/bihavadis.com\/index.php\/wp-json\/wp\/v2\/categories?post=36088"},{"taxonomy":"post_tag","embeddable":true,"href":"https:\/\/bihavadis.com\/index.php\/wp-json\/wp\/v2\/tags?post=36088"}],"curies":[{"name":"wp","href":"https:\/\/api.w.org\/{rel}","templated":true}]}}