{"id":36147,"date":"2026-02-18T02:00:12","date_gmt":"2026-02-18T02:00:12","guid":{"rendered":"https:\/\/bihavadis.com\/?p=36147"},"modified":"2026-02-18T02:00:12","modified_gmt":"2026-02-18T02:00:12","slug":"uc-kardes-palayla-olduruldu","status":"publish","type":"post","link":"https:\/\/bihavadis.com\/index.php\/2026\/02\/18\/uc-kardes-palayla-olduruldu\/","title":{"rendered":"\u00dc\u00e7 Karde\u015f Palayla \u00d6ld\u00fcr\u00fcld\u00fc"},"content":{"rendered":"<p> G\u00fcney Afrika&#8217;n\u0131n KwaZulu-Natal eyaletinde, anneleri i\u015fte olan 7, 9 ve 15 ya\u015flar\u0131ndaki \u00fc\u00e7 karde\u015f evde palayla \u00f6ld\u00fcr\u00fcld\u00fc. Olayla ilgili bir zanl\u0131 g\u00f6zalt\u0131na al\u0131nd\u0131 ve tutukland\u0131.<\/p>\n<p><b>3 KARDE\u015e PALAYLA \u00d6LD\u00dcR\u00dcLD\u00dc<\/b><\/p>\n<p>KwaZulu-Natal Polis Departman\u0131 S\u00f6zc\u00fcs\u00fc Robert Netshiunda, yapt\u0131\u011f\u0131 a\u00e7\u0131klamada, eManguzi b\u00f6lgesine ba\u011fl\u0131 Lulwane k\u00f6y\u00fcnde, d\u00fcn sabah saatlerinde meydana gelen olayda, annelerinin i\u015fte oldu\u011fu s\u0131rada palal\u0131 sald\u0131r\u0131ya u\u011frayan \u00fc\u00e7 karde\u015fin ya\u015fam\u0131n\u0131 yitirdi\u011fini belirtti.<\/p>\n<p><b>1 K\u0130\u015e\u0130 TUTUKLANDI<\/b><\/p>\n<p>Netshiuanda, olaya ili\u015fkin ba\u015flat\u0131lan geni\u015f \u00e7apl\u0131 soru\u015fturma kapsam\u0131nda 35 ya\u015f\u0131ndaki erkek zanl\u0131n\u0131n g\u00f6zalt\u0131na al\u0131nd\u0131\u011f\u0131n\u0131 ifade etti. Ulusal bas\u0131nda yer alan haberlere g\u00f6re, eManguzi Sulh Ceza Mahkemesi&#8217;nde hakim kar\u015f\u0131s\u0131na \u00e7\u0131kar\u0131lan katil zanl\u0131s\u0131 tutuklanarak cezaevine g\u00f6nderildi.<\/p>\n<p>Mahkeme binas\u0131 \u00e7evresinde toplanan b\u00f6lge sakinleri ve sivil toplum kurulu\u015fu temsilcileri, \u015f\u00fcpheliye en a\u011f\u0131r cezan\u0131n verilmesi talebiyle g\u00f6steri d\u00fczenledi.<\/p>\n","protected":false},"excerpt":{"rendered":"<p>G\u00fcney Afrika&#8217;da, anneleri i\u015fteyken evde palal\u0131 sald\u0131r\u0131ya u\u011frayan \u00fc\u00e7 karde\u015f hayat\u0131n\u0131 kaybetti.<\/p>\n","protected":false},"author":1,"featured_media":36148,"comment_status":"open","ping_status":"open","sticky":false,"template":"","format":"standard","meta":{"footnotes":""},"categories":[6],"tags":[],"class_list":["post-36147","post","type-post","status-publish","format-standard","has-post-thumbnail","hentry","category-dunya"],"_links":{"self":[{"href":"https:\/\/bihavadis.com\/index.php\/wp-json\/wp\/v2\/posts\/36147","targetHints":{"allow":["GET"]}}],"collection":[{"href":"https:\/\/bihavadis.com\/index.php\/wp-json\/wp\/v2\/posts"}],"about":[{"href":"https:\/\/bihavadis.com\/index.php\/wp-json\/wp\/v2\/types\/post"}],"author":[{"embeddable":true,"href":"https:\/\/bihavadis.com\/index.php\/wp-json\/wp\/v2\/users\/1"}],"replies":[{"embeddable":true,"href":"https:\/\/bihavadis.com\/index.php\/wp-json\/wp\/v2\/comments?post=36147"}],"version-history":[{"count":1,"href":"https:\/\/bihavadis.com\/index.php\/wp-json\/wp\/v2\/posts\/36147\/revisions"}],"predecessor-version":[{"id":36149,"href":"https:\/\/bihavadis.com\/index.php\/wp-json\/wp\/v2\/posts\/36147\/revisions\/36149"}],"wp:featuredmedia":[{"embeddable":true,"href":"https:\/\/bihavadis.com\/index.php\/wp-json\/wp\/v2\/media\/36148"}],"wp:attachment":[{"href":"https:\/\/bihavadis.com\/index.php\/wp-json\/wp\/v2\/media?parent=36147"}],"wp:term":[{"taxonomy":"category","embeddable":true,"href":"https:\/\/bihavadis.com\/index.php\/wp-json\/wp\/v2\/categories?post=36147"},{"taxonomy":"post_tag","embeddable":true,"href":"https:\/\/bihavadis.com\/index.php\/wp-json\/wp\/v2\/tags?post=36147"}],"curies":[{"name":"wp","href":"https:\/\/api.w.org\/{rel}","templated":true}]}}